{"id":183826,"date":"2019-07-18T19:01:44","date_gmt":"2019-07-18T16:01:44","guid":{"rendered":"http:\/\/www.tvturk.com\/index.php\/erbil-sehidi-osman-kose-son-yolculuguna-ugurlandi\/"},"modified":"2019-07-18T19:01:44","modified_gmt":"2019-07-18T16:01:44","slug":"erbil-sehidi-osman-kose-son-yolculuguna-ugurlandi","status":"publish","type":"post","link":"http:\/\/www.tvturk.com\/index.php\/erbil-sehidi-osman-kose-son-yolculuguna-ugurlandi\/","title":{"rendered":"Erbil \u015fehidi Osman K\u00f6se son yolculu\u011funa u\u011furland\u0131"},"content":{"rendered":"<p>Irak\u2019ta Ba\u015fkonsolosluk personeli olarak bulundu\u011fu Erbil\u2019de bir restoranda yemek yedi\u011fi s\u0131rada u\u011frad\u0131\u011f\u0131 silahl\u0131 sald\u0131r\u0131da \u015fehit olan Osman K\u00f6se son yolculu\u011funa u\u011furland\u0131.<\/p>\n<p>\u015eehit Osman K\u00f6se (39) i\u00e7in Ahmet Hamdi Akseki Camisi\u2019nde t\u00f6ren d\u00fczenlendi. Cami avlusuna getirilen tabutun ba\u015f\u0131nda polisler n\u00f6bet tuttu. \u015eehit ailesi ve yak\u0131nlar\u0131 cami avlusunda taziyeleri kabul etti. \u015eehidin ailesi, taziyeleri kabul ederken g\u00f6zya\u015flar\u0131na hakim olamad\u0131.<\/p>\n<p>\u0130kindi namaz\u0131na m\u00fcteakip k\u0131l\u0131nan cenaze namaz\u0131 sonras\u0131 \u015fehidin cenazesi, polislerin omuzlar\u0131nda cenaze arabas\u0131na al\u0131nd\u0131. \u015eehit K\u00f6se\u2019nin naa\u015f\u0131, defnedilmek \u00fczere Kar\u015f\u0131yaka Mezarl\u0131\u011f\u0131 \u015eehitli\u011fine g\u00f6t\u00fcr\u00fcld\u00fc.<\/p>\n<p>T\u00f6rene \u015fehidin ailesi ve yak\u0131nlar\u0131n\u0131n yan\u0131 s\u0131ra Milli Savunma Bakan\u0131 Hulusi Akar, \u0130\u00e7i\u015fleri Bakan\u0131 S\u00fcleyman Soylu, CHP Genel Ba\u015fkan\u0131 Kemal K\u0131l\u0131\u00e7daro\u011flu, Milli \u0130stihbarat Ba\u015fkan\u0131 Hakan Fidan, Genelkurmay Ba\u015fkan\u0131 Orgeneral Ya\u015far G\u00fcler, kuvvet komutanlar\u0131, BBP Genel Ba\u015fkan\u0131 Mustafa Destici, Ankara Valisi Vasip \u015eahin, baz\u0131 siyasi parti temsilcileri, milletvekilleri ve \u00e7ok say\u0131da vatanda\u015f kat\u0131ld\u0131.<\/p>\n<p>\u00d6te yandan, D\u0131\u015fi\u015fleri Bakan\u0131 Mevl\u00fct \u00c7avu\u015fo\u011flu, Milli Savunma Bakan\u0131 Hulusi Akar, Milli \u0130stihbarat Ba\u015fkan\u0131 Hakan Fidan ve Adalet Bakan\u0131 Abdulhamit G\u00fcl\u2019\u00fcn t\u00f6ren sonras\u0131nda k\u0131sa bir g\u00f6r\u00fc\u015fme yapt\u0131\u011f\u0131 g\u00f6r\u00fcld\u00fc.<\/p>\n","protected":false},"excerpt":{"rendered":"<p>IRAK&#8217;TA BA\u015eKONSOLOSLUK PERSONEL\u0130 OLARAK BULUNDU\u011eU ERB\u0130L&#8217;DE B\u0130R RESTORANDA YEMEK YED\u0130\u011e\u0130 SIRADA U\u011eRADI\u011eI S\u0130LAHLI SALDIRIDA \u015eEH\u0130T OLAN OSMAN K\u00d6SE SON YOLCULU\u011eUNA U\u011eURLANDI.<\/p>\n","protected":false},"author":1,"featured_media":183827,"comment_status":"closed","ping_status":"open","sticky":false,"template":"","format":"standard","meta":{"jetpack_post_was_ever_published":false,"_jetpack_newsletter_access":"","_jetpack_dont_email_post_to_subs":false,"_jetpack_newsletter_tier_id":0,"_jetpack_memberships_contains_paywalled_content":false,"_jetpack_memberships_contains_paid_content":false,"footnotes":"","jetpack_publicize_message":"","jetpack_publicize_feature_enabled":true,"jetpack_social_post_already_shared":true,"jetpack_social_options":{"image_generator_settings":{"template":"highway","default_image_id":0,"font":"","enabled":false},"version":2}},"categories":[1],"tags":[23824,18960,3356,5327,1240,2516,2515],"class_list":["post-183826","post","type-post","status-publish","format-standard","has-post-thumbnail","hentry","category-genel","tag-erbil","tag-kose","tag-osman","tag-sehidi","tag-son","tag-ugurlandi","tag-yolculuguna"],"jetpack_publicize_connections":[],"jetpack_featured_media_url":"https:\/\/i0.wp.com\/www.tvturk.com\/wp-content\/uploads\/2019\/07\/erbil-sehidi-osman-kose-son-yolculuguna-ugurlandi_f65e0b2.jpg?fit=1000%2C666","jetpack_sharing_enabled":true,"jetpack_shortlink":"https:\/\/wp.me\/paKIfm-LOW","_links":{"self":[{"href":"http:\/\/www.tvturk.com\/index.php\/wp-json\/wp\/v2\/posts\/183826","targetHints":{"allow":["GET"]}}],"collection":[{"href":"http:\/\/www.tvturk.com\/index.php\/wp-json\/wp\/v2\/posts"}],"about":[{"href":"http:\/\/www.tvturk.com\/index.php\/wp-json\/wp\/v2\/types\/post"}],"author":[{"embeddable":true,"href":"http:\/\/www.tvturk.com\/index.php\/wp-json\/wp\/v2\/users\/1"}],"replies":[{"embeddable":true,"href":"http:\/\/www.tvturk.com\/index.php\/wp-json\/wp\/v2\/comments?post=183826"}],"version-history":[{"count":0,"href":"http:\/\/www.tvturk.com\/index.php\/wp-json\/wp\/v2\/posts\/183826\/revisions"}],"wp:featuredmedia":[{"embeddable":true,"href":"http:\/\/www.tvturk.com\/index.php\/wp-json\/wp\/v2\/media\/183827"}],"wp:attachment":[{"href":"http:\/\/www.tvturk.com\/index.php\/wp-json\/wp\/v2\/media?parent=183826"}],"wp:term":[{"taxonomy":"category","embeddable":true,"href":"http:\/\/www.tvturk.com\/index.php\/wp-json\/wp\/v2\/categories?post=183826"},{"taxonomy":"post_tag","embeddable":true,"href":"http:\/\/www.tvturk.com\/index.php\/wp-json\/wp\/v2\/tags?post=183826"}],"curies":[{"name":"wp","href":"https:\/\/api.w.org\/{rel}","templated":true}]}}