{"id":183866,"date":"2019-07-19T02:01:22","date_gmt":"2019-07-18T23:01:22","guid":{"rendered":"http:\/\/www.tvturk.com\/index.php\/jean-claude-van-damme-bodrumdan-vaz-gecemiyor\/"},"modified":"2019-07-19T02:01:22","modified_gmt":"2019-07-18T23:01:22","slug":"jean-claude-van-damme-bodrumdan-vaz-gecemiyor","status":"publish","type":"post","link":"http:\/\/www.tvturk.com\/index.php\/jean-claude-van-damme-bodrumdan-vaz-gecemiyor\/","title":{"rendered":"Jean Claude Van Damme Bodrum\u2019dan vaz ge\u00e7emiyor"},"content":{"rendered":"<p>T\u00fcrsab taraf\u0131ndan yap\u0131lan evrak uygulamas\u0131nda vip arac\u0131n i\u00e7erisinde Jean Claude Van Damme \u00e7\u0131k\u0131nca herkes \u015fok oldu. D\u00fcnyaca \u00fcnl\u00fc akt\u00f6r Jean Claude Van Damme, Bodrum\u2019dan vazge\u00e7emedi\u011fini yetkililerle payla\u015ft\u0131.<\/p>\n<p>Jean Claude Van Damme  ak\u015fam saatlerinde \u00f6zel jeti ile Bodrum &#8211; Milas havaliman\u0131na ini\u015f yapt\u0131. Jean Claude Van Damme\u2019\u0131 alan vip ara\u00e7 \u00fcnl\u00fc akt\u00f6r\u00fc oteline g\u00f6t\u00fcrmek i\u00e7in yola \u00e7\u0131kt\u0131. Tam o esnada Polis ekipleriyle beraber T\u00dcRSAB yetkilileri vip ara\u00e7lar\u0131n yetki belgelerini inceleme uygulama yap\u0131yordu. Jean Claude Van Damme\u2019\u0131 ta\u015f\u0131yan ara\u00e7ta uygulamaya tak\u0131ld\u0131. Ara\u00e7 belgelerini inceleyen T\u00dcRSAB yetkilileri ara\u00e7 i\u00e7erisinden Jean Claude Van Damme \u00e7\u0131k\u0131nca bir anda \u015fok oldular. Bir s\u00fcre yetkililerle sohbet eden \u00fcnl\u00fc akt\u00f6r daha sonra uygulamaya kat\u0131lan yetkililerle bol bol foto\u011fraf \u00e7ektirip espriler yapt\u0131. Olduk\u00e7a m\u00fctevazi olan d\u00fcnyaca \u00fcnl\u00fc akt\u00f6r 3 ay \u00f6ncede Bodrum\u2019a geldi\u011fini ve il\u00e7eye hayran kald\u0131\u011f\u0131n\u0131 yetkililerle payla\u015ft\u0131. Kalaca\u011f\u0131 otele giden Jean Claude Van Damme\u2019\u0131n hem tatil i\u00e7in, hem de Bodrum\u2019dan l\u00fcks bir yat alamaya geldi\u011fi \u00f6\u011frenildi.<\/p>\n<p>Jean Claude Van Damme Nisan ay\u0131nda da Bodrum\u2019a gelmi\u015f 1 hafta tatil yapt\u0131ktan sonra reklam \u00e7ekimleri i\u00e7in ba\u015fka bir \u00fclkeye ge\u00e7mi\u015fti. Jean Claude Van Damme daha \u00f6nce geldi\u011finde Bodrum\u2019u fazla gezme f\u0131rsat\u0131 bulamam\u0131\u015ft\u0131. Bu sefer Bodrum\u2019u kar\u0131\u015f kar\u0131\u015f gezece\u011fi \u00f6\u011frenildi.<\/p>\n","protected":false},"excerpt":{"rendered":"<p>T\u00dcRSAB TARAFINDAN YAPILAN EVRAK UYGULAMASINDA V\u0130P ARACIN \u0130\u00c7ER\u0130S\u0130NDE JEAN CLAUDE VAN DAMME \u00c7IKINCA HERKES \u015eOK OLDU. D\u00dcNYACA \u00dcNL\u00dc AKT\u00d6R JEAN CLAUDE VAN DAMME, BODRUM\u2019DAN VAZGE\u00c7EMED\u0130\u011e\u0130N\u0130 YETK\u0130L\u0130LERLE PAYLA\u015eTI<\/p>\n","protected":false},"author":1,"featured_media":183867,"comment_status":"closed","ping_status":"open","sticky":false,"template":"","format":"standard","meta":{"jetpack_post_was_ever_published":false,"_jetpack_newsletter_access":"","_jetpack_dont_email_post_to_subs":false,"_jetpack_newsletter_tier_id":0,"_jetpack_memberships_contains_paywalled_content":false,"_jetpack_memberships_contains_paid_content":false,"footnotes":"","jetpack_publicize_message":"","jetpack_publicize_feature_enabled":true,"jetpack_social_post_already_shared":true,"jetpack_social_options":{"image_generator_settings":{"template":"highway","default_image_id":0,"font":"","enabled":false},"version":2}},"categories":[1],"tags":[37931,32505,32506,45474,32504,1442,45473],"class_list":["post-183866","post","type-post","status-publish","format-standard","has-post-thumbnail","hentry","category-genel","tag-bodrumdan","tag-claude","tag-damme","tag-gecemiyor","tag-jean","tag-van","tag-vaz"],"jetpack_publicize_connections":[],"jetpack_featured_media_url":"https:\/\/i0.wp.com\/www.tvturk.com\/wp-content\/uploads\/2019\/07\/jean-claude-van-damme-bodrumdan-vaz-gecemiyor_5ff09dd.jpg?fit=1000%2C750","jetpack_sharing_enabled":true,"jetpack_shortlink":"https:\/\/wp.me\/paKIfm-LPA","_links":{"self":[{"href":"http:\/\/www.tvturk.com\/index.php\/wp-json\/wp\/v2\/posts\/183866","targetHints":{"allow":["GET"]}}],"collection":[{"href":"http:\/\/www.tvturk.com\/index.php\/wp-json\/wp\/v2\/posts"}],"about":[{"href":"http:\/\/www.tvturk.com\/index.php\/wp-json\/wp\/v2\/types\/post"}],"author":[{"embeddable":true,"href":"http:\/\/www.tvturk.com\/index.php\/wp-json\/wp\/v2\/users\/1"}],"replies":[{"embeddable":true,"href":"http:\/\/www.tvturk.com\/index.php\/wp-json\/wp\/v2\/comments?post=183866"}],"version-history":[{"count":0,"href":"http:\/\/www.tvturk.com\/index.php\/wp-json\/wp\/v2\/posts\/183866\/revisions"}],"wp:featuredmedia":[{"embeddable":true,"href":"http:\/\/www.tvturk.com\/index.php\/wp-json\/wp\/v2\/media\/183867"}],"wp:attachment":[{"href":"http:\/\/www.tvturk.com\/index.php\/wp-json\/wp\/v2\/media?parent=183866"}],"wp:term":[{"taxonomy":"category","embeddable":true,"href":"http:\/\/www.tvturk.com\/index.php\/wp-json\/wp\/v2\/categories?post=183866"},{"taxonomy":"post_tag","embeddable":true,"href":"http:\/\/www.tvturk.com\/index.php\/wp-json\/wp\/v2\/tags?post=183866"}],"curies":[{"name":"wp","href":"https:\/\/api.w.org\/{rel}","templated":true}]}}