{"id":183890,"date":"2019-07-19T09:46:19","date_gmt":"2019-07-19T06:46:19","guid":{"rendered":"http:\/\/www.tvturk.com\/index.php\/ozel-dikildikten-21-yil-sonra-cicek-acti\/"},"modified":"2019-07-19T09:46:19","modified_gmt":"2019-07-19T06:46:19","slug":"ozel-dikildikten-21-yil-sonra-cicek-acti","status":"publish","type":"post","link":"http:\/\/www.tvturk.com\/index.php\/ozel-dikildikten-21-yil-sonra-cicek-acti\/","title":{"rendered":"(\u00d6ZEL) Dikildikten 21 y\u0131l sonra \u00e7i\u00e7ek a\u00e7t\u0131"},"content":{"rendered":"<p>\u00d6mr\u00fc boyunca sadece bir kez \u00e7i\u00e7ek a\u00e7an \u2018agave\u2019 bitkisi Beylikd\u00fcz\u00fc\u2019nde g\u00f6r\u00fcnt\u00fclendi. Beylikd\u00fcz\u00fc\u2019nde bir sitede dikilmi\u015f olan y\u00fczy\u0131l\u0131n bitkisi, 21 y\u0131l sonra \u00e7i\u00e7ek a\u00e7t\u0131.<\/p>\n<p>Beylikd\u00fcz\u00fc Marmara Mahallesi\u2019nde bir sitenin bah\u00e7esinde 21 y\u0131l \u00f6nce dikilen \u2018agave\u2019 bitkisi \u00f6zenle bak\u0131m\u0131n\u0131n ard\u0131ndan \u00e7i\u00e7ek a\u00e7t\u0131. Birle\u015fmi\u015f Milletler E\u011fitim Bilim ve K\u00fclt\u00fcr \u00d6rg\u00fct\u00fc (UNESCO) taraf\u0131ndan Meksika\u2019n\u0131n Tequila  yanarda\u011f\u0131 ve Rio Granada Nehrinin aras\u0131nda kalan 35 bin hektarl\u0131k alanda bulunan \u2018agave\u2019 bitkisi d\u00fcnya miras\u0131 listesine ve koruma alt\u0131na al\u0131nd\u0131. Ana vatan\u0131 Orta Amerika olan ve Meksika \u00e7\u00f6llerinin do\u011fal bitki \u00f6rt\u00fcs\u00fcn\u00fc olu\u015fturan bitki, halk aras\u0131nda \u201cSab\u0131r otu\u201d ve \u201cY\u00fczy\u0131l\u201d olarak adland\u0131r\u0131l\u0131yor. \u00c7i\u00e7e\u011fi a\u00e7t\u0131ktan k\u0131sa bir s\u00fcre sonra kuruyarak \u00f6len Agave bitkisi, yeni ya\u015fant\u0131s\u0131n\u0131 \u00e7i\u00e7ekteki tohumlar\u0131n topra\u011fa d\u00fc\u015fmesiyle devam ettiriyor.<\/p>\n<p>\u201cAgave \u00f6mr\u00fc boyunca sadece 1 kere \u00e7i\u00e7ek a\u00e7\u0131p daha sonra \u00f6len bir bitki\u201d<\/p>\n<p>Agave bitkisinin \u00f6mr\u00fc boyunca sadece 1 kez \u00e7i\u00e7ek a\u00e7t\u0131\u011f\u0131na dikkat \u00e7eken Beylikd\u00fcz\u00fc Belediyesi Park ve Bah\u00e7eler M\u00fcd\u00fcrl\u00fc\u011f\u00fc peyzaj mimar\u0131 Nesrin Erg\u00fcn, \u201cSite g\u00f6revlisinden \u00f6\u011frendi\u011fimize g\u00f6re 20 ya da 21 y\u0131l \u00f6nce bu bitki dikilmi\u015f. \u00c7i\u00e7e\u011fini a\u00e7arak da  vejetasyon d\u00f6nemini tamamlam\u0131\u015f olacak. Burada site i\u00e7erisinde yeti\u015fen bitki ise daha \u00e7ok tropik k\u00f6kenli bir bitki ismi Agave\u2019dir. Daha \u00e7ok Orta Amerika ve G\u00fcney Amerika\u2019da yeti\u015fen ve daha sonra d\u00fcnyaya yay\u0131lan bir bitki t\u00fcr\u00fc olarak biliyoruz. Bitki genel itibariyle sukulent yap\u0131da monokarpik dedi\u011fimiz \u00f6mr\u00fc boyunca sadece 1 kere \u00e7i\u00e7ek a\u00e7\u0131p daha sonras\u0131nda ise \u00f6len bir bitki \u00e7e\u015fididir. Bitkinin genel yap\u0131s\u0131n\u0131n geli\u015fmesinde daha do\u011frusu yapraklar\u0131n\u0131n 1 metre ile 2 metre aras\u0131nda uzunlu\u011fa sahip olmas\u0131 beklenir. B\u00f6ylece bitki yay\u0131l\u0131m olarak 2 ile 4 metre aras\u0131nda bir yay\u0131l\u0131ma sahip olabilir. Y\u00fcksekli\u011fi ise 1 bu\u00e7uk ile 2 bu\u00e7uk metre aras\u0131nda olabilir ve \u00f6mr\u00fc boyunca da b\u00fct\u00fcn yapraklar\u0131nda toplad\u0131\u011f\u0131 bitki besinlerini sadece bir \u00e7i\u00e7ek a\u00e7abilmek i\u00e7in biriktirir ve en sonunda da bitki \u00f6lmeden \u00f6nce tek bir \u00e7i\u00e7e\u011fini a\u00e7ar. Bu \u00e7i\u00e7e\u011finin b\u00fcy\u00fckl\u00fc\u011f\u00fc devasad\u0131r. \u00c7i\u00e7ek sap\u0131yla beraber 7 ile 10 metre aras\u0131nda bir \u00e7i\u00e7ek g\u00f6rebiliriz\u201d dedi.<\/p>\n<p>Kamuya ait olmayan arazilerde teknik anlamda destek<\/p>\n<p>Beylikd\u00fcz\u00fc\u2019nde ye\u015fil alan miktar\u0131n\u0131n fazla olmas\u0131ndan dolay\u0131 peyzaj \u00e7al\u0131\u015fmalar\u0131n\u0131 art\u0131rd\u0131klar\u0131n\u0131 s\u00f6yleyen Erg\u00fcn, \u201c\u00dclkemizde Agaveye genelde sab\u0131r bitkisi ismi veriliyor. Bu da herhalde \u00e7ok uzun bir zaman \u00e7i\u00e7ek a\u00e7mak i\u00e7in sabretmesi d\u00fc\u015f\u00fcn\u00fcld\u00fc\u011f\u00fc i\u00e7in verilen bir isimdir. Bitki tek ba\u015f\u0131na d\u00fcnya miras\u0131 listesine girmi\u015f de\u011fil. Meksika y\u00f6resinde Tekile yanarda\u011f\u0131 ve Rio granada nehrinin aras\u0131nda kalan b\u00f6l\u00fcm\u00fcn tamam\u0131 oda 35 bin hektar bir alan bu alan\u0131n tamam\u0131 d\u00fcnya miras\u0131na girmi\u015f. B\u00f6lgemizde biz peyzaj ad\u0131na \u00f6zellikle Beylikd\u00fcz\u00fc\u2019nde ye\u015fil alan miktar\u0131m\u0131z\u0131n fazla olmas\u0131ndan dolay\u0131 ciddi \u00e7al\u0131\u015fmalar yap\u0131yoruz. Bu \u00e7al\u0131\u015fmalar\u0131n i\u00e7erisinde ayn\u0131 zamanda kamuya ait olmayan araziler vatanda\u015flar\u0131m\u0131za teknik anlamda da destek veriyoruz. Onlar\u0131n yapm\u0131\u015f oldu\u011fu peyzaja teknik anlamda katk\u0131 sunuyoruz. Peyzaj d\u00fczenlemelerinde teknik personellerimizi g\u00f6ndererek onlar\u0131n peyzaj\u0131n\u0131 daha d\u00fczg\u00fcn bir \u015fekilde ve daha do\u011fru bir \u015fekilde planlamas\u0131na yard\u0131mc\u0131 oluyoruz\u201d diye konu\u015ftu.<\/p>\n<p>\u201cHer g\u00fcn foto\u011fraflar\u0131n\u0131 \u00e7ekiyorum bah\u00e7emizde ola\u011fan\u00fcst\u00fc bitki a\u00e7t\u0131 diye herkese g\u00f6steriyorum\u201d<\/p>\n<p>Bah\u00e7elerinde b\u00f6yle bir bitki oldu\u011fu i\u00e7in \u00e7ok mutlu oldu\u011funu s\u00f6yleyen site sakini Tezer Toksar\u0131, \u201c\u00c7ok de\u011fi\u015fik bir \u015fey oldu\u011funu anlad\u0131m, zaten ye\u015file \u00e7ok d\u00fc\u015fk\u00fcn birisiyim. Bah\u00e7edeki b\u00fct\u00fcn a\u011fa\u00e7lar\u0131n ismini biliyorum. Ara\u015ft\u0131rd\u0131m sar\u0131 sab\u0131r bitkisi ismini g\u00f6rd\u00fcm. Daha sonra internette tekrar ara\u015ft\u0131rd\u0131m. \u00c7ok \u00f6zel bir bitki oldu\u011funu UNESCO\u2019nun korumas\u0131 alt\u0131nda oldu\u011funu \u00f6\u011frendim. \u00c7ok mutluyum bah\u00e7emizde b\u00f6yle bir bitki oldu\u011fu i\u00e7in ilk g\u00f6rd\u00fc\u011f\u00fcmde \u00e7ok \u015fa\u015f\u0131rd\u0131m. \u00c7\u00fcnk\u00fc bunun alt\u0131 garaj bunun alt\u0131nda metrelerce toprak yok. \u00c7ok az belki yar\u0131m metre \u00fczerinde b\u00f6yle bir y\u00fck olmaz. Her g\u00fcn gelip foto\u011fraflar\u0131n\u0131 \u00e7ekiyorum bah\u00e7emizde ola\u011fan\u00fcst\u00fc bitki a\u00e7t\u0131 diye herkese g\u00f6steriyorum\u201d \u015feklinde konu\u015ftu.<\/p>\n","protected":false},"excerpt":{"rendered":"<p>\u00d6MR\u00dc BOYUNCA SADECE B\u0130R KEZ \u00c7\u0130\u00c7EK A\u00c7AN \u2018AGAVE\u2019 B\u0130TK\u0130S\u0130 BEYL\u0130KD\u00dcZ\u00dc\u2019NDE G\u00d6R\u00dcNT\u00dcLEND\u0130. BEYL\u0130KD\u00dcZ\u00dc\u2019NDE B\u0130R S\u0130TEDE D\u0130K\u0130LM\u0130\u015e OLAN Y\u00dcZYILIN B\u0130TK\u0130S\u0130, 21 YIL SONRA \u00c7\u0130\u00c7EK A\u00c7TI.<\/p>\n","protected":false},"author":1,"featured_media":183891,"comment_status":"closed","ping_status":"open","sticky":false,"template":"","format":"standard","meta":{"jetpack_post_was_ever_published":false,"_jetpack_newsletter_access":"","_jetpack_dont_email_post_to_subs":false,"_jetpack_newsletter_tier_id":0,"_jetpack_memberships_contains_paywalled_content":false,"_jetpack_memberships_contains_paid_content":false,"footnotes":"","jetpack_publicize_message":"","jetpack_publicize_feature_enabled":true,"jetpack_social_post_already_shared":true,"jetpack_social_options":{"image_generator_settings":{"template":"highway","default_image_id":0,"font":"","enabled":false},"version":2}},"categories":[1],"tags":[1073,1494,1654,45182,2022,231],"class_list":["post-183890","post","type-post","status-publish","format-standard","has-post-thumbnail","hentry","category-genel","tag-ozel","tag-acti","tag-cicek","tag-dikildikten","tag-sonra","tag-yil"],"jetpack_publicize_connections":[],"jetpack_featured_media_url":"https:\/\/i0.wp.com\/www.tvturk.com\/wp-content\/uploads\/2019\/07\/ozel-dikildikten-21-yil-sonra-cicek-acti_ee946db.jpg?fit=1000%2C665","jetpack_sharing_enabled":true,"jetpack_shortlink":"https:\/\/wp.me\/paKIfm-LPY","_links":{"self":[{"href":"http:\/\/www.tvturk.com\/index.php\/wp-json\/wp\/v2\/posts\/183890","targetHints":{"allow":["GET"]}}],"collection":[{"href":"http:\/\/www.tvturk.com\/index.php\/wp-json\/wp\/v2\/posts"}],"about":[{"href":"http:\/\/www.tvturk.com\/index.php\/wp-json\/wp\/v2\/types\/post"}],"author":[{"embeddable":true,"href":"http:\/\/www.tvturk.com\/index.php\/wp-json\/wp\/v2\/users\/1"}],"replies":[{"embeddable":true,"href":"http:\/\/www.tvturk.com\/index.php\/wp-json\/wp\/v2\/comments?post=183890"}],"version-history":[{"count":0,"href":"http:\/\/www.tvturk.com\/index.php\/wp-json\/wp\/v2\/posts\/183890\/revisions"}],"wp:featuredmedia":[{"embeddable":true,"href":"http:\/\/www.tvturk.com\/index.php\/wp-json\/wp\/v2\/media\/183891"}],"wp:attachment":[{"href":"http:\/\/www.tvturk.com\/index.php\/wp-json\/wp\/v2\/media?parent=183890"}],"wp:term":[{"taxonomy":"category","embeddable":true,"href":"http:\/\/www.tvturk.com\/index.php\/wp-json\/wp\/v2\/categories?post=183890"},{"taxonomy":"post_tag","embeddable":true,"href":"http:\/\/www.tvturk.com\/index.php\/wp-json\/wp\/v2\/tags?post=183890"}],"curies":[{"name":"wp","href":"https:\/\/api.w.org\/{rel}","templated":true}]}}