{"id":183892,"date":"2019-07-19T10:01:34","date_gmt":"2019-07-19T07:01:34","guid":{"rendered":"http:\/\/www.tvturk.com\/index.php\/ozel-evinin-onunde-fotograf-cektiren-gelin-damatlar-ev-sahibini-canindan-bezdirdi\/"},"modified":"2019-07-19T10:01:34","modified_gmt":"2019-07-19T07:01:34","slug":"ozel-evinin-onunde-fotograf-cektiren-gelin-damatlar-ev-sahibini-canindan-bezdirdi","status":"publish","type":"post","link":"http:\/\/www.tvturk.com\/index.php\/ozel-evinin-onunde-fotograf-cektiren-gelin-damatlar-ev-sahibini-canindan-bezdirdi\/","title":{"rendered":"(\u00d6zel) Evinin \u00f6n\u00fcnde foto\u011fraf \u00e7ektiren gelin-damatlar ev sahibini can\u0131ndan bezdirdi"},"content":{"rendered":"<p>Kuzguncuk\u2019ta tarihi bir evin kap\u0131s\u0131na foto\u011fraf \u00e7ektirmek i\u00e7in gelen yeni evlenen \u00e7iftler, evin sahibini can\u0131ndan bezdirdi. Foto\u011fraf \u00e7ektirmeye gelenlerden b\u0131kan ev sahibi, kap\u0131ya \u201cBurada foto\u011fraf \u00e7ektirenler ayr\u0131l\u0131yor\u201d yaz\u0131p asarak, \u00e7iftleri kap\u0131s\u0131ndan uzak tutmaya \u00e7al\u0131\u015f\u0131yor.<\/p>\n<p>Yeni evlenen \u00e7iftlerin d\u00fc\u011f\u00fcn foto\u011fraf\u0131 i\u00e7in u\u011frak yerlerinden biri olan Kuzguncuk\u2019ta, eski bir evin kap\u0131s\u0131na as\u0131lan yaz\u0131 g\u00f6renleri \u015fa\u015f\u0131rt\u0131yor. Evlenen \u00e7iftlerinin s\u00fcrekli kap\u0131s\u0131na gelerek evinin \u00f6n\u00fcnde foto\u011fraf \u00e7ektirmelerinden rahats\u0131z olan ev sahibi, evinin kap\u0131s\u0131na, \u201cBurada foto\u011fraf \u00e7ektirenler ayr\u0131l\u0131yorlar\u201d yazarak, foto\u011fraf \u00e7ektirmeye gelenleri evinden uzak tutmaya \u00e7al\u0131\u015f\u0131yor.<\/p>\n<p>Kap\u0131s\u0131ndaki yaz\u0131yla dikkat \u00e7eken evin hemen yan\u0131ndaki i\u015f yerinde \u00e7al\u0131\u015fan Fatma Babacan, kom\u015fusunun ast\u0131\u011f\u0131 yaz\u0131yla ilgili bilgi vererek, \u201cBu gelen insanlar var ya, gelinin damad\u0131n \u00e7evreleri kalabal\u0131k oldu\u011fu i\u00e7in gelip i\u00e7eriye kadar \u00e7ekim yap\u0131yorlar. O da \u2018Rahats\u0131z oluyorum. Ne kastederek i\u00e7eriye kadar \u00e7ekiyorlar? Ben rahats\u0131z oluyorum, \u00e7ekmeyin buray\u0131\u2019 diyor. Ba\u011f\u0131r\u0131yor, \u00e7a\u011f\u0131r\u0131yor ama ne fayda. Onun i\u00e7in bu yaz\u0131y\u0131 yazd\u0131, gene anlam\u0131yor millet. Onun i\u00e7in hiddetle ba\u011f\u0131r\u0131yor. Buna \u00e7ok kar\u015f\u0131, gelen gelinlere, kalabal\u0131klara\u201d dedi. Kuzguncuk\u2019un foto\u011fraf \u00e7ektirmek isteyenleri \u00e7ekti\u011fini belirten Babacan, \u201cBizim Kuzguncuk g\u00fczel bir yer oldu\u011fu i\u00e7in kasabam\u0131za de\u011fi\u015fik foto\u011fraflar \u00e7ekmek i\u00e7in geliyorlar. Genellikle \u015fu kar\u015f\u0131 taraf\u0131 \u00e7ekiyorlar. Renkli merdivenler var, oray\u0131 \u00e7ekiyorlar. Bir de Bostan Sokak arkas\u0131nda evler var, s\u0131ral\u0131 renkli evler. Oray\u0131 \u00e7ekiyorlar. Bu (kom\u015fusu) \u00e7ekilmesini hi\u00e7 istemiyor. \u00c7ekilmesine kar\u015f\u0131. \u2018Niye \u00e7ekiyorlar i\u00e7eriye kadar girip\u2019 diyor. O y\u00f6nden k\u0131z\u0131yor\u201d diye konu\u015ftu.<\/p>\n","protected":false},"excerpt":{"rendered":"<p>KUZGUNCUK\u2019TA TAR\u0130H\u0130 B\u0130R EV\u0130N KAPISINA FOTO\u011eRAF \u00c7EKT\u0130RMEK \u0130\u00c7\u0130N GELEN YEN\u0130 EVLENEN \u00c7\u0130FTLER, EV\u0130N SAH\u0130B\u0130N\u0130 CANINDAN BEZD\u0130RD\u0130. FOTO\u011eRAF \u00c7EKT\u0130RMEYE GELENLERDEN BIKAN EV SAH\u0130B\u0130, KAPIYA \u201cBURADA FOTO\u011eRAF \u00c7EKT\u0130RENLER AYRILIYOR\u201d YAZIP ASARAK, \u00c7\u0130FTLER\u0130 KAPISINDAN UZAK TUTMAYA \u00c7ALI\u015eIYOR.<\/p>\n","protected":false},"author":1,"featured_media":183893,"comment_status":"closed","ping_status":"open","sticky":false,"template":"","format":"standard","meta":{"jetpack_post_was_ever_published":false,"_jetpack_newsletter_access":"","_jetpack_dont_email_post_to_subs":false,"_jetpack_newsletter_tier_id":0,"_jetpack_memberships_contains_paywalled_content":false,"_jetpack_memberships_contains_paid_content":false,"footnotes":"","jetpack_publicize_message":"","jetpack_publicize_feature_enabled":true,"jetpack_social_post_already_shared":true,"jetpack_social_options":{"image_generator_settings":{"template":"highway","default_image_id":0,"font":"","enabled":false},"version":2}},"categories":[1],"tags":[1073,44645,5772,45475,462,5874,45476,3565,7928],"class_list":["post-183892","post","type-post","status-publish","format-standard","has-post-thumbnail","hentry","category-genel","tag-ozel","tag-bezdirdi","tag-canindan","tag-cektiren","tag-evinin","tag-fotograf","tag-gelin-damatlar","tag-onunde","tag-sahibini"],"jetpack_publicize_connections":[],"jetpack_featured_media_url":"https:\/\/i0.wp.com\/www.tvturk.com\/wp-content\/uploads\/2019\/07\/ozel-evinin-onunde-fotograf-cektiren-gelin-damatlar-ev-sahibini-canindan-bezdirdi_89f0cb9.jpg?fit=1000%2C750","jetpack_sharing_enabled":true,"jetpack_shortlink":"https:\/\/wp.me\/paKIfm-LQ0","_links":{"self":[{"href":"http:\/\/www.tvturk.com\/index.php\/wp-json\/wp\/v2\/posts\/183892","targetHints":{"allow":["GET"]}}],"collection":[{"href":"http:\/\/www.tvturk.com\/index.php\/wp-json\/wp\/v2\/posts"}],"about":[{"href":"http:\/\/www.tvturk.com\/index.php\/wp-json\/wp\/v2\/types\/post"}],"author":[{"embeddable":true,"href":"http:\/\/www.tvturk.com\/index.php\/wp-json\/wp\/v2\/users\/1"}],"replies":[{"embeddable":true,"href":"http:\/\/www.tvturk.com\/index.php\/wp-json\/wp\/v2\/comments?post=183892"}],"version-history":[{"count":0,"href":"http:\/\/www.tvturk.com\/index.php\/wp-json\/wp\/v2\/posts\/183892\/revisions"}],"wp:featuredmedia":[{"embeddable":true,"href":"http:\/\/www.tvturk.com\/index.php\/wp-json\/wp\/v2\/media\/183893"}],"wp:attachment":[{"href":"http:\/\/www.tvturk.com\/index.php\/wp-json\/wp\/v2\/media?parent=183892"}],"wp:term":[{"taxonomy":"category","embeddable":true,"href":"http:\/\/www.tvturk.com\/index.php\/wp-json\/wp\/v2\/categories?post=183892"},{"taxonomy":"post_tag","embeddable":true,"href":"http:\/\/www.tvturk.com\/index.php\/wp-json\/wp\/v2\/tags?post=183892"}],"curies":[{"name":"wp","href":"https:\/\/api.w.org\/{rel}","templated":true}]}}