{"id":183912,"date":"2019-07-19T10:31:45","date_gmt":"2019-07-19T07:31:45","guid":{"rendered":"http:\/\/www.tvturk.com\/index.php\/kiliste-kan-bagisi-kampanyasina-suriyelilerden-buyuk-destek\/"},"modified":"2019-07-19T10:31:45","modified_gmt":"2019-07-19T07:31:45","slug":"kiliste-kan-bagisi-kampanyasina-suriyelilerden-buyuk-destek","status":"publish","type":"post","link":"http:\/\/www.tvturk.com\/index.php\/kiliste-kan-bagisi-kampanyasina-suriyelilerden-buyuk-destek\/","title":{"rendered":"Kilis\u2019te kan ba\u011f\u0131\u015f\u0131 kampanyas\u0131na Suriyelilerden b\u00fcy\u00fck destek"},"content":{"rendered":"<p>Kilis K\u0131z\u0131lay Kan Merkezi M\u00fcd\u00fcrl\u00fc\u011f\u00fc taraf\u0131ndan ba\u015flat\u0131lan kan ba\u011f\u0131\u015f\u0131 kampanyas\u0131na Suriyeli s\u0131\u011f\u0131nmac\u0131lardan b\u00fcy\u00fck destek geldi.<\/p>\n<p>Kilis K\u0131z\u0131lay Kan Merkezi M\u00fcd\u00fcrl\u00fc\u011f\u00fc taraf\u0131ndan son g\u00fcnlerde artan kan ihtiyac\u0131n\u0131 kar\u015f\u0131lamak i\u00e7in kan ba\u011f\u0131\u015f\u0131 kampanyas\u0131 ba\u015flat\u0131ld\u0131. Sivil toplum \u00f6rg\u00fctleri, resmi kurumlar ve vatanda\u015flar\u0131n yo\u011fun ilgi g\u00f6sterdi\u011fi kampanyaya Suriyeli s\u0131\u011f\u0131nmac\u0131lar da destek verdi. Kampanyaya kat\u0131lan Suriyeliler, herkese bir g\u00fcn kan laz\u0131m olabilece\u011fini s\u00f6yleyerek t\u00fcm Suriyelileri kan vermeye davet etti.<\/p>\n<p>K\u0131z\u0131lay Kan Merkezi M\u00fcd\u00fcr\u00fc Dr. Esra Y\u0131lmaz \u0130HA\u2019ya yapt\u0131\u011f\u0131 a\u00e7\u0131klamada, Suriye Bar\u0131\u015f G\u00fcc\u00fc\u2019ne ba\u011fl\u0131 Bab-\u0131 \u015eifa G\u00f6\u00e7men Sa\u011fl\u0131\u011f\u0131 Merkezi ile i\u015fbirli\u011fi yapt\u0131klar\u0131n\u0131 ifade ederek, \u201cDaha \u00f6nce Suriyelilere y\u00f6nelik olarak K\u0131z\u0131lay Genel Ba\u015fkan\u0131 Dr. Kerem K\u0131n\u0131k taraf\u0131ndan yap\u0131lm\u0131\u015ft\u0131. Biz de Kilis\u2019te bunu \u00f6rnekleyerek bir kampanya yapt\u0131k. Hem T\u00fcrk vatanda\u015flar\u0131m\u0131zdan hem de Suriyelilerden kan al\u0131yoruz. Yola \u2019kan ver hayat kurtar\u2019 diyerek \u00e7\u0131kt\u0131k. \u00d6zellikle yaz aylar\u0131nda biraz daha kan ihtiyac\u0131m\u0131z art\u0131yor. Ba\u011f\u0131\u015f\u0131m\u0131z da azal\u0131yor. B\u00fct\u00fcn vatanda\u015flar\u0131m\u0131z\u0131 kan vermeye davet ediyorum\u201d dedi.<\/p>\n<p>S\u0131n\u0131rdan gelen yaral\u0131lar i\u00e7in kan stok durumu \u00f6nemli<\/p>\n<p>Dr. Esra Y\u0131lmaz, Kilis\u2019in Suriye s\u0131n\u0131r\u0131nda bulundu\u011funu ifade ederek, \u201cSuriye\u2019de operasyonlar devam ediyor. Biz s\u0131n\u0131r\u0131n T\u00fcrkiye taraf\u0131nda kan alma i\u015flemlerini yap\u0131yoruz. B\u00f6lgeden ald\u0131\u011f\u0131m\u0131z kan b\u00f6lgede kullan\u0131l\u0131yor. Bizim bu b\u00f6lgede \u00e7ok kana ihtiyac\u0131m\u0131z var. Bizim i\u00e7in Suriye\u2019de u\u011fra\u015fan askerlerimiz i\u00e7in olumsuz bir \u015fey oldu\u011fu zaman Kilis Devlet Hastanesine getiriliyor. Ayn\u0131 \u015fekilde Suriyeliler de yaraland\u0131\u011f\u0131 zaman bu tarafa getiriliyor. Bu nedenle kanlar burada kullan\u0131l\u0131yor. B\u00f6lgede al\u0131nan kan b\u00f6lgede kullan\u0131l\u0131yor\u201d diye konu\u015ftu.<\/p>\n","protected":false},"excerpt":{"rendered":"<p>K\u0130L\u0130S KIZILAY KAN MERKEZ\u0130 M\u00dcD\u00dcRL\u00dc\u011e\u00dc TARAFINDAN BA\u015eLATILAN \u201cKAN VER HAYAT KURTAR\u201d KAMPANYASINA SUR\u0130YEL\u0130 SI\u011eINMACILARDAN B\u00dcY\u00dcK DESTEK GELD\u0130.<\/p>\n","protected":false},"author":1,"featured_media":183913,"comment_status":"closed","ping_status":"open","sticky":false,"template":"","format":"standard","meta":{"jetpack_post_was_ever_published":false,"_jetpack_newsletter_access":"","_jetpack_dont_email_post_to_subs":false,"_jetpack_newsletter_tier_id":0,"_jetpack_memberships_contains_paywalled_content":false,"_jetpack_memberships_contains_paid_content":false,"footnotes":"","jetpack_publicize_message":"","jetpack_publicize_feature_enabled":true,"jetpack_social_post_already_shared":true,"jetpack_social_options":{"image_generator_settings":{"template":"highway","default_image_id":0,"font":"","enabled":false},"version":2}},"categories":[1],"tags":[748,545,61,4647,202,6273,35577],"class_list":["post-183912","post","type-post","status-publish","format-standard","has-post-thumbnail","hentry","category-genel","tag-bagisi","tag-buyuk","tag-destek","tag-kampanyasina","tag-kan","tag-kiliste","tag-suriyelilerden"],"jetpack_publicize_connections":[],"jetpack_featured_media_url":"https:\/\/i0.wp.com\/www.tvturk.com\/wp-content\/uploads\/2019\/07\/kiliste-kan-bagisi-kampanyasina-suriyelilerden-buyuk-destek_b5c6e93.jpg?fit=1000%2C666","jetpack_sharing_enabled":true,"jetpack_shortlink":"https:\/\/wp.me\/paKIfm-LQk","_links":{"self":[{"href":"http:\/\/www.tvturk.com\/index.php\/wp-json\/wp\/v2\/posts\/183912","targetHints":{"allow":["GET"]}}],"collection":[{"href":"http:\/\/www.tvturk.com\/index.php\/wp-json\/wp\/v2\/posts"}],"about":[{"href":"http:\/\/www.tvturk.com\/index.php\/wp-json\/wp\/v2\/types\/post"}],"author":[{"embeddable":true,"href":"http:\/\/www.tvturk.com\/index.php\/wp-json\/wp\/v2\/users\/1"}],"replies":[{"embeddable":true,"href":"http:\/\/www.tvturk.com\/index.php\/wp-json\/wp\/v2\/comments?post=183912"}],"version-history":[{"count":0,"href":"http:\/\/www.tvturk.com\/index.php\/wp-json\/wp\/v2\/posts\/183912\/revisions"}],"wp:featuredmedia":[{"embeddable":true,"href":"http:\/\/www.tvturk.com\/index.php\/wp-json\/wp\/v2\/media\/183913"}],"wp:attachment":[{"href":"http:\/\/www.tvturk.com\/index.php\/wp-json\/wp\/v2\/media?parent=183912"}],"wp:term":[{"taxonomy":"category","embeddable":true,"href":"http:\/\/www.tvturk.com\/index.php\/wp-json\/wp\/v2\/categories?post=183912"},{"taxonomy":"post_tag","embeddable":true,"href":"http:\/\/www.tvturk.com\/index.php\/wp-json\/wp\/v2\/tags?post=183912"}],"curies":[{"name":"wp","href":"https:\/\/api.w.org\/{rel}","templated":true}]}}