{"id":183914,"date":"2019-07-19T10:31:49","date_gmt":"2019-07-19T07:31:49","guid":{"rendered":"http:\/\/www.tvturk.com\/index.php\/ozel-asirlik-saat-parcalarindan-tablo-ve-heykel-yapiyor\/"},"modified":"2019-07-19T10:31:49","modified_gmt":"2019-07-19T07:31:49","slug":"ozel-asirlik-saat-parcalarindan-tablo-ve-heykel-yapiyor","status":"publish","type":"post","link":"http:\/\/www.tvturk.com\/index.php\/ozel-asirlik-saat-parcalarindan-tablo-ve-heykel-yapiyor\/","title":{"rendered":"(\u00d6zel) As\u0131rl\u0131k saat par\u00e7alar\u0131ndan tablo ve heykel yap\u0131yor"},"content":{"rendered":"<p>Eski\u015fehir\u2019de yakla\u015f\u0131k 40 y\u0131ld\u0131r saat\u00e7ilik sekt\u00f6r\u00fcnde \u00e7al\u0131\u015fan Ayhan Oskaylar, biriktirdi\u011fi 100-150 y\u0131ll\u0131k saat par\u00e7alar\u0131ndan heykel ve tablolar yap\u0131yor.<\/p>\n<p>Babas\u0131ndan kalan saat\u00e7ilik mesle\u011fini devam ettiren Ayhan Oskaylar, \u00e7ark, zemberek ve kadran gibi saat par\u00e7alar\u0131n\u0131 y\u0131llard\u0131r biriktiriyor. Par\u00e7alar\u0131n hurdaya gitmesine g\u00f6nl\u00fc raz\u0131 olmayan Oskaylar, 50 ve 150 y\u0131l aras\u0131nda de\u011fi\u015fen par\u00e7alar\u0131 kullanarak istedi\u011fi fig\u00fcr\u00fcn heykelini ve tablosunu yap\u0131yor. \u0130lk olarak Ford\u2019un 1912 senesinde banttan \u00e7\u0131kan bir modelini saat par\u00e7alar\u0131yla canland\u0131ran Oskaylar, otomobilin tekerleklerini saat kadranlar\u0131ndan motorunu da saat \u00e7arklar\u0131ndan yapt\u0131. Zamanla bu alanda ustala\u015fan Ayhan Oskaylar, g\u00f6z\u00fcnde canland\u0131\u011f\u0131 denizat\u0131n\u0131 saat par\u00e7alar\u0131na i\u015fledi. G\u00f6renlerin ilgiyle izledi\u011fi denizat\u0131 heykeli, farkl\u0131 g\u00f6r\u00fcn\u00fcm\u00fcyle dikkat \u00e7ekiyor. Ayr\u0131ca eserlerinde farkl\u0131 bir \u00e7al\u0131\u015fmaya imza atan Oskaylar, kulland\u0131\u011f\u0131 saat par\u00e7alar\u0131nda zaman\u0131 Mustafa Kemal Atat\u00fcrk\u2019\u00fcn \u00f6ld\u00fc\u011f\u00fc saat olarak bilinen 09:05\u2019e sabitliyor.<\/p>\n<p>Konuyla ilgili a\u00e7\u0131klamalarda bulunan Oskaylar, &#8220;Y\u0131llard\u0131r ge\u00e7mi\u015f zamanlardan biriken saat par\u00e7alar\u0131n\u0131 atmad\u0131k, hurdaya gitmesine g\u00f6nl\u00fcm raz\u0131 olmad\u0131. Ford\u2019un 1912\u2019de banttan \u00e7\u0131kan modeli \u00e7ok ho\u015fuma gitmi\u015fti. Daha sonra saat par\u00e7alar\u0131yla bu arabay\u0131 canland\u0131rd\u0131m. Saat kadranlar\u0131ndan tekerleklerini, motorunu da \u00e7arklarla d\u00fczenledim, egzoz borusunu yapt\u0131m ve g\u00fczel bir tablo ortaya \u00e7\u0131kt\u0131. M\u00fczayededen ald\u0131\u011f\u0131m cilt kapa\u011f\u0131 vard\u0131. Kapa\u011f\u0131n \u00fczerinde Osmanl\u0131 armas\u0131 var. O d\u00f6neme ait saat par\u00e7alar\u0131, saat kadranlar\u0131 kullanarak bir model yapt\u0131k. Eserlerimdeki saatlerde Atat\u00fcrk\u2019\u00fcn \u00f6ld\u00fc\u011f\u00fc 09:05\u2019i canland\u0131r\u0131yorum&#8221; diye konu\u015ftu.<\/p>\n<p>&#8220;50-150 y\u0131ll\u0131k par\u00e7alar var&#8221;<\/p>\n<p>Yapt\u0131\u011f\u0131 eserlerde kulland\u0131\u011f\u0131 saat par\u00e7alar\u0131n\u0131n 50-150 y\u0131ll\u0131k oldu\u011funu aktaran Ayhan Oskaylar, &#8220;Bir tele dizdi\u011fim \u00e7arklar vard\u0131. Ba\u015flarken denizat\u0131 canland\u0131 g\u00f6z\u00fcmde onu yapt\u0131m. O par\u00e7alar\u0131n \u00e7\u00f6pe gitmesinden \u00e7ok de\u011ferlenmesi hem benim a\u00e7\u0131mdan hem de bunlar\u0131 g\u00f6renler taraf\u0131ndan be\u011feniyle kar\u015f\u0131land\u0131. Bo\u015f zamanlar\u0131mda hobi ama\u00e7l\u0131 u\u011fra\u015f\u0131yorum. Saat par\u00e7alar\u0131 \u00e7\u00f6pe gitmiyor hem de farkl\u0131 tablolar, ufak heykeller ortaya \u00e7\u0131k\u0131yor. \u015eimdi g\u00fcn\u00fcm\u00fcz teknolojisinde daha \u00e7ok elektronik saate d\u00f6n\u00fcld\u00fc\u011f\u00fc i\u00e7in en az 50, 60, 100, 150 y\u0131ll\u0131k par\u00e7alar var. Bunlar\u0131 zaman\u0131nda biriktirmi\u015fiz b\u00f6yle hobi ama\u00e7l\u0131 yap\u0131yoruz. Kimisi 2 ayda bitiyor. Tabi zaman ay\u0131rma s\u00fcrecine de ba\u011fl\u0131. O anda belli bir \u015fey olmuyor. Vakit bulduk\u00e7a yap\u0131yorum&#8221; ifadelerini kulland\u0131.<\/p>\n<p>&#8220;Saat par\u00e7alar\u0131ndan yap\u0131ld\u0131\u011f\u0131n\u0131 g\u00f6r\u00fcnce hayrete d\u00fc\u015fen \u00e7ok oluyor&#8221;<\/p>\n<p>Son olarak heykel ve tablolar\u0131 g\u00f6renlerin hayretler i\u00e7erisinde kald\u0131\u011f\u0131n\u0131 ve eserlerini satmay\u0131 d\u00fc\u015f\u00fcnmedi\u011fini belirten Oskaylar, \u015funlar\u0131 s\u00f6yledi;<\/p>\n<p>&#8220;Bu eserleri d\u00fckk\u00e2n\u0131mda sergiliyorum. Zaman zaman \u2019sat\u0131l\u0131k m\u0131\u2019 diyen \u00e7ok insan oluyor. Ho\u015flar\u0131na gidiyor, be\u011feniyorlar. Ba\u015fkalar\u0131n\u0131n be\u011fenmesi benim de ho\u015fuma gidiyor ama ben bunlar\u0131 satma ama\u00e7l\u0131 yapmad\u0131m. Belki \u00e7o\u011fal\u0131rsa ileride herkesin g\u00f6rmesi i\u00e7in bir sergi a\u00e7abilirim. \u0130lk g\u00f6renler uzaktan resim zannediyor. Yan\u0131na gelip saat par\u00e7alar\u0131ndan yap\u0131ld\u0131\u011f\u0131n\u0131 g\u00f6r\u00fcnce hayrete d\u00fc\u015fen \u00e7ok oluyor. Bunu kim yapt\u0131 veya nereden ald\u0131n\u0131z gibi sorularla kar\u015f\u0131la\u015f\u0131yorum. \u2019Bunlar\u0131 ben yapt\u0131m\u2019 dedi\u011fimde \u2019nas\u0131l yapt\u0131n\u0131z\u2019 diye soranlar oluyor. Belli bir kal\u0131b\u0131 yok, o an elimizde ne varsa onunla bir \u015feyler yapmaya \u00e7al\u0131\u015f\u0131yorum.\u201d<\/p>\n","protected":false},"excerpt":{"rendered":"<p>100-150 YILLIK SAAT PAR\u00c7ALARINA HAYAT VERD\u0130<\/p>\n","protected":false},"author":1,"featured_media":183915,"comment_status":"closed","ping_status":"open","sticky":false,"template":"","format":"standard","meta":{"jetpack_post_was_ever_published":false,"_jetpack_newsletter_access":"","_jetpack_dont_email_post_to_subs":false,"_jetpack_newsletter_tier_id":0,"_jetpack_memberships_contains_paywalled_content":false,"_jetpack_memberships_contains_paid_content":false,"footnotes":"","jetpack_publicize_message":"","jetpack_publicize_feature_enabled":true,"jetpack_social_post_already_shared":true,"jetpack_social_options":{"image_generator_settings":{"template":"highway","default_image_id":0,"font":"","enabled":false},"version":2}},"categories":[1],"tags":[1073,3115,17686,36595,902,16489,1685],"class_list":["post-183914","post","type-post","status-publish","format-standard","has-post-thumbnail","hentry","category-genel","tag-ozel","tag-asirlik","tag-heykel","tag-parcalarindan","tag-saat","tag-tablo","tag-yapiyor"],"jetpack_publicize_connections":[],"jetpack_featured_media_url":"https:\/\/i0.wp.com\/www.tvturk.com\/wp-content\/uploads\/2019\/07\/ozel-asirlik-saat-parcalarindan-tablo-ve-heykel-yapiyor_a22728b.jpg?fit=1000%2C651","jetpack_sharing_enabled":true,"jetpack_shortlink":"https:\/\/wp.me\/paKIfm-LQm","_links":{"self":[{"href":"http:\/\/www.tvturk.com\/index.php\/wp-json\/wp\/v2\/posts\/183914","targetHints":{"allow":["GET"]}}],"collection":[{"href":"http:\/\/www.tvturk.com\/index.php\/wp-json\/wp\/v2\/posts"}],"about":[{"href":"http:\/\/www.tvturk.com\/index.php\/wp-json\/wp\/v2\/types\/post"}],"author":[{"embeddable":true,"href":"http:\/\/www.tvturk.com\/index.php\/wp-json\/wp\/v2\/users\/1"}],"replies":[{"embeddable":true,"href":"http:\/\/www.tvturk.com\/index.php\/wp-json\/wp\/v2\/comments?post=183914"}],"version-history":[{"count":0,"href":"http:\/\/www.tvturk.com\/index.php\/wp-json\/wp\/v2\/posts\/183914\/revisions"}],"wp:featuredmedia":[{"embeddable":true,"href":"http:\/\/www.tvturk.com\/index.php\/wp-json\/wp\/v2\/media\/183915"}],"wp:attachment":[{"href":"http:\/\/www.tvturk.com\/index.php\/wp-json\/wp\/v2\/media?parent=183914"}],"wp:term":[{"taxonomy":"category","embeddable":true,"href":"http:\/\/www.tvturk.com\/index.php\/wp-json\/wp\/v2\/categories?post=183914"},{"taxonomy":"post_tag","embeddable":true,"href":"http:\/\/www.tvturk.com\/index.php\/wp-json\/wp\/v2\/tags?post=183914"}],"curies":[{"name":"wp","href":"https:\/\/api.w.org\/{rel}","templated":true}]}}