{"id":183958,"date":"2019-07-19T11:16:58","date_gmt":"2019-07-19T08:16:58","guid":{"rendered":"http:\/\/www.tvturk.com\/index.php\/terapotik-asi-calistayi-gerceklestirildi\/"},"modified":"2019-07-19T11:16:58","modified_gmt":"2019-07-19T08:16:58","slug":"terapotik-asi-calistayi-gerceklestirildi","status":"publish","type":"post","link":"http:\/\/www.tvturk.com\/index.php\/terapotik-asi-calistayi-gerceklestirildi\/","title":{"rendered":"Terap\u00f6tik A\u015f\u0131 \u00c7al\u0131\u015ftay\u0131 ger\u00e7ekle\u015ftirildi"},"content":{"rendered":"<p>Terap\u00f6tik a\u015f\u0131lar\u0131n \u00fclkemizde antijenden itibaren t\u00fcm basamaklar\u0131yla geli\u015ftirilmesi amac\u0131yla uluslararas\u0131 kat\u0131l\u0131ml\u0131 \u2018Terap\u00f6tik A\u015f\u0131 \u00c7al\u0131\u015ftay\u0131\u2019n\u0131 ger\u00e7ekle\u015ftirildi.<\/p>\n<p>\u00c7al\u0131\u015ftay\u0131n a\u00e7\u0131l\u0131\u015f konu\u015fmas\u0131n\u0131 yapan T\u00dcSEB Ba\u015fkan\u0131 Prof. Dr. Adil Mardino\u011flu, kanser a\u015f\u0131lar\u0131n\u0131n \u00fclkemizde \u00fcretilmesinin ve hastalar\u0131n hizmetine g\u00fcvenilir bir \u015fekilde sunulmas\u0131n\u0131n \u00f6nemine vurgu yapt\u0131. S\u00f6z konusu bilimsel toplant\u0131n\u0131n ihtiya\u00e7 duyulan a\u015f\u0131lar\u0131n yerli ve milli olanaklar dahilinde \u00fcretilmelerine y\u00f6nelik T\u00dcSEB\u2019in yeni d\u00f6nemde izleyece\u011fi yol haritas\u0131n\u0131n olu\u015fturulmas\u0131na \u00f6nemli katk\u0131lar sa\u011flad\u0131\u011f\u0131n\u0131 ifade etti. Sa\u011fl\u0131k Bakan\u0131 Dr. Fahrettin Koca\u2019n\u0131n \u201cen \u00f6nemli stratejik hedefimiz\u201d olarak nitelendirdi\u011fi ila\u00e7, a\u015f\u0131 ve t\u0131bbi cihazda yerlile\u015fme ve millile\u015fme vizyonu do\u011frultusunda, T\u00dcSEB olarak etkin ve kal\u0131c\u0131 \u00e7\u00f6z\u00fcmlerin hayata ge\u00e7irilece\u011fini belirtti.<\/p>\n<p>T\u00dcSEB Ko\u015fuyolu Kamp\u00fcs\u00fc\u2019nde ger\u00e7ekle\u015ftirilen Ter\u00f6potik A\u015f\u0131 \u00c7al\u0131\u015ftay\u0131\u2019n\u0131n a\u00e7\u0131l\u0131\u015f oturumunu T\u00dcSEB Ba\u015fkan\u0131 Prof. Dr. Adil Mardino\u011flu ve T\u00dcSEB Genel Sekreteri Prof. Dr. Hasan T\u00fcrkez y\u00f6netti.<\/p>\n<p>Bilimsel etkinli\u011fe ilgili alanda faaliyet g\u00f6steren \u00e7ok say\u0131da ulusal ve uluslararas\u0131 firma temsilcileri, sivil toplum kurulu\u015flar\u0131n\u0131n y\u00f6neticileri ve akademisyenler kat\u0131ld\u0131.<\/p>\n<p>\u00dclkemizin ihtiya\u00e7 duydu\u011fu terap\u00f6tik a\u015f\u0131lar\u0131n teknoloji transferi kullan\u0131larak antijenden itibaren t\u00fcm basamaklar\u0131yla T\u00fcrkiye\u2019de \u00fcretilmesini sa\u011flayacak yenilik\u00e7i faaliyetler ve bu faaliyetlerin sosyo-ekonomik katk\u0131 potansiyeli detayl\u0131 olarak de\u011ferlendirildi.<\/p>\n","protected":false},"excerpt":{"rendered":"<p>TERAP\u00d6T\u0130K A\u015eILARIN \u00dcLKEM\u0130ZDE ANT\u0130JENDEN \u0130T\u0130BAREN T\u00dcM BASAMAKLARIYLA GEL\u0130\u015eT\u0130R\u0130LMES\u0130 AMACIYLA ULUSLARARASI KATILIMLI \u2018TERAP\u00d6T\u0130K A\u015eI \u00c7ALI\u015eTAYI\u2019NI GER\u00c7EKLE\u015eT\u0130R\u0130LD\u0130.<\/p>\n","protected":false},"author":1,"featured_media":183959,"comment_status":"closed","ping_status":"open","sticky":false,"template":"","format":"standard","meta":{"jetpack_post_was_ever_published":false,"_jetpack_newsletter_access":"","_jetpack_dont_email_post_to_subs":false,"_jetpack_newsletter_tier_id":0,"_jetpack_memberships_contains_paywalled_content":false,"_jetpack_memberships_contains_paid_content":false,"footnotes":"","jetpack_publicize_message":"","jetpack_publicize_feature_enabled":true,"jetpack_social_post_already_shared":true,"jetpack_social_options":{"image_generator_settings":{"template":"highway","default_image_id":0,"font":"","enabled":false},"version":2}},"categories":[1],"tags":[11567,304,412,45500],"class_list":["post-183958","post","type-post","status-publish","format-standard","has-post-thumbnail","hentry","category-genel","tag-asi","tag-calistayi","tag-gerceklestirildi","tag-terapotik"],"jetpack_publicize_connections":[],"jetpack_featured_media_url":"https:\/\/i0.wp.com\/www.tvturk.com\/wp-content\/uploads\/2019\/07\/terapotik-asi-calistayi-gerceklestirildi_09bf894.jpg?fit=1000%2C228","jetpack_sharing_enabled":true,"jetpack_shortlink":"https:\/\/wp.me\/paKIfm-LR4","_links":{"self":[{"href":"http:\/\/www.tvturk.com\/index.php\/wp-json\/wp\/v2\/posts\/183958","targetHints":{"allow":["GET"]}}],"collection":[{"href":"http:\/\/www.tvturk.com\/index.php\/wp-json\/wp\/v2\/posts"}],"about":[{"href":"http:\/\/www.tvturk.com\/index.php\/wp-json\/wp\/v2\/types\/post"}],"author":[{"embeddable":true,"href":"http:\/\/www.tvturk.com\/index.php\/wp-json\/wp\/v2\/users\/1"}],"replies":[{"embeddable":true,"href":"http:\/\/www.tvturk.com\/index.php\/wp-json\/wp\/v2\/comments?post=183958"}],"version-history":[{"count":0,"href":"http:\/\/www.tvturk.com\/index.php\/wp-json\/wp\/v2\/posts\/183958\/revisions"}],"wp:featuredmedia":[{"embeddable":true,"href":"http:\/\/www.tvturk.com\/index.php\/wp-json\/wp\/v2\/media\/183959"}],"wp:attachment":[{"href":"http:\/\/www.tvturk.com\/index.php\/wp-json\/wp\/v2\/media?parent=183958"}],"wp:term":[{"taxonomy":"category","embeddable":true,"href":"http:\/\/www.tvturk.com\/index.php\/wp-json\/wp\/v2\/categories?post=183958"},{"taxonomy":"post_tag","embeddable":true,"href":"http:\/\/www.tvturk.com\/index.php\/wp-json\/wp\/v2\/tags?post=183958"}],"curies":[{"name":"wp","href":"https:\/\/api.w.org\/{rel}","templated":true}]}}