{"id":183986,"date":"2019-07-19T11:47:04","date_gmt":"2019-07-19T08:47:04","guid":{"rendered":"http:\/\/www.tvturk.com\/index.php\/istemeyerek-basladigi-karatede-dunyayi-dize-getirmek-istiyor\/"},"modified":"2019-07-19T11:47:04","modified_gmt":"2019-07-19T08:47:04","slug":"istemeyerek-basladigi-karatede-dunyayi-dize-getirmek-istiyor","status":"publish","type":"post","link":"http:\/\/www.tvturk.com\/index.php\/istemeyerek-basladigi-karatede-dunyayi-dize-getirmek-istiyor\/","title":{"rendered":"\u0130stemeyerek ba\u015flad\u0131\u011f\u0131 karatede d\u00fcnyay\u0131 dize getirmek istiyor"},"content":{"rendered":"<p>Annesinin \u0131srar\u0131yla 5 ya\u015f\u0131nda istemeyerek de olsa karate kursuna yaz\u0131lan 20 ya\u015f\u0131ndaki Esra Karaba\u011f, 15 y\u0131lda aralar\u0131nda T\u00fcrkiye ve Balkan \u015fampiyonluklar\u0131n\u0131n da bulundu\u011fu 50\u2019nin \u00fczerinde madalya kazand\u0131. \u015eimdilerde ise D\u00fcnya \u015eampiyonas\u0131\u2019na haz\u0131rlanan Karaba\u011f, t\u00fcm rakiplerini dize getirerek alt\u0131n madalyay\u0131 kazanmak istiyor.<\/p>\n<p>Be\u015f ya\u015f\u0131ndayken annesi Nazl\u0131 F\u0131st\u0131k\u00e7\u0131\u2019n\u0131n kendisini korumas\u0131 gerekti\u011fi d\u00fc\u015f\u00fcncesiyle istemeyerek de olsa karateye ba\u015flayan Esra Karaba\u011f, bu spor dal\u0131nda zamanla pek \u00e7ok T\u00fcrkiye ve Balkan \u015fampiyonlu\u011fu elde etti. Ayn\u0131 zamanda Gaziantep \u00dcniversitesi (GA\u00dcN) Mimarl\u0131k Fak\u00fcltesi\u2019nde e\u011fitim hayat\u0131na devam eden 20 ya\u015f\u0131ndaki Esra Karaba\u011f\u2019\u0131n annesinin \u0131srar\u0131yla ba\u015flad\u0131\u011f\u0131 karate sporunda elde etti\u011fi ba\u015far\u0131larla ellinin \u00fczerinde madalyas\u0131 bulunuyor. Rakiplerini bir bir dize getiren Esra, \u015fimdi ise d\u00fcnyaya meydan okuyor.<\/p>\n<p>Gaziantep B\u00fcy\u00fck\u015fehir Belediyepsor\u2019un lisansl\u0131 sporcusu olan Esra Karaba\u011f, \u00f6n\u00fcm\u00fczdeki g\u00fcnlerde yap\u0131lacak olan D\u00fcnya \u015eampiyonas\u0131 se\u00e7melerine de kat\u0131lmaya hak kazanarak \u00f6nemli bir ba\u015far\u0131ya daha imza att\u0131. 20 ya\u015f\u0131ndaki gen\u00e7 sporcu, se\u00e7melerde ba\u015far\u0131l\u0131 olmas\u0131 durumunda ise D\u00fcnya \u015eampiyonas\u0131\u2019nda T\u00fcrkiye\u2019yi temsil edecek.<\/p>\n<p>&#8220;Karateye annemin iste\u011fiyle kendimi korumak i\u00e7in ba\u015flad\u0131m&#8221;<\/p>\n<p>Karateye annesinin iste\u011fiyle kendisini korumak i\u00e7in ba\u015flad\u0131\u011f\u0131n\u0131 s\u00f6yleyen Esra Karaba\u011f, &#8220;Karateye be\u015f ya\u015f\u0131nda annemin katk\u0131s\u0131 ve iste\u011fiyle kendimi korumak i\u00e7in ba\u015flad\u0131m. Daha \u00f6nce ablam da bu sporu yap\u0131yordu. Ben de annemin iste\u011fiyle istemeyerek de olsa ba\u015flad\u0131m. Annem de kendimizi savunabilmemiz i\u00e7in bu sporu yapmam\u0131z\u0131 istiyordu, o y\u00fczden o zamanlar beni de ablam\u0131 da karate kursuna yazd\u0131rma karar\u0131 alm\u0131\u015ft\u0131. \u0130lk ba\u015flarda istemeden ba\u015flasam da sonras\u0131nda elde etti\u011fim ba\u015far\u0131larla karateye ba\u011fland\u0131m diyebilirim&#8221; \u015feklinde konu\u015ftu.<\/p>\n<p>\u00c7ok say\u0131da \u015fampiyonlu\u011fu ile dikkat \u00e7ekiyor<\/p>\n<p>Karatede pek \u00e7ok ba\u015far\u0131 elde etti\u011fini ve ellinin \u00fczerinde madalya kazand\u0131\u011f\u0131n\u0131 da a\u00e7\u0131klayan Karaba\u011f, &#8220;Be\u015f ya\u015f\u0131nda ba\u015flad\u0131\u011f\u0131m karatede ilk kez 12 ya\u015f\u0131nda T\u00fcrkiye \u015fampiyonu oldum. Bunun d\u0131\u015f\u0131nda pek \u00e7ok \u015fampiyonlu\u011fum var. Yani toplam ellinin \u00fczerinde madalyam var diyebilirim. Bu ba\u015far\u0131lar\u0131m\u0131n aras\u0131nda 2011 y\u0131l\u0131ndan beri elde etti\u011fim T\u00fcrkiye \u015fampiyonluklar\u0131 ve Balkan \u015fampiyonluklar\u0131m var. Bu \u015fampiyonluklarla \u00f6n\u00fcm\u00fczdeki s\u00fcre\u00e7te yap\u0131lacak olan D\u00fcnya \u015eampiyonas\u0131 se\u00e7melerine de kat\u0131lmaya hak kazand\u0131m. Umar\u0131m orada da ba\u015far\u0131l\u0131 olarak D\u00fcnya \u015eampiyonas\u0131nda \u00fclkemizi temsil etmek istiyorum&#8221; ifadelerini kulland\u0131.<\/p>\n<p>&#8220;En b\u00fcy\u00fck destek\u00e7im Annem&#8221;<\/p>\n<p>Yapt\u0131\u011f\u0131 sporda en b\u00fcy\u00fck destek\u00e7isinin de annesi oldu\u011funu vurgulayan Karaba\u011f, &#8220;Yani asl\u0131nda \u00e7ok zor bir spor yapsam da annemin bana bu konuda \u00e7ok b\u00fcy\u00fck bir katk\u0131s\u0131 var. Beni \u00e7ok iyi motive ediyor. Bazen bir tek s\u00f6z\u00fc bile bir ma\u00e7\u0131 kazanmam\u0131 sa\u011flayabiliyor&#8221; \u015feklinde konu\u015ftu.<\/p>\n<p>Anne Nazl\u0131 F\u0131st\u0131k\u00e7\u0131: &#8220;Ba\u015far\u0131lar\u0131ndan \u00f6t\u00fcr\u00fc gururlu ve mutluyum&#8221;<\/p>\n<p>K\u0131z\u0131n\u0131n ba\u015far\u0131lar\u0131yla gurur duydu\u011funu ifade eden Anne Nazl\u0131 F\u0131st\u0131k\u00e7\u0131 ise, &#8220;K\u0131z\u0131m\u0131n ba\u015far\u0131lar\u0131ndan \u00f6t\u00fcr\u00fc gururlu ve mutluyum. T\u00fcm gen\u00e7lere yanl\u0131\u015f yerlerle yanl\u0131\u015f i\u015flerle vakit ge\u00e7irmek yerine spora yo\u011funla\u015fmalar\u0131n\u0131 \u00f6neriyorum. K\u0131z\u0131m\u0131 da evde i\u00e7ine kapan\u0131k oturmas\u0131 yerine spora y\u00f6nlendirdim ve be\u015f ya\u015f\u0131nda g\u00f6t\u00fcr\u00fcp karate kursuna yazd\u0131rd\u0131m. Bunun pek \u00e7ok da zorlu\u011fu vard\u0131. Yani spora yeti\u015ftirme, ma\u00e7lara haz\u0131rlama \u00e7abalar\u0131 ve daha pek \u00e7ok \u015fey var ama bunlar g\u00fczel yorgunluklard\u0131. Yani tekrar geri d\u00f6nme \u015fans\u0131m olsa yine yapar\u0131m ayn\u0131s\u0131n\u0131&#8221; diye konu\u015ftu.<\/p>\n","protected":false},"excerpt":{"rendered":"<p>KEND\u0130N\u0130 KORUMAK \u0130\u00c7\u0130N BA\u015eLADI, \u00c7OK SAYIDA \u015eAMP\u0130YONLUK KAZANDI<\/p>\n","protected":false},"author":1,"featured_media":183987,"comment_status":"closed","ping_status":"open","sticky":false,"template":"","format":"standard","meta":{"jetpack_post_was_ever_published":false,"_jetpack_newsletter_access":"","_jetpack_dont_email_post_to_subs":false,"_jetpack_newsletter_tier_id":0,"_jetpack_memberships_contains_paywalled_content":false,"_jetpack_memberships_contains_paid_content":false,"footnotes":"","jetpack_publicize_message":"","jetpack_publicize_feature_enabled":true,"jetpack_social_post_already_shared":true,"jetpack_social_options":{"image_generator_settings":{"template":"highway","default_image_id":0,"font":"","enabled":false},"version":2}},"categories":[657],"tags":[20043,45510,18137,3980,26061,99,9160],"class_list":["post-183986","post","type-post","status-publish","format-standard","has-post-thumbnail","hentry","category-spor","tag-basladigi","tag-dize","tag-dunyayi","tag-getirmek","tag-istemeyerek","tag-istiyor","tag-karatede"],"jetpack_publicize_connections":[],"jetpack_featured_media_url":"https:\/\/i0.wp.com\/www.tvturk.com\/wp-content\/uploads\/2019\/07\/istemeyerek-basladigi-karatede-dunyayi-dize-getirmek-istiyor_d7e04a4.jpg?fit=1000%2C784","jetpack_sharing_enabled":true,"jetpack_shortlink":"https:\/\/wp.me\/paKIfm-LRw","_links":{"self":[{"href":"http:\/\/www.tvturk.com\/index.php\/wp-json\/wp\/v2\/posts\/183986","targetHints":{"allow":["GET"]}}],"collection":[{"href":"http:\/\/www.tvturk.com\/index.php\/wp-json\/wp\/v2\/posts"}],"about":[{"href":"http:\/\/www.tvturk.com\/index.php\/wp-json\/wp\/v2\/types\/post"}],"author":[{"embeddable":true,"href":"http:\/\/www.tvturk.com\/index.php\/wp-json\/wp\/v2\/users\/1"}],"replies":[{"embeddable":true,"href":"http:\/\/www.tvturk.com\/index.php\/wp-json\/wp\/v2\/comments?post=183986"}],"version-history":[{"count":0,"href":"http:\/\/www.tvturk.com\/index.php\/wp-json\/wp\/v2\/posts\/183986\/revisions"}],"wp:featuredmedia":[{"embeddable":true,"href":"http:\/\/www.tvturk.com\/index.php\/wp-json\/wp\/v2\/media\/183987"}],"wp:attachment":[{"href":"http:\/\/www.tvturk.com\/index.php\/wp-json\/wp\/v2\/media?parent=183986"}],"wp:term":[{"taxonomy":"category","embeddable":true,"href":"http:\/\/www.tvturk.com\/index.php\/wp-json\/wp\/v2\/categories?post=183986"},{"taxonomy":"post_tag","embeddable":true,"href":"http:\/\/www.tvturk.com\/index.php\/wp-json\/wp\/v2\/tags?post=183986"}],"curies":[{"name":"wp","href":"https:\/\/api.w.org\/{rel}","templated":true}]}}