{"id":183990,"date":"2019-07-19T12:01:48","date_gmt":"2019-07-19T09:01:48","guid":{"rendered":"http:\/\/www.tvturk.com\/index.php\/ozel-selin-vurdugu-koy-hayalet-kasabayi-aratmadi\/"},"modified":"2019-07-19T12:01:48","modified_gmt":"2019-07-19T09:01:48","slug":"ozel-selin-vurdugu-koy-hayalet-kasabayi-aratmadi","status":"publish","type":"post","link":"http:\/\/www.tvturk.com\/index.php\/ozel-selin-vurdugu-koy-hayalet-kasabayi-aratmadi\/","title":{"rendered":"(\u00d6zel) Selin vurdu\u011fu k\u00f6y hayalet kasabay\u0131 aratmad\u0131"},"content":{"rendered":"<p>\u015eiddetli ya\u011f\u0131\u015f\u0131n etkisiyle sel felaketinin ya\u015fand\u0131\u011f\u0131 Sakarya\u2019n\u0131n Kocaali il\u00e7esinde bulunan U\u011furlu K\u00f6y\u00fc sava\u015ftan \u00e7\u0131km\u0131\u015fa d\u00f6nd\u00fc. U\u011furlu K\u00f6y\u00fc havadan g\u00f6r\u00fcnt\u00fclendi.<\/p>\n<p>Ya\u011f\u0131\u015flar\u0131n yo\u011fun \u015fekilde etkili oldu\u011fu Kocaali il\u00e7esinde derelerin ta\u015fmas\u0131, sel ve su bask\u0131nlar\u0131na neden oldu. A\u015f\u0131r\u0131 ya\u011f\u0131\u015flar nedeniyle baz\u0131 noktalarda adeta \u015felaleler olu\u015ftu, yollar sular alt\u0131nda kald\u0131. Heyelanlar\u0131n da ya\u015fand\u0131\u011f\u0131 b\u00f6lgede onlarca vatanda\u015f mahsur kald\u0131. Mahsur kalan vatanda\u015flar ekiplerin \u00e7al\u0131\u015fmalar\u0131yla kurtar\u0131ld\u0131. Selin en \u015fiddetli vurdu\u011fu Ak\u00e7akoca\u2019n\u0131n Esmahan\u0131m k\u00f6y\u00fcnden sonra, Kocaali\u2019nin U\u011furlu k\u00f6y\u00fc de sava\u015fan \u00e7\u0131km\u0131\u015f g\u00f6r\u00fcnt\u00fcs\u00fcyle adeta hayalet bir \u015fehre d\u00f6n\u00fc\u015ft\u00fc. Dev a\u011fa\u00e7lar\u0131n, elektrik direklerinin yollara devrildi\u011fi k\u00f6yde bulunan k\u00f6pr\u00fc de \u00e7\u00f6kerek kullan\u0131lamaz hale geldi. Adeta harabeye d\u00f6nen k\u00f6y\u00fcn havadan g\u00f6r\u00fcnt\u00fcleri ya\u015fanan felaketi g\u00f6zler \u00f6n\u00fcne serdi.<\/p>\n<p>Mahsur kalan k\u00f6pe\u011fi gazeteciler fark etti, \u00f6l\u00fcmden kurtuldu<\/p>\n<p>\u00d6te yandan, ayn\u0131 mahallede bulunan ve sel felaketi nedeniyle i\u00e7i su ile dolan \u00e7\u00f6p kutusunda bir k\u00f6pek mahsur kald\u0131. Sokaklar\u0131nda insan bulunmayan k\u00f6y yolunda ki \u00e7\u00f6p kutusunda mahsur kalan av k\u00f6pe\u011fini yoldan ge\u00e7en gazeteciler fark etti. K\u00f6pek, gazetecilerin yard\u0131m\u0131yla su dolu \u00e7\u00f6p bidonundan \u00e7\u0131kart\u0131ld\u0131.<\/p>\n","protected":false},"excerpt":{"rendered":"<p>\u015e\u0130DDETL\u0130 YA\u011eI\u015eIN ETK\u0130S\u0130YLE SEL FELAKET\u0130N\u0130N YA\u015eANDI\u011eI SAKARYA\u2019NIN KOCAAL\u0130 \u0130L\u00c7ES\u0130NDE BULUNAN U\u011eURLU K\u00d6Y\u00dc SAVA\u015eTAN \u00c7IKMI\u015eA D\u00d6ND\u00dc. ADETA HAYALET B\u0130R \u015eEHR\u0130 ANDIRAN K\u00d6Y HAVADAN G\u00d6R\u00dcNT\u00dcLEND\u0130.<\/p>\n","protected":false},"author":1,"featured_media":183991,"comment_status":"closed","ping_status":"open","sticky":false,"template":"","format":"standard","meta":{"jetpack_post_was_ever_published":false,"_jetpack_newsletter_access":"","_jetpack_dont_email_post_to_subs":false,"_jetpack_newsletter_tier_id":0,"_jetpack_memberships_contains_paywalled_content":false,"_jetpack_memberships_contains_paid_content":false,"footnotes":"","jetpack_publicize_message":"","jetpack_publicize_feature_enabled":true,"jetpack_social_post_already_shared":true,"jetpack_social_options":{"image_generator_settings":{"template":"highway","default_image_id":0,"font":"","enabled":false},"version":2}},"categories":[1],"tags":[15701,1073,732,45514,1703,13638,5142],"class_list":["post-183990","post","type-post","status-publish","format-standard","has-post-thumbnail","hentry","category-genel","tag-hayalet","tag-ozel","tag-aratmadi","tag-kasabayi","tag-koy","tag-selin","tag-vurdugu"],"jetpack_publicize_connections":[],"jetpack_featured_media_url":"https:\/\/i0.wp.com\/www.tvturk.com\/wp-content\/uploads\/2019\/07\/ozel-selin-vurdugu-koy-hayalet-kasabayi-aratmadi_6412b11.jpg?fit=1000%2C562","jetpack_sharing_enabled":true,"jetpack_shortlink":"https:\/\/wp.me\/paKIfm-LRA","_links":{"self":[{"href":"http:\/\/www.tvturk.com\/index.php\/wp-json\/wp\/v2\/posts\/183990","targetHints":{"allow":["GET"]}}],"collection":[{"href":"http:\/\/www.tvturk.com\/index.php\/wp-json\/wp\/v2\/posts"}],"about":[{"href":"http:\/\/www.tvturk.com\/index.php\/wp-json\/wp\/v2\/types\/post"}],"author":[{"embeddable":true,"href":"http:\/\/www.tvturk.com\/index.php\/wp-json\/wp\/v2\/users\/1"}],"replies":[{"embeddable":true,"href":"http:\/\/www.tvturk.com\/index.php\/wp-json\/wp\/v2\/comments?post=183990"}],"version-history":[{"count":0,"href":"http:\/\/www.tvturk.com\/index.php\/wp-json\/wp\/v2\/posts\/183990\/revisions"}],"wp:featuredmedia":[{"embeddable":true,"href":"http:\/\/www.tvturk.com\/index.php\/wp-json\/wp\/v2\/media\/183991"}],"wp:attachment":[{"href":"http:\/\/www.tvturk.com\/index.php\/wp-json\/wp\/v2\/media?parent=183990"}],"wp:term":[{"taxonomy":"category","embeddable":true,"href":"http:\/\/www.tvturk.com\/index.php\/wp-json\/wp\/v2\/categories?post=183990"},{"taxonomy":"post_tag","embeddable":true,"href":"http:\/\/www.tvturk.com\/index.php\/wp-json\/wp\/v2\/tags?post=183990"}],"curies":[{"name":"wp","href":"https:\/\/api.w.org\/{rel}","templated":true}]}}