{"id":184060,"date":"2019-07-19T13:16:48","date_gmt":"2019-07-19T10:16:48","guid":{"rendered":"http:\/\/www.tvturk.com\/index.php\/bursali-fotografcinin-srebrenitsa-sergisine-rekor-ziyaretci\/"},"modified":"2019-07-19T13:16:48","modified_gmt":"2019-07-19T10:16:48","slug":"bursali-fotografcinin-srebrenitsa-sergisine-rekor-ziyaretci","status":"publish","type":"post","link":"http:\/\/www.tvturk.com\/index.php\/bursali-fotografcinin-srebrenitsa-sergisine-rekor-ziyaretci\/","title":{"rendered":"Bursal\u0131 foto\u011fraf\u00e7\u0131n\u0131n \u2018Srebrenitsa\u2019 sergisine rekor ziyaret\u00e7i"},"content":{"rendered":"<p>Bursa Uluda\u011f \u00dcniversitesi personeli ve foto\u011fraf sanat\u00e7\u0131s\u0131 Hakan Ayd\u0131n taraf\u0131ndan Bursa G\u00f6\u00e7 Tarihi M\u00fczesi ve \u015eehrek\u00fcst\u00fc Meydan\u0131\u2019nda a\u00e7\u0131lan \u2018\u0130nsanl\u0131\u011f\u0131n Vicdan\u0131nda Srebrenitsa\u2019 isimli sergiyi 10 bini a\u015fk\u0131n ki\u015fi izledi.<\/p>\n<p>Bursal\u0131 foto\u011fraf sanat\u00e7\u0131s\u0131 Hakan Ayd\u0131n, 2017 y\u0131l\u0131nda Bursa B\u00fcy\u00fck\u015fehir Belediyesi sponsorlu\u011funda ger\u00e7ekle\u015ftirdi\u011fi Srebrenitsa ziyaretinde \u00e7ekti\u011fi foto\u011fraflar\u0131 Bursa G\u00f6\u00e7 Tarihi M\u00fczesi\u2019nde sergiliyor. 11 Temmuz\u2019da a\u00e7\u0131l\u0131\u015f\u0131 ger\u00e7ekle\u015ftirilen sergilere Bursal\u0131lar ilgi g\u00f6sterdi. Hen\u00fcz bir haftay\u0131 geride b\u0131rakan sergiyi binlerce ki\u015fi ziyaret etti. Bursa G\u00f6\u00e7 Tarihi M\u00fczesi\u2019nde eyl\u00fcl sonuna kadar a\u00e7\u0131k olacak \u00fccretsiz sergiye kat\u0131l\u0131m\u0131n ayn\u0131 yo\u011funlukla devam etmesi bekleniyor.<\/p>\n<p>2017 y\u0131l\u0131nda Nezuk\u2019tan Srebrenitsa\u2019ya, yani tersine g\u00f6\u00e7\u00fc temsil edecek \u015fekilde y\u00fcr\u00fcnen anma y\u00fcr\u00fcy\u00fc\u015flerine kat\u0131lan Bursal\u0131 foto\u011fraf\u00e7\u0131, \u00fc\u00e7 g\u00fcn s\u00fcren zorlu yolculu\u011fu kendi objektifinden foto\u011fraflad\u0131. Yol boyunca g\u00f6z\u00fcne tak\u0131lan \u00e7ok say\u0131da dram\u0131 belgeleyen Hakan Ayd\u0131n, \u201cBenim i\u00e7in hayat\u0131m boyunca unutamayaca\u011f\u0131m bir yolculuk oldu. Yolda ac\u0131-tatl\u0131 \u00e7ok say\u0131da farkl\u0131 kare ile kar\u015f\u0131la\u015ft\u0131m. Yak\u0131nlar\u0131n\u0131 bu soyk\u0131r\u0131mda kaybeden insanlar\u0131n y\u00fcz\u00fcndeki ifadelere odaklanarak y\u00fczlerce foto\u011fraf \u00e7ektim. Ya\u015fanan zulm\u00fcn unutulmamas\u0131 ad\u0131na Bursa B\u00fcy\u00fck\u015fehir Belediyesi\u2019nin de deste\u011fi ile bir sergi a\u00e7maya karar verdik. \u0130ki y\u0131ld\u0131r ayn\u0131 tarihlerde sergimizi Bursa\u2019da a\u00e7\u0131yoruz. Bu y\u0131l ciddi bir ilgi oldu. Sergimizi 10 bini a\u015fk\u0131n insan ziyaret etti. Eyl\u00fcl sonuna kadar bu say\u0131n\u0131n katlanarak artaca\u011f\u0131n\u0131 ve bir rekorun k\u0131r\u0131laca\u011f\u0131n\u0131 d\u00fc\u015f\u00fcn\u00fcyoruz\u201d diye konu\u015ftu.<\/p>\n<p>Hakan Ayd\u0131n, sergiye T\u00fcrklerin yan\u0131 s\u0131ra turistlerin de \u00f6nemli bir ilgi g\u00f6sterdi\u011fini s\u00f6yledi. Bursa\u2019y\u0131 ziyarete gelen d\u00fcnyan\u0131n farkl\u0131 \u00fclkelerinden insanlar\u0131n t\u00fcm foto\u011fraflar\u0131 tek tek inceledi\u011fini vurgulayan Ayd\u0131n, Bosna-Hersek Ankara B\u00fcy\u00fckel\u00e7isi Bakir Sadovic, Bursa B\u00fcy\u00fck\u015fehir Belediye Ba\u015fkan\u0131 Alinur Akta\u015f, sivil toplum \u00f6rg\u00fctlerinin temsilcileri ve \u00e7ok say\u0131da vatanda\u015f\u0131n de sergi a\u00e7\u0131l\u0131\u015f t\u00f6reninde kendilerini yaln\u0131z b\u0131rakmad\u0131\u011f\u0131n\u0131 a\u00e7\u0131klad\u0131.<\/p>\n","protected":false},"excerpt":{"rendered":"<p>BURSA ULUDA\u011e \u00dcN\u0130VERS\u0130TES\u0130 PERSONEL\u0130 VE FOTO\u011eRAF SANAT\u00c7ISI HAKAN AYDIN TARAFINDAN BURSA G\u00d6\u00c7 TAR\u0130H\u0130 M\u00dcZES\u0130 VE \u015eEHREK\u00dcST\u00dc MEYDANI\u2019NDA A\u00c7ILAN \u2018\u0130NSANLI\u011eIN V\u0130CDANINDA SREBREN\u0130TSA\u2019 \u0130S\u0130ML\u0130 SERG\u0130Y\u0130 10 B\u0130N\u0130 A\u015eKIN K\u0130\u015e\u0130 \u0130ZLED\u0130.<\/p>\n","protected":false},"author":1,"featured_media":184061,"comment_status":"closed","ping_status":"open","sticky":false,"template":"","format":"standard","meta":{"jetpack_post_was_ever_published":false,"_jetpack_newsletter_access":"","_jetpack_dont_email_post_to_subs":false,"_jetpack_newsletter_tier_id":0,"_jetpack_memberships_contains_paywalled_content":false,"_jetpack_memberships_contains_paid_content":false,"footnotes":"","jetpack_publicize_message":"","jetpack_publicize_feature_enabled":true,"jetpack_social_post_already_shared":true,"jetpack_social_options":{"image_generator_settings":{"template":"highway","default_image_id":0,"font":"","enabled":false},"version":2}},"categories":[1],"tags":[5854,45545,982,18765,44181,6267],"class_list":["post-184060","post","type-post","status-publish","format-standard","has-post-thumbnail","hentry","category-genel","tag-bursali","tag-fotografcinin","tag-rekor","tag-sergisine","tag-srebrenitsa","tag-ziyaretci"],"jetpack_publicize_connections":[],"jetpack_featured_media_url":"https:\/\/i0.wp.com\/www.tvturk.com\/wp-content\/uploads\/2019\/07\/bursali-fotografcinin-srebrenitsa-sergisine-rekor-ziyaretci_67d2f8e.jpg?fit=1000%2C562","jetpack_sharing_enabled":true,"jetpack_shortlink":"https:\/\/wp.me\/paKIfm-LSI","_links":{"self":[{"href":"http:\/\/www.tvturk.com\/index.php\/wp-json\/wp\/v2\/posts\/184060","targetHints":{"allow":["GET"]}}],"collection":[{"href":"http:\/\/www.tvturk.com\/index.php\/wp-json\/wp\/v2\/posts"}],"about":[{"href":"http:\/\/www.tvturk.com\/index.php\/wp-json\/wp\/v2\/types\/post"}],"author":[{"embeddable":true,"href":"http:\/\/www.tvturk.com\/index.php\/wp-json\/wp\/v2\/users\/1"}],"replies":[{"embeddable":true,"href":"http:\/\/www.tvturk.com\/index.php\/wp-json\/wp\/v2\/comments?post=184060"}],"version-history":[{"count":0,"href":"http:\/\/www.tvturk.com\/index.php\/wp-json\/wp\/v2\/posts\/184060\/revisions"}],"wp:featuredmedia":[{"embeddable":true,"href":"http:\/\/www.tvturk.com\/index.php\/wp-json\/wp\/v2\/media\/184061"}],"wp:attachment":[{"href":"http:\/\/www.tvturk.com\/index.php\/wp-json\/wp\/v2\/media?parent=184060"}],"wp:term":[{"taxonomy":"category","embeddable":true,"href":"http:\/\/www.tvturk.com\/index.php\/wp-json\/wp\/v2\/categories?post=184060"},{"taxonomy":"post_tag","embeddable":true,"href":"http:\/\/www.tvturk.com\/index.php\/wp-json\/wp\/v2\/tags?post=184060"}],"curies":[{"name":"wp","href":"https:\/\/api.w.org\/{rel}","templated":true}]}}