{"id":184062,"date":"2019-07-19T13:17:10","date_gmt":"2019-07-19T10:17:10","guid":{"rendered":"http:\/\/www.tvturk.com\/index.php\/genclerbirligi-zargo-toureyi-duyurdu\/"},"modified":"2019-07-19T13:17:10","modified_gmt":"2019-07-19T10:17:10","slug":"genclerbirligi-zargo-toureyi-duyurdu","status":"publish","type":"post","link":"http:\/\/www.tvturk.com\/index.php\/genclerbirligi-zargo-toureyi-duyurdu\/","title":{"rendered":"Gen\u00e7lerbirli\u011fi, Zargo Toure\u2019yi duyurdu"},"content":{"rendered":"<p>Gen\u00e7lerbirli\u011fi, son olarak Trabzonspor formas\u0131 giyen Senegalli oyuncu Zargo Toure\u2019yi 2 y\u0131ll\u0131\u011f\u0131na renklerine ba\u011flad\u0131\u011f\u0131n\u0131 duyurdu.<\/p>\n<p>Gen\u00e7lerbirli\u011fi, yeni sezon transfer \u00e7al\u0131\u015fmalar\u0131na devam ediyor. Ba\u015fkent ekibi, ba\u015far\u0131l\u0131 savunmac\u0131 Zargo Toure ile 2 y\u0131ll\u0131k s\u00f6zle\u015fme imzalad\u0131. Senegal\u2019de ba\u015flad\u0131\u011f\u0131 futbol kariyerine uzun y\u0131llar Fransa\u2019da devam eden Toure, ge\u00e7en sezon Trabzonspor formas\u0131yla S\u00fcper Lig\u2019de 27 ma\u00e7a \u00e7\u0131km\u0131\u015ft\u0131.<\/p>\n","protected":false},"excerpt":{"rendered":"<p>TRANSFER \u00c7ALI\u015eMALARINA DEVAM EDEN GEN\u00c7LERB\u0130RL\u0130\u011e\u0130 SON OLARAK TRABZONSPOR FORMASI G\u0130YEN SENEGALL\u0130 OYUNCU ZARGO TOURE \u0130LE ANLA\u015eMA \u0130MZALADI.<\/p>\n","protected":false},"author":1,"featured_media":184063,"comment_status":"closed","ping_status":"open","sticky":false,"template":"","format":"standard","meta":{"jetpack_post_was_ever_published":false,"_jetpack_newsletter_access":"","_jetpack_dont_email_post_to_subs":false,"_jetpack_newsletter_tier_id":0,"_jetpack_memberships_contains_paywalled_content":false,"_jetpack_memberships_contains_paid_content":false,"footnotes":"","jetpack_publicize_message":"","jetpack_publicize_feature_enabled":true,"jetpack_social_post_already_shared":true,"jetpack_social_options":{"image_generator_settings":{"template":"highway","default_image_id":0,"font":"","enabled":false},"version":2}},"categories":[657],"tags":[6761,7850,45547,45546],"class_list":["post-184062","post","type-post","status-publish","format-standard","has-post-thumbnail","hentry","category-spor","tag-duyurdu","tag-genclerbirligi","tag-toureyi","tag-zargo"],"jetpack_publicize_connections":[],"jetpack_featured_media_url":"https:\/\/i0.wp.com\/www.tvturk.com\/wp-content\/uploads\/2019\/07\/genclerbirligi-zargo-toureyi-duyurdu_66600c3.jpg?fit=768%2C658","jetpack_sharing_enabled":true,"jetpack_shortlink":"https:\/\/wp.me\/paKIfm-LSK","_links":{"self":[{"href":"http:\/\/www.tvturk.com\/index.php\/wp-json\/wp\/v2\/posts\/184062","targetHints":{"allow":["GET"]}}],"collection":[{"href":"http:\/\/www.tvturk.com\/index.php\/wp-json\/wp\/v2\/posts"}],"about":[{"href":"http:\/\/www.tvturk.com\/index.php\/wp-json\/wp\/v2\/types\/post"}],"author":[{"embeddable":true,"href":"http:\/\/www.tvturk.com\/index.php\/wp-json\/wp\/v2\/users\/1"}],"replies":[{"embeddable":true,"href":"http:\/\/www.tvturk.com\/index.php\/wp-json\/wp\/v2\/comments?post=184062"}],"version-history":[{"count":0,"href":"http:\/\/www.tvturk.com\/index.php\/wp-json\/wp\/v2\/posts\/184062\/revisions"}],"wp:featuredmedia":[{"embeddable":true,"href":"http:\/\/www.tvturk.com\/index.php\/wp-json\/wp\/v2\/media\/184063"}],"wp:attachment":[{"href":"http:\/\/www.tvturk.com\/index.php\/wp-json\/wp\/v2\/media?parent=184062"}],"wp:term":[{"taxonomy":"category","embeddable":true,"href":"http:\/\/www.tvturk.com\/index.php\/wp-json\/wp\/v2\/categories?post=184062"},{"taxonomy":"post_tag","embeddable":true,"href":"http:\/\/www.tvturk.com\/index.php\/wp-json\/wp\/v2\/tags?post=184062"}],"curies":[{"name":"wp","href":"https:\/\/api.w.org\/{rel}","templated":true}]}}