{"id":18408,"date":"2019-02-10T15:01:47","date_gmt":"2019-02-10T12:01:47","guid":{"rendered":"http:\/\/www.tvturk.com\/index.php\/dost-eli-yardim-tiri-kusadasina-ulasti\/"},"modified":"2019-02-10T15:01:50","modified_gmt":"2019-02-10T12:01:50","slug":"dost-eli-yardim-tiri-kusadasina-ulasti","status":"publish","type":"post","link":"http:\/\/www.tvturk.com\/index.php\/dost-eli-yardim-tiri-kusadasina-ulasti\/","title":{"rendered":"\u2018Dost Eli\u2019 yard\u0131m t\u0131r\u0131 Ku\u015fadas\u0131\u2019na ula\u015ft\u0131"},"content":{"rendered":"<p>Almanya\u2019n\u0131n Bremen kentinde bulunan Galatasarayl\u0131lar Derne\u011fi\u2019nin her y\u0131l d\u00fczenledi\u011fi \u2018Dost Eli\u2019 projesi bu y\u0131l Ku\u015fadas\u0131\u2019na uzand\u0131.<\/p>\n<p>Proje kapsam\u0131nda Galatasarayl\u0131lar Derne\u011fi \u00fcyeleri ve Bremen kentinde ya\u015fayan T\u00fcrk vatanda\u015flar\u0131n destekleri ile ihtiya\u00e7 sahipleri i\u00e7in toplanan 1 t\u0131rl\u0131k yard\u0131m malzemesi, Kervansaray\u2019da d\u00fczenlenen bir t\u00f6renle Ku\u015fadas\u0131 Belediyesi yetkililerine teslim edildi.<\/p>\n<p>Yard\u0131m t\u0131r\u0131 teslim t\u00f6renine Ku\u015fadas\u0131 Kaymakam\u0131 Saadettin Y\u00fccel, Ku\u015fadas\u0131 Belediye Ba\u015fkan\u0131 \u00d6zer Kayal\u0131, Bremen Galatasarayl\u0131lar Derne\u011fi Ba\u015fkan\u0131 Hasan K\u00fc\u015fneci, Ku\u015fadas\u0131 Galatasarayl\u0131lar Derne\u011fi Ba\u015fkan\u0131 Bar\u0131\u015f Salba\u015f, Belediye Meclis \u00dcyeleri ve \u00e7ok say\u0131da vatanda\u015f kat\u0131ld\u0131.<\/p>\n<p>T\u00f6rende konu\u015fan Kaymakam Y\u00fccel, hayatta her ihtimalin bulundu\u011funu, bug\u00fcn sa\u011fl\u0131kl\u0131 olan birisinin yar\u0131n hasta veya engelli olabilece\u011fini belirterek bu yard\u0131m\u0131n maddi de\u011ferinden ziyade manevi de\u011ferinin \u00e7ok daha y\u00fcksek oldu\u011funu s\u00f6yledi. Y\u00fccel, gurbetteki vatanda\u015flara ve bu yard\u0131m\u0131n Ku\u015fadas\u0131\u2019na ula\u015fmas\u0131nda k\u00f6pr\u00fc vazifesi g\u00f6ren Ku\u015fadas\u0131 Belediyesi\u2019ne te\u015fekk\u00fcr etti.<\/p>\n<p>Kaymakam Y\u00fccel\u2019in ard\u0131ndan konu\u015fan Ba\u015fkan Kayal\u0131, i\u00e7erisinde elektrikli ak\u00fcl\u00fc sandalyeden hasta yata\u011f\u0131na dek pek \u00e7ok malzeme bulunan t\u0131r\u0131n Ku\u015fadas\u0131\u2019na ula\u015fmas\u0131na arac\u0131l\u0131k eden Bremen Galatasarayl\u0131lar Derne\u011fi\u2019ne te\u015fekk\u00fcr ederek bu yard\u0131mla\u015fma ve dostlu\u011fun gurbetteki vatanda\u015flar\u0131m\u0131z\u0131n vatan sevgisini temsil etti\u011fini ifade etti. En \u00f6nemlisinin de bu organizasyonun do\u011fru \u015fekilde yap\u0131larak bu malzemelerin ihtiyac\u0131 olan vatanda\u015flara teslim edilmesi oldu\u011funu belirten Kayal\u0131, Ku\u015fadas\u0131 Belediyesi olarak bunu sa\u011flayacaklar\u0131n\u0131 s\u00f6yledi.<\/p>\n<p>T\u00f6rende konu\u015fan Hasan K\u00fc\u015fneci, 1997 y\u0131l\u0131nda kurulan derne\u011fin, son 12 y\u0131lda T\u00fcrkiye\u2019nin \u00e7e\u015fitli yerlerine Dost Eli yard\u0131m t\u0131r\u0131n\u0131 g\u00f6nderdi\u011fini ve bu y\u0131lki dura\u011f\u0131n Ku\u015fadas\u0131 oldu\u011funu s\u00f6yledi. Bu t\u0131r\u0131n i\u00e7inde sevgi ve vatan hasreti oldu\u011funu ifade eden K\u00fc\u015fneci, malzemelerin ihtiya\u00e7 sahiplerine ula\u015faca\u011f\u0131ndan emin olduklar\u0131n\u0131 ve i\u00e7lerinin rahat oldu\u011funu belirtti. Ku\u015fadas\u0131 Belediye Ba\u015fkan\u0131 \u00d6zer Kayal\u0131\u2019ya, Ku\u015fadas\u0131 Galatasarayl\u0131lar Derne\u011fi\u2019ne, Almaya ve T\u00fcrkiye\u2019de eme\u011fi ge\u00e7en herkese te\u015fekk\u00fcr eden K\u00fc\u015fneci, t\u0131r\u0131n Ku\u015fadas\u0131\u2019na gelmi\u015f olmas\u0131ndan dolay\u0131 b\u00fcy\u00fck mutluluk duydu\u011funu ifade etti.<\/p>\n<p>Yard\u0131m t\u0131r\u0131n\u0131n i\u00e7erisinde 150 adet tekerlekli sandalye, hasta yataklar\u0131, \u00e7ocuklar i\u00e7in 72 adet forma tak\u0131m\u0131, okul \u00e7antalar\u0131, oyuncaklar ve daha bir\u00e7ok malzeme bulunuyor. Dost Eli t\u0131r\u0131, 11 il ve il\u00e7eden sonra 12. ziyaretini Ku\u015fadas\u0131\u2019na yapt\u0131.<div class=\"tiled-gallery type-rectangular tiled-gallery-unresized\" data-original-width=\"500\" data-carousel-extra='null' itemscope itemtype=\"http:\/\/schema.org\/ImageGallery\" > <div class=\"gallery-row\" style=\"width: 500px; height: 222px;\" data-original-width=\"500\" data-original-height=\"222\" > <div class=\"gallery-group images-1\" style=\"width: 334px; height: 222px;\" data-original-width=\"334\" data-original-height=\"222\" > <div class=\"tiled-gallery-item tiled-gallery-item-large\" itemprop=\"associatedMedia\" itemscope itemtype=\"http:\/\/schema.org\/ImageObject\"> <a href=\"http:\/\/www.tvturk.com\/index.php\/dost-eli-yardim-tiri-kusadasina-ulasti\/dost-eli-yardim-tiri-kusadasina-ulasti-3\/\" border=\"0\" itemprop=\"url\"> <meta itemprop=\"width\" content=\"330\"> <meta itemprop=\"height\" content=\"218\"> <img decoding=\"async\" class=\"\" data-attachment-id=\"18410\" data-orig-file=\"http:\/\/www.tvturk.com\/wp-content\/uploads\/2019\/02\/dost-eli-yardim-tiri-kusadasina-ulasti_80d672e.jpg\" data-orig-size=\"960,635\" data-comments-opened=\"\" data-image-meta=\"{&quot;aperture&quot;:&quot;0&quot;,&quot;credit&quot;:&quot;IHA&quot;,&quot;camera&quot;:&quot;&quot;,&quot;caption&quot;:&quot;ALMANYA\\u2019NIN BREMEN KENT\\u0130NDE BULUNAN GALATASARAYLILAR DERNE\\u011e\\u0130\\u2019N\\u0130N HER YIL D\\u00dcZENLED\\u0130\\u011e\\u0130 \\u2018DOST EL\\u0130\\u2019 PROJES\\u0130 BU YIL KU\\u015eADASI\\u2019NA UZANDI. (\\u0130SMA\\u0130L \\u00dcM\\u0130T D\\u0130L\\u015eEN\\\/AYDIN-\\u0130HA)&quot;,&quot;created_timestamp&quot;:&quot;0&quot;,&quot;copyright&quot;:&quot;\\u0130HLAS HABER AJANSI, www.iha.com.tr&quot;,&quot;focal_length&quot;:&quot;0&quot;,&quot;iso&quot;:&quot;0&quot;,&quot;shutter_speed&quot;:&quot;0&quot;,&quot;title&quot;:&quot;\\u2018DOST EL\\u0130\\u2019 YARDIM TIRI KU\\u015eADASI\\u2019NA ULA\\u015eTI&quot;,&quot;orientation&quot;:&quot;0&quot;}\" data-image-title=\"\u2018Dost Eli\u2019 yard\u0131m t\u0131r\u0131 Ku\u015fadas\u0131\u2019na ula\u015ft\u0131\" data-image-description=\"&lt;p&gt;\u2018Dost Eli\u2019 yard\u0131m t\u0131r\u0131 Ku\u015fadas\u0131\u2019na ula\u015ft\u0131&lt;\/p&gt; \" data-medium-file=\"https:\/\/i0.wp.com\/www.tvturk.com\/wp-content\/uploads\/2019\/02\/dost-eli-yardim-tiri-kusadasina-ulasti_80d672e.jpg?fit=300%2C198\" data-large-file=\"https:\/\/i0.wp.com\/www.tvturk.com\/wp-content\/uploads\/2019\/02\/dost-eli-yardim-tiri-kusadasina-ulasti_80d672e.jpg?fit=960%2C635\" src=\"https:\/\/i0.wp.com\/www.tvturk.com\/wp-content\/uploads\/2019\/02\/dost-eli-yardim-tiri-kusadasina-ulasti_80d672e.jpg?w=330&#038;h=218\" srcset=\"https:\/\/i0.wp.com\/www.tvturk.com\/wp-content\/uploads\/2019\/02\/dost-eli-yardim-tiri-kusadasina-ulasti_80d672e.jpg?w=960 960w, https:\/\/i0.wp.com\/www.tvturk.com\/wp-content\/uploads\/2019\/02\/dost-eli-yardim-tiri-kusadasina-ulasti_80d672e.jpg?resize=150%2C99 150w, https:\/\/i0.wp.com\/www.tvturk.com\/wp-content\/uploads\/2019\/02\/dost-eli-yardim-tiri-kusadasina-ulasti_80d672e.jpg?resize=300%2C198 300w, https:\/\/i0.wp.com\/www.tvturk.com\/wp-content\/uploads\/2019\/02\/dost-eli-yardim-tiri-kusadasina-ulasti_80d672e.jpg?resize=768%2C508 768w, https:\/\/i0.wp.com\/www.tvturk.com\/wp-content\/uploads\/2019\/02\/dost-eli-yardim-tiri-kusadasina-ulasti_80d672e.jpg?resize=170%2C113 170w, https:\/\/i0.wp.com\/www.tvturk.com\/wp-content\/uploads\/2019\/02\/dost-eli-yardim-tiri-kusadasina-ulasti_80d672e.jpg?resize=120%2C80 120w\" width=\"330\" height=\"218\" loading=\"lazy\" data-original-width=\"330\" data-original-height=\"218\" itemprop=\"http:\/\/schema.org\/image\" title=\"\u2018Dost Eli\u2019 yard\u0131m t\u0131r\u0131 Ku\u015fadas\u0131\u2019na ula\u015ft\u0131\" alt=\"\u2018Dost Eli\u2019 yard\u0131m t\u0131r\u0131 Ku\u015fadas\u0131\u2019na ula\u015ft\u0131\" style=\"width: 330px; height: 218px;\" \/> <\/a> <\/div> <\/div> <!-- close group --> <div class=\"gallery-group images-2\" style=\"width: 166px; height: 222px;\" data-original-width=\"166\" data-original-height=\"222\" > <div class=\"tiled-gallery-item tiled-gallery-item-small\" itemprop=\"associatedMedia\" itemscope itemtype=\"http:\/\/schema.org\/ImageObject\"> <a href=\"http:\/\/www.tvturk.com\/index.php\/dost-eli-yardim-tiri-kusadasina-ulasti\/dost-eli-yardim-tiri-kusadasina-ulasti-4\/\" border=\"0\" itemprop=\"url\"> <meta itemprop=\"width\" content=\"162\"> <meta itemprop=\"height\" content=\"107\"> <img decoding=\"async\" class=\"\" data-attachment-id=\"18411\" data-orig-file=\"http:\/\/www.tvturk.com\/wp-content\/uploads\/2019\/02\/dost-eli-yardim-tiri-kusadasina-ulasti_8b4053d.jpg\" data-orig-size=\"960,635\" data-comments-opened=\"\" data-image-meta=\"{&quot;aperture&quot;:&quot;0&quot;,&quot;credit&quot;:&quot;IHA&quot;,&quot;camera&quot;:&quot;&quot;,&quot;caption&quot;:&quot;ALMANYA\\u2019NIN BREMEN KENT\\u0130NDE BULUNAN GALATASARAYLILAR DERNE\\u011e\\u0130\\u2019N\\u0130N HER YIL D\\u00dcZENLED\\u0130\\u011e\\u0130 \\u2018DOST EL\\u0130\\u2019 PROJES\\u0130 BU YIL KU\\u015eADASI\\u2019NA UZANDI. (\\u0130SMA\\u0130L \\u00dcM\\u0130T D\\u0130L\\u015eEN\\\/AYDIN-\\u0130HA)&quot;,&quot;created_timestamp&quot;:&quot;0&quot;,&quot;copyright&quot;:&quot;\\u0130HLAS HABER AJANSI, www.iha.com.tr&quot;,&quot;focal_length&quot;:&quot;0&quot;,&quot;iso&quot;:&quot;0&quot;,&quot;shutter_speed&quot;:&quot;0&quot;,&quot;title&quot;:&quot;\\u2018DOST EL\\u0130\\u2019 YARDIM TIRI KU\\u015eADASI\\u2019NA ULA\\u015eTI&quot;,&quot;orientation&quot;:&quot;0&quot;}\" data-image-title=\"\u2018Dost Eli\u2019 yard\u0131m t\u0131r\u0131 Ku\u015fadas\u0131\u2019na ula\u015ft\u0131\" data-image-description=\"&lt;p&gt;\u2018Dost Eli\u2019 yard\u0131m t\u0131r\u0131 Ku\u015fadas\u0131\u2019na ula\u015ft\u0131&lt;\/p&gt; \" data-medium-file=\"https:\/\/i0.wp.com\/www.tvturk.com\/wp-content\/uploads\/2019\/02\/dost-eli-yardim-tiri-kusadasina-ulasti_8b4053d.jpg?fit=300%2C198\" data-large-file=\"https:\/\/i0.wp.com\/www.tvturk.com\/wp-content\/uploads\/2019\/02\/dost-eli-yardim-tiri-kusadasina-ulasti_8b4053d.jpg?fit=960%2C635\" src=\"https:\/\/i0.wp.com\/www.tvturk.com\/wp-content\/uploads\/2019\/02\/dost-eli-yardim-tiri-kusadasina-ulasti_8b4053d.jpg?w=162&#038;h=107\" srcset=\"https:\/\/i0.wp.com\/www.tvturk.com\/wp-content\/uploads\/2019\/02\/dost-eli-yardim-tiri-kusadasina-ulasti_8b4053d.jpg?w=960 960w, https:\/\/i0.wp.com\/www.tvturk.com\/wp-content\/uploads\/2019\/02\/dost-eli-yardim-tiri-kusadasina-ulasti_8b4053d.jpg?resize=150%2C99 150w, https:\/\/i0.wp.com\/www.tvturk.com\/wp-content\/uploads\/2019\/02\/dost-eli-yardim-tiri-kusadasina-ulasti_8b4053d.jpg?resize=300%2C200 300w, https:\/\/i0.wp.com\/www.tvturk.com\/wp-content\/uploads\/2019\/02\/dost-eli-yardim-tiri-kusadasina-ulasti_8b4053d.jpg?resize=768%2C508 768w, https:\/\/i0.wp.com\/www.tvturk.com\/wp-content\/uploads\/2019\/02\/dost-eli-yardim-tiri-kusadasina-ulasti_8b4053d.jpg?resize=170%2C113 170w, https:\/\/i0.wp.com\/www.tvturk.com\/wp-content\/uploads\/2019\/02\/dost-eli-yardim-tiri-kusadasina-ulasti_8b4053d.jpg?resize=120%2C80 120w\" width=\"162\" height=\"107\" loading=\"lazy\" data-original-width=\"162\" data-original-height=\"107\" itemprop=\"http:\/\/schema.org\/image\" title=\"\u2018Dost Eli\u2019 yard\u0131m t\u0131r\u0131 Ku\u015fadas\u0131\u2019na ula\u015ft\u0131\" alt=\"\u2018Dost Eli\u2019 yard\u0131m t\u0131r\u0131 Ku\u015fadas\u0131\u2019na ula\u015ft\u0131\" style=\"width: 162px; height: 107px;\" \/> <\/a> <\/div> <div class=\"tiled-gallery-item tiled-gallery-item-small\" itemprop=\"associatedMedia\" itemscope itemtype=\"http:\/\/schema.org\/ImageObject\"> <a href=\"http:\/\/www.tvturk.com\/index.php\/dost-eli-yardim-tiri-kusadasina-ulasti\/dost-eli-yardim-tiri-kusadasina-ulasti-5\/\" border=\"0\" itemprop=\"url\"> <meta itemprop=\"width\" content=\"162\"> <meta itemprop=\"height\" content=\"107\"> <img decoding=\"async\" class=\"\" data-attachment-id=\"18412\" data-orig-file=\"http:\/\/www.tvturk.com\/wp-content\/uploads\/2019\/02\/dost-eli-yardim-tiri-kusadasina-ulasti_2ad2669.jpg\" data-orig-size=\"960,635\" data-comments-opened=\"\" data-image-meta=\"{&quot;aperture&quot;:&quot;0&quot;,&quot;credit&quot;:&quot;IHA&quot;,&quot;camera&quot;:&quot;&quot;,&quot;caption&quot;:&quot;ALMANYA\\u2019NIN BREMEN KENT\\u0130NDE BULUNAN GALATASARAYLILAR DERNE\\u011e\\u0130\\u2019N\\u0130N HER YIL D\\u00dcZENLED\\u0130\\u011e\\u0130 \\u2018DOST EL\\u0130\\u2019 PROJES\\u0130 BU YIL KU\\u015eADASI\\u2019NA UZANDI. (\\u0130SMA\\u0130L \\u00dcM\\u0130T D\\u0130L\\u015eEN\\\/AYDIN-\\u0130HA)&quot;,&quot;created_timestamp&quot;:&quot;0&quot;,&quot;copyright&quot;:&quot;\\u0130HLAS HABER AJANSI, www.iha.com.tr&quot;,&quot;focal_length&quot;:&quot;0&quot;,&quot;iso&quot;:&quot;0&quot;,&quot;shutter_speed&quot;:&quot;0&quot;,&quot;title&quot;:&quot;\\u2018DOST EL\\u0130\\u2019 YARDIM TIRI KU\\u015eADASI\\u2019NA ULA\\u015eTI&quot;,&quot;orientation&quot;:&quot;0&quot;}\" data-image-title=\"\u2018Dost Eli\u2019 yard\u0131m t\u0131r\u0131 Ku\u015fadas\u0131\u2019na ula\u015ft\u0131\" data-image-description=\"&lt;p&gt;\u2018Dost Eli\u2019 yard\u0131m t\u0131r\u0131 Ku\u015fadas\u0131\u2019na ula\u015ft\u0131&lt;\/p&gt; \" data-medium-file=\"https:\/\/i0.wp.com\/www.tvturk.com\/wp-content\/uploads\/2019\/02\/dost-eli-yardim-tiri-kusadasina-ulasti_2ad2669.jpg?fit=300%2C198\" data-large-file=\"https:\/\/i0.wp.com\/www.tvturk.com\/wp-content\/uploads\/2019\/02\/dost-eli-yardim-tiri-kusadasina-ulasti_2ad2669.jpg?fit=960%2C635\" src=\"https:\/\/i0.wp.com\/www.tvturk.com\/wp-content\/uploads\/2019\/02\/dost-eli-yardim-tiri-kusadasina-ulasti_2ad2669.jpg?w=162&#038;h=107\" srcset=\"https:\/\/i0.wp.com\/www.tvturk.com\/wp-content\/uploads\/2019\/02\/dost-eli-yardim-tiri-kusadasina-ulasti_2ad2669.jpg?w=960 960w, https:\/\/i0.wp.com\/www.tvturk.com\/wp-content\/uploads\/2019\/02\/dost-eli-yardim-tiri-kusadasina-ulasti_2ad2669.jpg?resize=150%2C99 150w, https:\/\/i0.wp.com\/www.tvturk.com\/wp-content\/uploads\/2019\/02\/dost-eli-yardim-tiri-kusadasina-ulasti_2ad2669.jpg?resize=300%2C200 300w, https:\/\/i0.wp.com\/www.tvturk.com\/wp-content\/uploads\/2019\/02\/dost-eli-yardim-tiri-kusadasina-ulasti_2ad2669.jpg?resize=768%2C508 768w, https:\/\/i0.wp.com\/www.tvturk.com\/wp-content\/uploads\/2019\/02\/dost-eli-yardim-tiri-kusadasina-ulasti_2ad2669.jpg?resize=170%2C113 170w, https:\/\/i0.wp.com\/www.tvturk.com\/wp-content\/uploads\/2019\/02\/dost-eli-yardim-tiri-kusadasina-ulasti_2ad2669.jpg?resize=120%2C80 120w\" width=\"162\" height=\"107\" loading=\"lazy\" data-original-width=\"162\" data-original-height=\"107\" itemprop=\"http:\/\/schema.org\/image\" title=\"\u2018Dost Eli\u2019 yard\u0131m t\u0131r\u0131 Ku\u015fadas\u0131\u2019na ula\u015ft\u0131\" alt=\"\u2018Dost Eli\u2019 yard\u0131m t\u0131r\u0131 Ku\u015fadas\u0131\u2019na ula\u015ft\u0131\" style=\"width: 162px; height: 107px;\" \/> <\/a> <\/div> <\/div> <!-- close group --> <\/div> <!-- close row --> <div class=\"gallery-row\" style=\"width: 500px; height: 332px;\" data-original-width=\"500\" data-original-height=\"332\" > <div class=\"gallery-group images-1\" style=\"width: 500px; height: 332px;\" data-original-width=\"500\" data-original-height=\"332\" > <div class=\"tiled-gallery-item tiled-gallery-item-large\" itemprop=\"associatedMedia\" itemscope itemtype=\"http:\/\/schema.org\/ImageObject\"> <a href=\"http:\/\/www.tvturk.com\/index.php\/dost-eli-yardim-tiri-kusadasina-ulasti\/dost-eli-yardim-tiri-kusadasina-ulasti-6\/\" border=\"0\" itemprop=\"url\"> <meta itemprop=\"width\" content=\"496\"> <meta itemprop=\"height\" content=\"328\"> <img decoding=\"async\" class=\"\" data-attachment-id=\"18413\" data-orig-file=\"http:\/\/www.tvturk.com\/wp-content\/uploads\/2019\/02\/dost-eli-yardim-tiri-kusadasina-ulasti_fcb1263.jpg\" data-orig-size=\"960,635\" data-comments-opened=\"\" data-image-meta=\"{&quot;aperture&quot;:&quot;0&quot;,&quot;credit&quot;:&quot;IHA&quot;,&quot;camera&quot;:&quot;&quot;,&quot;caption&quot;:&quot;ALMANYA\\u2019NIN BREMEN KENT\\u0130NDE BULUNAN GALATASARAYLILAR DERNE\\u011e\\u0130\\u2019N\\u0130N HER YIL D\\u00dcZENLED\\u0130\\u011e\\u0130 \\u2018DOST EL\\u0130\\u2019 PROJES\\u0130 BU YIL KU\\u015eADASI\\u2019NA UZANDI. (\\u0130SMA\\u0130L \\u00dcM\\u0130T D\\u0130L\\u015eEN\\\/AYDIN-\\u0130HA)&quot;,&quot;created_timestamp&quot;:&quot;0&quot;,&quot;copyright&quot;:&quot;\\u0130HLAS HABER AJANSI, www.iha.com.tr&quot;,&quot;focal_length&quot;:&quot;0&quot;,&quot;iso&quot;:&quot;0&quot;,&quot;shutter_speed&quot;:&quot;0&quot;,&quot;title&quot;:&quot;\\u2018DOST EL\\u0130\\u2019 YARDIM TIRI KU\\u015eADASI\\u2019NA ULA\\u015eTI&quot;,&quot;orientation&quot;:&quot;0&quot;}\" data-image-title=\"\u2018Dost Eli\u2019 yard\u0131m t\u0131r\u0131 Ku\u015fadas\u0131\u2019na ula\u015ft\u0131\" data-image-description=\"&lt;p&gt;\u2018Dost Eli\u2019 yard\u0131m t\u0131r\u0131 Ku\u015fadas\u0131\u2019na ula\u015ft\u0131&lt;\/p&gt; \" data-medium-file=\"https:\/\/i0.wp.com\/www.tvturk.com\/wp-content\/uploads\/2019\/02\/dost-eli-yardim-tiri-kusadasina-ulasti_fcb1263.jpg?fit=300%2C198\" data-large-file=\"https:\/\/i0.wp.com\/www.tvturk.com\/wp-content\/uploads\/2019\/02\/dost-eli-yardim-tiri-kusadasina-ulasti_fcb1263.jpg?fit=960%2C635\" src=\"https:\/\/i0.wp.com\/www.tvturk.com\/wp-content\/uploads\/2019\/02\/dost-eli-yardim-tiri-kusadasina-ulasti_fcb1263.jpg?w=496&#038;h=328\" srcset=\"https:\/\/i0.wp.com\/www.tvturk.com\/wp-content\/uploads\/2019\/02\/dost-eli-yardim-tiri-kusadasina-ulasti_fcb1263.jpg?w=960 960w, https:\/\/i0.wp.com\/www.tvturk.com\/wp-content\/uploads\/2019\/02\/dost-eli-yardim-tiri-kusadasina-ulasti_fcb1263.jpg?resize=150%2C99 150w, https:\/\/i0.wp.com\/www.tvturk.com\/wp-content\/uploads\/2019\/02\/dost-eli-yardim-tiri-kusadasina-ulasti_fcb1263.jpg?resize=300%2C198 300w, https:\/\/i0.wp.com\/www.tvturk.com\/wp-content\/uploads\/2019\/02\/dost-eli-yardim-tiri-kusadasina-ulasti_fcb1263.jpg?resize=768%2C508 768w, https:\/\/i0.wp.com\/www.tvturk.com\/wp-content\/uploads\/2019\/02\/dost-eli-yardim-tiri-kusadasina-ulasti_fcb1263.jpg?resize=170%2C113 170w, https:\/\/i0.wp.com\/www.tvturk.com\/wp-content\/uploads\/2019\/02\/dost-eli-yardim-tiri-kusadasina-ulasti_fcb1263.jpg?resize=120%2C80 120w\" width=\"496\" height=\"328\" loading=\"lazy\" data-original-width=\"496\" data-original-height=\"328\" itemprop=\"http:\/\/schema.org\/image\" title=\"\u2018Dost Eli\u2019 yard\u0131m t\u0131r\u0131 Ku\u015fadas\u0131\u2019na ula\u015ft\u0131\" alt=\"\u2018Dost Eli\u2019 yard\u0131m t\u0131r\u0131 Ku\u015fadas\u0131\u2019na ula\u015ft\u0131\" style=\"width: 496px; height: 328px;\" \/> <\/a> <\/div> <\/div> <!-- close group --> <\/div> <!-- close row --> <\/div><\/p>\n","protected":false},"excerpt":{"rendered":"<p>ALMANYA\u2019NIN BREMEN KENT\u0130NDE BULUNAN GALATASARAYLILAR DERNE\u011e\u0130\u2019N\u0130N HER YIL D\u00dcZENLED\u0130\u011e\u0130 \u2018DOST EL\u0130\u2019 PROJES\u0130 BU YIL KU\u015eADASI\u2019NA UZANDI.<\/p>\n","protected":false},"author":1,"featured_media":18409,"comment_status":"closed","ping_status":"open","sticky":false,"template":"","format":"standard","meta":{"jetpack_post_was_ever_published":false,"_jetpack_newsletter_access":"","_jetpack_dont_email_post_to_subs":false,"_jetpack_newsletter_tier_id":0,"_jetpack_memberships_contains_paywalled_content":false,"_jetpack_memberships_contains_paid_content":false,"footnotes":"","jetpack_publicize_message":"","jetpack_publicize_feature_enabled":true,"jetpack_social_post_already_shared":false,"jetpack_social_options":{"image_generator_settings":{"template":"highway","default_image_id":0,"font":"","enabled":false},"version":2}},"categories":[655],"tags":[8392,4118,7675,5961,2574,1736],"class_list":["post-18408","post","type-post","status-publish","format-standard","has-post-thumbnail","hentry","category-son-dakika","tag-dost","tag-eli","tag-kusadasina","tag-tiri","tag-ulasti","tag-yardim"],"jetpack_publicize_connections":[],"jetpack_featured_media_url":"https:\/\/i0.wp.com\/www.tvturk.com\/wp-content\/uploads\/2019\/02\/dost-eli-yardim-tiri-kusadasina-ulasti_1f03249.jpg?fit=960%2C635","jetpack_sharing_enabled":true,"jetpack_shortlink":"https:\/\/wp.me\/paKIfm-4MU","_links":{"self":[{"href":"http:\/\/www.tvturk.com\/index.php\/wp-json\/wp\/v2\/posts\/18408","targetHints":{"allow":["GET"]}}],"collection":[{"href":"http:\/\/www.tvturk.com\/index.php\/wp-json\/wp\/v2\/posts"}],"about":[{"href":"http:\/\/www.tvturk.com\/index.php\/wp-json\/wp\/v2\/types\/post"}],"author":[{"embeddable":true,"href":"http:\/\/www.tvturk.com\/index.php\/wp-json\/wp\/v2\/users\/1"}],"replies":[{"embeddable":true,"href":"http:\/\/www.tvturk.com\/index.php\/wp-json\/wp\/v2\/comments?post=18408"}],"version-history":[{"count":1,"href":"http:\/\/www.tvturk.com\/index.php\/wp-json\/wp\/v2\/posts\/18408\/revisions"}],"predecessor-version":[{"id":18414,"href":"http:\/\/www.tvturk.com\/index.php\/wp-json\/wp\/v2\/posts\/18408\/revisions\/18414"}],"wp:featuredmedia":[{"embeddable":true,"href":"http:\/\/www.tvturk.com\/index.php\/wp-json\/wp\/v2\/media\/18409"}],"wp:attachment":[{"href":"http:\/\/www.tvturk.com\/index.php\/wp-json\/wp\/v2\/media?parent=18408"}],"wp:term":[{"taxonomy":"category","embeddable":true,"href":"http:\/\/www.tvturk.com\/index.php\/wp-json\/wp\/v2\/categories?post=18408"},{"taxonomy":"post_tag","embeddable":true,"href":"http:\/\/www.tvturk.com\/index.php\/wp-json\/wp\/v2\/tags?post=18408"}],"curies":[{"name":"wp","href":"https:\/\/api.w.org\/{rel}","templated":true}]}}