{"id":184104,"date":"2019-07-19T14:32:21","date_gmt":"2019-07-19T11:32:21","guid":{"rendered":"http:\/\/www.tvturk.com\/index.php\/boyd-ilk-antrenmanina-cikti\/"},"modified":"2019-07-19T14:32:21","modified_gmt":"2019-07-19T11:32:21","slug":"boyd-ilk-antrenmanina-cikti","status":"publish","type":"post","link":"http:\/\/www.tvturk.com\/index.php\/boyd-ilk-antrenmanina-cikti\/","title":{"rendered":"Boyd ilk antrenman\u0131na \u00e7\u0131kt\u0131"},"content":{"rendered":"<p>Be\u015fikta\u015f, 2019-2020 S\u00fcper Lig Cemil Usta sezonu haz\u0131rl\u0131klar\u0131na bug\u00fcn yapt\u0131\u011f\u0131 antrenmanla devam etti. Siyah-beyazl\u0131lar\u0131n yeni transferi Tyler Boyd da ilk kez tak\u0131mla birlikte \u00e7al\u0131\u015ft\u0131.<\/p>\n<p>TFF Riva Hasan Do\u011fan Tesisleri\u2019nde Teknik Direkt\u00f6r Abdullah Avc\u0131 y\u00f6netiminde yap\u0131lan antrenman kuvvet ve kondisyon \u00e7al\u0131\u015fmas\u0131 olarak ger\u00e7ekle\u015fti. \u0130dman sahada yap\u0131lan \u0131s\u0131nma ko\u015fular\u0131, istasyon ko\u015fular\u0131 ve streching \u00e7al\u0131\u015fmas\u0131 ile ba\u015flad\u0131. Pas \u00e7al\u0131\u015fmas\u0131, 5\u2019e 2 sonras\u0131 kuvvet ve dayan\u0131kl\u0131l\u0131k ko\u015fular\u0131 yap\u0131ld\u0131. Antrenman streching \u00e7al\u0131\u015fmas\u0131 ile sona erdi.<\/p>\n<p>\u0130dmana izinli olan Gary Medel kat\u0131lmad\u0131. R\u0131dvan Y\u0131lmaz, Atiba Hutchinson ve Burak Y\u0131lmaz tak\u0131mdan ayr\u0131 sahada ko\u015fu yaparken, Tyler Boyd ise tak\u0131mla birlikte \u00e7al\u0131\u015ft\u0131.<\/p>\n<p>Be\u015fikta\u015f, kamp \u00e7al\u0131\u015fmalar\u0131na yar\u0131n saat 10.30 ve 18.30\u2019da yapaca\u011f\u0131 antrenmanlarla devam edecek.<\/p>\n","protected":false},"excerpt":{"rendered":"<p>BE\u015e\u0130KTA\u015e, 2019-2020 S\u00dcPER L\u0130G CEM\u0130L USTA SEZONU HAZIRLIKLARINA BUG\u00dcN YAPTI\u011eI ANTRENMANLA DEVAM ETT\u0130. S\u0130YAH-BEYAZLILARIN YEN\u0130 TRANSFER\u0130 TYLER BOYD DA \u0130LK KEZ TAKIMLA B\u0130RL\u0130KTE \u00c7ALI\u015eTI.<\/p>\n","protected":false},"author":1,"featured_media":184105,"comment_status":"closed","ping_status":"open","sticky":false,"template":"","format":"standard","meta":{"jetpack_post_was_ever_published":false,"_jetpack_newsletter_access":"","_jetpack_dont_email_post_to_subs":false,"_jetpack_newsletter_tier_id":0,"_jetpack_memberships_contains_paywalled_content":false,"_jetpack_memberships_contains_paid_content":false,"footnotes":"","jetpack_publicize_message":"","jetpack_publicize_feature_enabled":true,"jetpack_social_post_already_shared":true,"jetpack_social_options":{"image_generator_settings":{"template":"highway","default_image_id":0,"font":"","enabled":false},"version":2}},"categories":[657],"tags":[21309,45423,1202,37],"class_list":["post-184104","post","type-post","status-publish","format-standard","has-post-thumbnail","hentry","category-spor","tag-antrenmanina","tag-boyd","tag-cikti","tag-ilk"],"jetpack_publicize_connections":[],"jetpack_featured_media_url":"https:\/\/i0.wp.com\/www.tvturk.com\/wp-content\/uploads\/2019\/07\/boyd-ilk-antrenmanina-cikti_b962ac5.jpg?fit=1000%2C650","jetpack_sharing_enabled":true,"jetpack_shortlink":"https:\/\/wp.me\/paKIfm-LTq","_links":{"self":[{"href":"http:\/\/www.tvturk.com\/index.php\/wp-json\/wp\/v2\/posts\/184104","targetHints":{"allow":["GET"]}}],"collection":[{"href":"http:\/\/www.tvturk.com\/index.php\/wp-json\/wp\/v2\/posts"}],"about":[{"href":"http:\/\/www.tvturk.com\/index.php\/wp-json\/wp\/v2\/types\/post"}],"author":[{"embeddable":true,"href":"http:\/\/www.tvturk.com\/index.php\/wp-json\/wp\/v2\/users\/1"}],"replies":[{"embeddable":true,"href":"http:\/\/www.tvturk.com\/index.php\/wp-json\/wp\/v2\/comments?post=184104"}],"version-history":[{"count":0,"href":"http:\/\/www.tvturk.com\/index.php\/wp-json\/wp\/v2\/posts\/184104\/revisions"}],"wp:featuredmedia":[{"embeddable":true,"href":"http:\/\/www.tvturk.com\/index.php\/wp-json\/wp\/v2\/media\/184105"}],"wp:attachment":[{"href":"http:\/\/www.tvturk.com\/index.php\/wp-json\/wp\/v2\/media?parent=184104"}],"wp:term":[{"taxonomy":"category","embeddable":true,"href":"http:\/\/www.tvturk.com\/index.php\/wp-json\/wp\/v2\/categories?post=184104"},{"taxonomy":"post_tag","embeddable":true,"href":"http:\/\/www.tvturk.com\/index.php\/wp-json\/wp\/v2\/tags?post=184104"}],"curies":[{"name":"wp","href":"https:\/\/api.w.org\/{rel}","templated":true}]}}