{"id":184122,"date":"2019-07-19T15:02:01","date_gmt":"2019-07-19T12:02:01","guid":{"rendered":"http:\/\/www.tvturk.com\/index.php\/sehit-aileleri-ve-gaziler-sahil-guvenlik-komutanliginin-etkinliginde-bulustu\/"},"modified":"2019-07-19T15:02:01","modified_gmt":"2019-07-19T12:02:01","slug":"sehit-aileleri-ve-gaziler-sahil-guvenlik-komutanliginin-etkinliginde-bulustu","status":"publish","type":"post","link":"http:\/\/www.tvturk.com\/index.php\/sehit-aileleri-ve-gaziler-sahil-guvenlik-komutanliginin-etkinliginde-bulustu\/","title":{"rendered":"\u015eehit aileleri ve gaziler Sahil G\u00fcvenlik Komutanl\u0131\u011f\u0131n\u0131n etkinli\u011finde bulu\u015ftu"},"content":{"rendered":"<p>\u0130stanbul\u2019daki \u015fehit aileleri ve gaziler, Sahil G\u00fcvenlik Komutanl\u0131\u011f\u0131nca d\u00fczenlenen etkinlikte \u0130stanbul Bo\u011faz\u0131\u2019n\u0131 gezdi.<\/p>\n<p>15 Temmuz Demokrasi ve Milli Birlik G\u00fcn\u00fc etkinlikleri kapsam\u0131nda, Sahil G\u00fcvenlik Komutanl\u0131\u011f\u0131 taraf\u0131ndan \u0130stanbul\u2019daki \u015fehit aileleri ve gaziler bo\u011faz turuna \u00e7\u0131kt\u0131. Aile, \u00c7al\u0131\u015fma ve Sosyal Hizmetler \u0130l M\u00fcd\u00fcrl\u00fc\u011f\u00fcnce Sar\u0131yer\u2019deki B\u00fcy\u00fckdere Sahil G\u00fcvenlik \u0130skelesi\u2019ne getirilen \u015fehit yak\u0131nlar\u0131 ve gaziler, TCSG G\u00fcven 702 Arama Kurtarma Korvet Gemisi\u2019ne binerek denize a\u00e7\u0131ld\u0131. \u0130stanbul Bo\u011faz\u0131 ve Adalar\u2019\u0131 gezen ailelere, tarihi ve k\u00fclt\u00fcrel yap\u0131lar hakk\u0131nda da bilgiler verildi. Aileler kendilerine ilgi g\u00f6steren askerlerle sohbet ederek foto\u011fraf \u00e7ektirdi. Gezinti s\u0131ras\u0131nda konuklara yemek, tatl\u0131 ve i\u00e7ecek ikram\u0131nda bulunuldu. Etkinlikte g\u00fcverteye \u00e7\u0131kan ve d\u00fcmeni inceleyen \u015fehit ve gazi \u00e7ocuklar\u0131na geminin \u00e7al\u0131\u015fma sistemi hakk\u0131nda bilgiler verildi.<\/p>\n<p>Etkinlikte k\u0131sa bir konu\u015fma yapan Gemi Komutan\u0131 Yarbay Ertu\u011frul \u0130smet Bay\u0131r, \u201c\u0130stanbul Bo\u011faz\u0131\u2019nda b\u00f6yle bir gezi faaliyeti icra ettik. Bunda maksat sizlerle birlikte mutlu bir g\u00fcn ge\u00e7irebilmek. Mavi vatan denizlerimizin kolluk g\u00f6revini icra eden Sahil G\u00fcvenlik Komutanl\u0131\u011f\u0131\u2019n\u0131n bir gemisinin komutan\u0131 olarak benim i\u00e7in en de\u011ferli g\u00f6rev budur. Hepinize sayg\u0131, sevgi ve h\u00fcrmetlerimi arz ediyorum\u201d dedi.<\/p>\n<p>\u201cDevletimiz her zaman \u015fehidinin, gazisinin yan\u0131nda\u201d<\/p>\n<p>400 ki\u015fiden olu\u015fan 120 ailenin iki g\u00fcn i\u00e7erisinde d\u00f6rt etapta bo\u011faz turuna \u00e7\u0131kart\u0131ld\u0131\u011f\u0131n\u0131 dile getiren \u015fehit yak\u0131nlar\u0131 ve gazilerden sorumlu Aile, \u00c7al\u0131\u015fma ve Sosyal Hizmetler \u0130stanbul \u0130l M\u00fcd\u00fcr Yard\u0131mc\u0131s\u0131 \u015eemseddin Yal\u00e7\u0131n, \u201cAsl\u0131nda biz bu etkinli\u011fi 15 Temmuz vesilesiyle daha \u00f6nce d\u00fczenleyecektik. Ancak 15 Temmuz g\u00fcn\u00fc \u00f6zellikle Say\u0131n Cumhurba\u015fkan\u0131m\u0131z Recep Tayyip Erdo\u011fan beyefendinin b\u00fcy\u00fck etkinli\u011fi oldu\u011fu i\u00e7in maksat has\u0131l olmaz diye bug\u00fcne erteledik. Talep Sahil G\u00fcvenlik Komutanl\u0131\u011f\u0131 taraf\u0131ndan geldi. Biz \u0130stanbul\u2019daki \u015fehit ve gazilerle birebir temas halinde oldu\u011fumuz i\u00e7in \u015fehit ve gazi ailelerinin evlerinden al\u0131nmas\u0131, getirilmesi, onlara yard\u0131mc\u0131 olunmas\u0131n\u0131 biz planlad\u0131k. Buradaki esas ama\u00e7 devletimiz her zaman \u015fehidinin, gazisinin yan\u0131nda ve bu konuda sonsuz bir \u015fekilde destek vermekte. \u00d6zellikle son 15-20 y\u0131lda Aile Bakanl\u0131\u011f\u0131m\u0131z\u0131n vermi\u015f oldu\u011fu destek gerek sosyal medya taraf\u0131ndan gerek halk taraf\u0131ndan gerek \u015fehit yak\u0131nlar\u0131 ve gazilerimiz taraf\u0131ndan net olarak bilinmektedir\u201d diye konu\u015ftu.<\/p>\n<p>\u015eehit aileleri duygusal anlar ya\u015fad\u0131<\/p>\n<p>O\u011flu Hakkari\u2019de \u015fehit olan Seriye Karata\u015f, askerlerle birlikte oldu\u011fu i\u00e7in duygulu, gururlu ve mutlu oldu\u011funu ifade ederek, \u201cBen askeriyeye a\u015f\u0131\u011f\u0131m. \u00c7ok seviyorum. Zaten yavrum da asker, \u015fehit gitti. Abim de havac\u0131 astsubayd\u0131. O y\u00fczden bu elbiseyi g\u00f6r\u00fcnce ben bay\u0131l\u0131r\u0131m. \u015eu anda da o kadar mutluyum ki. Allah askerimize \u00f6m\u00fcr versin, s\u0131hhat versin, kuvvet versin. \u00c7\u00fcnk\u00fc bir devletin askeriyesi yoksa o devlet yoktur benim i\u00e7in. \u0130nerken k\u0131zlar\u0131m\u0131z\u0131n elini d\u00fc\u015fece\u011fimden de\u011fil de onlara dokunay\u0131m, temas edeyim diye ellerini tutarak indim. Sadece bunu s\u00f6yleyebilirim \u00e7ok seviyorum\u201d \u015feklinde konu\u015ftu.<\/p>\n<p>Evlad\u0131 Kemal Ta\u015f\u00e7\u0131 2011 y\u0131l\u0131nda Ankara\u2019da meydana gelen helikopter kazas\u0131nda \u015fehit d\u00fc\u015fen M\u00fcsl\u00fcm Ta\u015f\u00e7\u0131 ise, \u201c15 Temmuz \u015fehitlerini anmak i\u00e7in buraday\u0131z. Biz G\u00fcng\u00f6ren\u2019de oturuyoruz. Oradan davet ettiler bizi. Biz de kat\u0131ld\u0131k. Bizim o\u011flumuz subayd\u0131. Askeriyeden \u015fehit. Davet ettiler biz de icabet ettik. 2011\u2019de Ankara\u2019da helikopter d\u00fc\u015fm\u00fc\u015ft\u00fc e\u011fitim u\u00e7u\u015funda. 5 tane \u00fcste\u011fmen \u015fehit olmu\u015ftu onlardan birisi de \u00d6\u011fretmen Pilot Kemal Ta\u015f\u00e7\u0131 bizim o\u011flumuz. Bug\u00fcnler an\u0131lar\u0131n tekrar tazelendi\u011fi g\u00fcnler oluyor. An\u0131lar\u0131 tekrar ya\u015f\u0131yorsun. Zaten unutmuyorsun da. Yeniden tazeleniyor. Bizim o\u011flumuz da subay oldu\u011fu i\u00e7in buradaki subaylar\u0131 g\u00f6r\u00fcnce biraz daha burukla\u015f\u0131yoruz\u201d ifadelerini kulland\u0131.<\/p>\n<p>Yakla\u015f\u0131k 2 saat s\u00fcren etkinlikte ailelere 15 Temmuz logolu \u015fapka da\u011f\u0131t\u0131ld\u0131.<\/p>\n","protected":false},"excerpt":{"rendered":"<p>\u0130STANBUL&#8217;DAK\u0130 \u015eEH\u0130T A\u0130LELER\u0130 VE GAZ\u0130LER, SAH\u0130L G\u00dcVENL\u0130K KOMUTANLI\u011eINCA D\u00dcZENLENEN ETK\u0130NL\u0130KTE \u0130STANBUL BO\u011eAZI&#8217;NI GEZD\u0130.<\/p>\n","protected":false},"author":1,"featured_media":184123,"comment_status":"closed","ping_status":"open","sticky":false,"template":"","format":"standard","meta":{"jetpack_post_was_ever_published":false,"_jetpack_newsletter_access":"","_jetpack_dont_email_post_to_subs":false,"_jetpack_newsletter_tier_id":0,"_jetpack_memberships_contains_paywalled_content":false,"_jetpack_memberships_contains_paid_content":false,"footnotes":"","jetpack_publicize_message":"","jetpack_publicize_feature_enabled":true,"jetpack_social_post_already_shared":true,"jetpack_social_options":{"image_generator_settings":{"template":"highway","default_image_id":0,"font":"","enabled":false},"version":2}},"categories":[1],"tags":[9215,389,2785,12914,354,40655,8591,237],"class_list":["post-184122","post","type-post","status-publish","format-standard","has-post-thumbnail","hentry","category-genel","tag-aileleri","tag-bulustu","tag-etkinliginde","tag-gaziler","tag-guvenlik","tag-komutanliginin","tag-sahil","tag-sehit"],"jetpack_publicize_connections":[],"jetpack_featured_media_url":"https:\/\/i0.wp.com\/www.tvturk.com\/wp-content\/uploads\/2019\/07\/sehit-aileleri-ve-gaziler-sahil-guvenlik-komutanliginin-etkinliginde-bulustu_d76e1ce.jpg?fit=1000%2C750","jetpack_sharing_enabled":true,"jetpack_shortlink":"https:\/\/wp.me\/paKIfm-LTI","_links":{"self":[{"href":"http:\/\/www.tvturk.com\/index.php\/wp-json\/wp\/v2\/posts\/184122","targetHints":{"allow":["GET"]}}],"collection":[{"href":"http:\/\/www.tvturk.com\/index.php\/wp-json\/wp\/v2\/posts"}],"about":[{"href":"http:\/\/www.tvturk.com\/index.php\/wp-json\/wp\/v2\/types\/post"}],"author":[{"embeddable":true,"href":"http:\/\/www.tvturk.com\/index.php\/wp-json\/wp\/v2\/users\/1"}],"replies":[{"embeddable":true,"href":"http:\/\/www.tvturk.com\/index.php\/wp-json\/wp\/v2\/comments?post=184122"}],"version-history":[{"count":0,"href":"http:\/\/www.tvturk.com\/index.php\/wp-json\/wp\/v2\/posts\/184122\/revisions"}],"wp:featuredmedia":[{"embeddable":true,"href":"http:\/\/www.tvturk.com\/index.php\/wp-json\/wp\/v2\/media\/184123"}],"wp:attachment":[{"href":"http:\/\/www.tvturk.com\/index.php\/wp-json\/wp\/v2\/media?parent=184122"}],"wp:term":[{"taxonomy":"category","embeddable":true,"href":"http:\/\/www.tvturk.com\/index.php\/wp-json\/wp\/v2\/categories?post=184122"},{"taxonomy":"post_tag","embeddable":true,"href":"http:\/\/www.tvturk.com\/index.php\/wp-json\/wp\/v2\/tags?post=184122"}],"curies":[{"name":"wp","href":"https:\/\/api.w.org\/{rel}","templated":true}]}}