{"id":184140,"date":"2019-07-19T15:32:19","date_gmt":"2019-07-19T12:32:19","guid":{"rendered":"http:\/\/www.tvturk.com\/index.php\/bursasporun-takim-otobusu-geri-alindi\/"},"modified":"2019-07-19T15:32:19","modified_gmt":"2019-07-19T12:32:19","slug":"bursasporun-takim-otobusu-geri-alindi","status":"publish","type":"post","link":"http:\/\/www.tvturk.com\/index.php\/bursasporun-takim-otobusu-geri-alindi\/","title":{"rendered":"Bursaspor\u2019un tak\u0131m otob\u00fcs\u00fc geri al\u0131nd\u0131"},"content":{"rendered":"<p>Bursaspor, Fenerbah\u00e7e ile oynayaca\u011f\u0131 haz\u0131rl\u0131k ma\u00e7\u0131na hacizden d\u00fcn ak\u015fam ald\u0131\u011f\u0131 tak\u0131m otob\u00fcs\u00fcyle gitti.<\/p>\n<p>Bursaspor\u2019un otob\u00fcs\u00fcne 8 May\u0131s tarihinde futbolcu Furkan \u00d6z\u00e7al, taraf\u0131ndan haciz getirilmi\u015fti. Ard\u0131ndan otob\u00fcs futbolcunun alacaklar\u0131na kar\u015f\u0131l\u0131k yediemin otopark\u0131na \u00e7ekilmi\u015fti. Bursaspor\u2019da Ba\u015fkan\u0131 Mesut Mestan ve y\u00f6netimi haciz bedelini d\u00fcn ak\u015fam \u00f6dedi. Tak\u0131m otob\u00fcs\u00fcyle birlikte haciz edilen elektronik e\u015fyalar geri al\u0131nd\u0131. Ye\u015fil-beyazl\u0131 tak\u0131m\u0131n sosyal medya hesab\u0131ndan yap\u0131lan payla\u015f\u0131mda, &#8220;\u0130stanbul yolculu\u011fumuz ba\u015flad\u0131&#8221; ba\u015fl\u0131\u011f\u0131 ile tak\u0131m otob\u00fcs\u00fcn\u00fcn foto\u011fraf\u0131 yer ald\u0131.<\/p>\n<p>Bursaspor, bug\u00fcn 18.30\u2019da haz\u0131rl\u0131k ma\u00e7\u0131nda Fenerbah\u00e7e ile Can Bartu Tesisleri\u2019nde kar\u015f\u0131la\u015facak.<\/p>\n","protected":false},"excerpt":{"rendered":"<p>BURSASPOR, FENERBAH\u00c7E \u0130LE OYNAYACA\u011eI HAZIRLIK MA\u00c7INA YED\u0130EM\u0130NDEN D\u00dcN AK\u015eAM ALDI\u011eI TAKIM OTOB\u00dcS\u00dcYLE G\u0130TT\u0130.<\/p>\n","protected":false},"author":1,"featured_media":184141,"comment_status":"closed","ping_status":"open","sticky":false,"template":"","format":"standard","meta":{"jetpack_post_was_ever_published":false,"_jetpack_newsletter_access":"","_jetpack_dont_email_post_to_subs":false,"_jetpack_newsletter_tier_id":0,"_jetpack_memberships_contains_paywalled_content":false,"_jetpack_memberships_contains_paid_content":false,"footnotes":"","jetpack_publicize_message":"","jetpack_publicize_feature_enabled":true,"jetpack_social_post_already_shared":true,"jetpack_social_options":{"image_generator_settings":{"template":"highway","default_image_id":0,"font":"","enabled":false},"version":2}},"categories":[657],"tags":[1014,12902,592,4598,6670],"class_list":["post-184140","post","type-post","status-publish","format-standard","has-post-thumbnail","hentry","category-spor","tag-alindi","tag-bursasporun","tag-geri","tag-otobusu","tag-takim"],"jetpack_publicize_connections":[],"jetpack_featured_media_url":"https:\/\/i0.wp.com\/www.tvturk.com\/wp-content\/uploads\/2019\/07\/bursasporun-takim-otobusu-geri-alindi_91a404d.jpg?fit=960%2C720","jetpack_sharing_enabled":true,"jetpack_shortlink":"https:\/\/wp.me\/paKIfm-LU0","_links":{"self":[{"href":"http:\/\/www.tvturk.com\/index.php\/wp-json\/wp\/v2\/posts\/184140","targetHints":{"allow":["GET"]}}],"collection":[{"href":"http:\/\/www.tvturk.com\/index.php\/wp-json\/wp\/v2\/posts"}],"about":[{"href":"http:\/\/www.tvturk.com\/index.php\/wp-json\/wp\/v2\/types\/post"}],"author":[{"embeddable":true,"href":"http:\/\/www.tvturk.com\/index.php\/wp-json\/wp\/v2\/users\/1"}],"replies":[{"embeddable":true,"href":"http:\/\/www.tvturk.com\/index.php\/wp-json\/wp\/v2\/comments?post=184140"}],"version-history":[{"count":0,"href":"http:\/\/www.tvturk.com\/index.php\/wp-json\/wp\/v2\/posts\/184140\/revisions"}],"wp:featuredmedia":[{"embeddable":true,"href":"http:\/\/www.tvturk.com\/index.php\/wp-json\/wp\/v2\/media\/184141"}],"wp:attachment":[{"href":"http:\/\/www.tvturk.com\/index.php\/wp-json\/wp\/v2\/media?parent=184140"}],"wp:term":[{"taxonomy":"category","embeddable":true,"href":"http:\/\/www.tvturk.com\/index.php\/wp-json\/wp\/v2\/categories?post=184140"},{"taxonomy":"post_tag","embeddable":true,"href":"http:\/\/www.tvturk.com\/index.php\/wp-json\/wp\/v2\/tags?post=184140"}],"curies":[{"name":"wp","href":"https:\/\/api.w.org\/{rel}","templated":true}]}}