{"id":184148,"date":"2019-07-19T15:47:00","date_gmt":"2019-07-19T12:47:00","guid":{"rendered":"http:\/\/www.tvturk.com\/index.php\/gokhan-tore-yeni-takimiyla-ilk-antrenmanina-cikti\/"},"modified":"2019-07-19T15:47:00","modified_gmt":"2019-07-19T12:47:00","slug":"gokhan-tore-yeni-takimiyla-ilk-antrenmanina-cikti","status":"publish","type":"post","link":"http:\/\/www.tvturk.com\/index.php\/gokhan-tore-yeni-takimiyla-ilk-antrenmanina-cikti\/","title":{"rendered":"G\u00f6khan T\u00f6re yeni tak\u0131m\u0131yla ilk antrenman\u0131na \u00e7\u0131kt\u0131"},"content":{"rendered":"<p>Yeni Malatyaspor\u2019da Topuk Yaylas\u0131 kamp\u0131 devam ederken bug\u00fcn yap\u0131lan \u00e7al\u0131\u015fmaya yeni transfer G\u00f6khan T\u00f6re ve yeniden anla\u015fma sa\u011flanan Guilherme de kat\u0131ld\u0131.<\/p>\n<p>Sar\u0131 k\u0131rm\u0131z\u0131l\u0131lar\u0131n kamp\u0131na kat\u0131larak yeni tak\u0131m\u0131yla ilk antrenman\u0131na \u00e7\u0131kan G\u00f6khan T\u00f6re\u2019nin heyecanl\u0131 oldu\u011fu g\u00f6zlendi.<\/p>\n<p>Hocas\u0131 Sergen Yal\u00e7\u0131n\u2019\u0131n yeni arkada\u015flar\u0131yla tan\u0131\u015ft\u0131rd\u0131\u011f\u0131 G\u00f6khan antrenman\u0131n ilk b\u00f6l\u00fcm\u00fcnde tak\u0131mla \u00e7al\u0131\u015ft\u0131ktan sonra, son b\u00f6l\u00fcmde \u00f6zel bir \u00e7al\u0131\u015fma yapt\u0131. T\u00f6re\u2019nin fit hali teknik heyeti memnun ederken, ba\u015far\u0131l\u0131 oyuncunun 1 A\u011fustos\u2019ta oynanacak UEFA Avrupa Ligi \u00d6n Eleme 2. ma\u00e7\u0131na kadar haz\u0131r hale gelece\u011fi belirtildi.<\/p>\n<p>Yeniden anla\u015fma sa\u011flanan Guilherme Maurguez de tak\u0131mla \u00e7al\u0131\u015fmalara ba\u015flad\u0131.<\/p>\n<p>Yeni Malatyaspor Topuk Yaylas\u0131 kamp\u0131n\u0131 22 Temmuz Pazartesi g\u00fcn\u00fc tamamlayarak Malatya\u2019ya d\u00f6necek.<\/p>\n","protected":false},"excerpt":{"rendered":"<p>YEN\u0130 MALATYASPOR\u2019DA TOPUK YAYLASI KAMPI DEVAM EDERKEN BUG\u00dcN YAPILAN \u00c7ALI\u015eMAYA YEN\u0130 TRANSFER G\u00d6KHAN T\u00d6RE VE YEN\u0130DEN ANLA\u015eMA SA\u011eLANAN GU\u0130LHERME DE KATILDI.<\/p>\n","protected":false},"author":1,"featured_media":184149,"comment_status":"closed","ping_status":"open","sticky":false,"template":"","format":"standard","meta":{"jetpack_post_was_ever_published":false,"_jetpack_newsletter_access":"","_jetpack_dont_email_post_to_subs":false,"_jetpack_newsletter_tier_id":0,"_jetpack_memberships_contains_paywalled_content":false,"_jetpack_memberships_contains_paid_content":false,"footnotes":"","jetpack_publicize_message":"","jetpack_publicize_feature_enabled":true,"jetpack_social_post_already_shared":true,"jetpack_social_options":{"image_generator_settings":{"template":"highway","default_image_id":0,"font":"","enabled":false},"version":2}},"categories":[657],"tags":[21309,1202,6218,37,32974,24061,87],"class_list":["post-184148","post","type-post","status-publish","format-standard","has-post-thumbnail","hentry","category-spor","tag-antrenmanina","tag-cikti","tag-gokhan","tag-ilk","tag-takimiyla","tag-tore","tag-yeni"],"jetpack_publicize_connections":[],"jetpack_featured_media_url":"https:\/\/i0.wp.com\/www.tvturk.com\/wp-content\/uploads\/2019\/07\/gokhan-tore-yeni-takimiyla-ilk-antrenmanina-cikti_ce590ad.jpg?fit=1000%2C666","jetpack_sharing_enabled":true,"jetpack_shortlink":"https:\/\/wp.me\/paKIfm-LU8","_links":{"self":[{"href":"http:\/\/www.tvturk.com\/index.php\/wp-json\/wp\/v2\/posts\/184148","targetHints":{"allow":["GET"]}}],"collection":[{"href":"http:\/\/www.tvturk.com\/index.php\/wp-json\/wp\/v2\/posts"}],"about":[{"href":"http:\/\/www.tvturk.com\/index.php\/wp-json\/wp\/v2\/types\/post"}],"author":[{"embeddable":true,"href":"http:\/\/www.tvturk.com\/index.php\/wp-json\/wp\/v2\/users\/1"}],"replies":[{"embeddable":true,"href":"http:\/\/www.tvturk.com\/index.php\/wp-json\/wp\/v2\/comments?post=184148"}],"version-history":[{"count":0,"href":"http:\/\/www.tvturk.com\/index.php\/wp-json\/wp\/v2\/posts\/184148\/revisions"}],"wp:featuredmedia":[{"embeddable":true,"href":"http:\/\/www.tvturk.com\/index.php\/wp-json\/wp\/v2\/media\/184149"}],"wp:attachment":[{"href":"http:\/\/www.tvturk.com\/index.php\/wp-json\/wp\/v2\/media?parent=184148"}],"wp:term":[{"taxonomy":"category","embeddable":true,"href":"http:\/\/www.tvturk.com\/index.php\/wp-json\/wp\/v2\/categories?post=184148"},{"taxonomy":"post_tag","embeddable":true,"href":"http:\/\/www.tvturk.com\/index.php\/wp-json\/wp\/v2\/tags?post=184148"}],"curies":[{"name":"wp","href":"https:\/\/api.w.org\/{rel}","templated":true}]}}