{"id":184158,"date":"2019-07-19T16:01:54","date_gmt":"2019-07-19T13:01:54","guid":{"rendered":"http:\/\/www.tvturk.com\/index.php\/sozenden-guvenlik-korucularinin-ozluk-haklarina-iliskin-aciklama\/"},"modified":"2019-07-19T16:01:54","modified_gmt":"2019-07-19T13:01:54","slug":"sozenden-guvenlik-korucularinin-ozluk-haklarina-iliskin-aciklama","status":"publish","type":"post","link":"http:\/\/www.tvturk.com\/index.php\/sozenden-guvenlik-korucularinin-ozluk-haklarina-iliskin-aciklama\/","title":{"rendered":"S\u00f6zen\u2019den g\u00fcvenlik korucular\u0131n\u0131n \u00f6zl\u00fck haklar\u0131na ili\u015fkin a\u00e7\u0131klama"},"content":{"rendered":"<p>Anadolu G\u00fcvenlik Korucular\u0131 ve \u015eehit Aileleri Konfederasyonu Genel Ba\u015fkan\u0131 Ziya S\u00f6zen, g\u00f6rev ve sorumluluklar\u0131n\u0131n artmas\u0131na ra\u011fmen haklar\u0131nda beklentileri \u00e7er\u00e7evesinde iyile\u015ftirmelerin yap\u0131lmad\u0131\u011f\u0131n\u0131 s\u00f6yledi.<\/p>\n<p>Anadolu G\u00fcvenlik Korucular\u0131 ve \u015eehit Aileleri Konfederasyonu Genel Ba\u015fkan\u0131 Ziya S\u00f6zen, ilk defa 26 Mart 1985 tarihinde 442 say\u0131l\u0131 K\u00f6y Kanununun 74. maddesinde yap\u0131lan de\u011fi\u015fiklikle ge\u00e7ici k\u00f6y koruculu\u011fu ad\u0131nda kurulan koruculuk sisteminin, g\u00fcn\u00fcm\u00fczde g\u00fcvenlik korucular\u0131 olarak varl\u0131\u011f\u0131n\u0131 devam ettirdi\u011fini s\u00f6yledi. S\u00f6zen, \u201cPKK ter\u00f6r \u00f6rg\u00fct\u00fcn\u00fcn s\u00fcrekli k\u00f6ylerde sivil ve savunmas\u0131z vatanda\u015flar\u0131m\u0131za y\u00f6nelik bask\u0131, \u015fiddet ve katliamlar yapmas\u0131ndan dolay\u0131 kendi k\u00f6ylerini korumak \u00fczere has\u0131l olan sistem zamanla k\u00f6ylerimizin d\u0131\u015f\u0131nda g\u00f6revler, operasyonel faaliyetler, kamuya ve yar\u0131 \u00f6zerk tesisler, i\u015fletmeler, lojmanlar, kamunun ihale etti\u011fi ve \u00f6zel firmalar taraf\u0131ndan yap\u0131lan i\u015fler, kara, demir yolu yol a\u011flar\u0131n\u0131n g\u00fcvenli\u011fi, hava alanlar\u0131n\u0131n \u00e7evre korumas\u0131, barajlar\u0131n ve enerji santrallerinin G\u00fcvenli\u011fi, okullar ve kamuya ait binalar, lojmanlar G\u00fcvenlik korucular\u0131m\u0131z taraf\u0131ndan sa\u011flanmaktad\u0131r. Ayr\u0131ca Sur, Nusaybin, Cizre, Y\u00fcksekova gibi yerlerde ba\u015flat\u0131lan hendek ve \u00e7ukur operasyonlar\u0131nda g\u00fcvenlik korucular\u0131m\u0131z aktif \u015fekilde g\u00f6rev alm\u0131\u015flard\u0131r. Yurti\u00e7i g\u00f6revlerinin yan\u0131 s\u0131ra yurt d\u0131\u015f\u0131nda Zeytin Dal\u0131 harekat\u0131, F\u0131rat Kalkan\u0131 harekat\u0131 ve Kuzey Irak\u2019ta PKK kamplar\u0131na y\u00f6nelik yap\u0131lan ge\u00e7mi\u015ften g\u00fcn\u00fcm\u00fcze kadar b\u00fct\u00fcn operasyonlarda korucular\u0131m\u0131z aktif g\u00f6revler \u00fcstlenmi\u015flerdir. B\u00fct\u00fcn bunlar\u0131 bir arada de\u011ferlendirdi\u011fimizde koruculuk sisteminin 1985 y\u0131l\u0131nda kurulan ve sadece kendi k\u00f6ylerini kendi ailelerini korumaya y\u00f6nelik ba\u015flat\u0131lan uygulamayla geldi\u011fimiz noktada \u015fu anda devam eden uygulaman\u0131n hi\u00e7bir benzerlik g\u00f6stermedi\u011fine net bir \u015fekilde \u015fahit oluyoruz. G\u00f6rev ve sorumlulu\u011fumuz artmas\u0131na ra\u011fmen haklar\u0131m\u0131zda beklentimiz \u00e7er\u00e7evesinde iyile\u015ftirmeler yap\u0131lamam\u0131\u015ft\u0131r. Eskiden korucular\u0131m\u0131z kendi k\u00f6ylerini koruman\u0131n yan\u0131nda k\u00f6ylerinde g\u00fcndelik olarak hayvanc\u0131l\u0131k tar\u0131m ve k\u00f6y i\u015flerini yapabiliyorken, \u015fu an hi\u00e7 bir ek i\u015f yapmamaktad\u0131rlar. B\u00fct\u00fcn bu ger\u00e7ekler \u0131\u015f\u0131\u011f\u0131nda ge\u00e7ici bir s\u00fcreli\u011fine getirilen bu sistemin geldi\u011fimiz noktada kal\u0131c\u0131 bir hale gelmesine ra\u011fmen korucular\u0131n hen\u00fcz 442 say\u0131l\u0131 K\u00f6y Kanununa g\u00f6re \u00e7al\u0131\u015ft\u0131r\u0131lmas\u0131 korucular\u0131m\u0131z\u0131n kendilerine ait bir kanunlar\u0131n\u0131n olmamas\u0131 g\u00f6rev tan\u0131mlar\u0131n\u0131n net bir \u015fekilde belirlenmemesi, \u00f6zl\u00fck haklar\u0131 ve sosyal g\u00fcvence bak\u0131m\u0131ndan net bir \u00e7er\u00e7eveye yerle\u015ftirilmemeleri, g\u00fcvenlik korucular\u0131m\u0131z\u0131 ekonomik sosyal ve \u00f6zl\u00fck haklar\u0131 bak\u0131m\u0131ndan son derece geride b\u0131rakm\u0131\u015ft\u0131r\u201d dedi.<\/p>\n<p>\u201c\u00c7ar\u015f\u0131 ve mahalle bek\u00e7isi stat\u00fcs\u00fcne kavu\u015fmak istiyoruz\u201d<\/p>\n<p>Son g\u00fcnlerde asker say\u0131lar\u0131n\u0131n azalmas\u0131yla beraber Do\u011fu ve G\u00fcneydo\u011fu\u2019da jandarma karakollar\u0131nda er ve erba\u015flar\u0131n tamam\u0131na yak\u0131n\u0131n\u0131n terhis olmas\u0131ndan dolay\u0131 jandarma karakollar\u0131n\u0131n g\u00fcvenli\u011fi korunmas\u0131n\u0131n tamamen g\u00fcvenlik korucular\u0131na ge\u00e7ti\u011fini kaydeden S\u00f6zen, \u015f\u00f6yle devam etti:<\/p>\n<p>\u201cBu da g\u00f6steriyor ki g\u00fcvenlik korucular\u0131m\u0131z art\u0131k 7 g\u00fcn 24 saat sistemine g\u00f6re gece g\u00fcnd\u00fcz demeden \u00e7al\u0131\u015fmaktad\u0131rlar. \u015eu anda Do\u011fu ve G\u00fcneydo\u011fu\u2019da g\u00fcvenlik g\u00fc\u00e7leri aras\u0131nda en fazla \u00e7al\u0131\u015fan birim g\u00fcvenlik korucular\u0131m\u0131z olmas\u0131na ra\u011fmen hala asgari \u00fccret d\u00fczeyinde maa\u015f almalar\u0131 yar\u0131m yamalak bir sosyal g\u00fcvenlik birimine tabi tutulmalar\u0131 \u00f6zl\u00fck haklar\u0131 bak\u0131m\u0131ndan geri kalmalar\u0131 asla kabul edilemez. Korucular\u0131m\u0131z asla bu \u015fartlara hak etmemektedirler. Korucular\u0131m\u0131z bu \u015fartlarda ailelerini ge\u00e7indirememekte, \u00e7ocuklar\u0131n\u0131 okumamakta ve sefalet i\u00e7inde ya\u015famaktad\u0131rlar. Bizim devlet b\u00fcy\u00fcklerimizden korucular\u0131m\u0131z\u0131n hamisi, sahibi ve babas\u0131 konumunda olan Cumhurba\u015fkan\u0131m\u0131zdan ve \u0130\u00e7i\u015fleri Bakan\u0131m\u0131zdan beklentilerimizi kar\u015f\u0131lamalar\u0131n\u0131 \u00f6zellikle rica ediyoruz. Koruculuk sistemi bu yap\u0131s\u0131yla t\u0131kanma noktas\u0131na gelmi\u015ftir. Bizler yeni korucu kanununun \u00e7\u0131kar\u0131lmas\u0131n\u0131 g\u00f6rev ve sorumluk alanlar\u0131m\u0131z\u0131n yeniden belirlenmesini memurlar\u0131n tabi oldu\u011fu emeklilik sistemine dahil edilmemizi devlet b\u00fcy\u00fcklerimizden \u00f6zellikle rica ediyoruz. Bizler \u015fu an Emniyet Genel M\u00fcd\u00fcrl\u00fc\u011f\u00fc emrinde \u00e7al\u0131\u015fan \u00e7ar\u015f\u0131 ve mahalle bek\u00e7isi stat\u00fcs\u00fcne kavu\u015fmak istiyoruz. \u00c7ar\u015f\u0131 ve mahalle bek\u00e7ilerinin stat\u00fcs\u00fcn\u00fcn korucularda da k\u0131r bek\u00e7isi olarak uygulanmas\u0131n\u0131 Jandarman\u0131n emir ve komutas\u0131 alt\u0131nda \u00e7al\u0131\u015fmalar\u0131n\u0131 istiyoruz. G\u00fcvenlik korucular\u0131m\u0131z\u0131n maa\u015f \u00f6zl\u00fck haklar\u0131 ve sosyal g\u00fcvence anlam\u0131nda \u00e7ar\u015f\u0131 ve mahalle bek\u00e7ileri ile ayn\u0131 haklara Kavu\u015fturulmas\u0131n\u0131 \u00f6zellikle rica ediyoruz. G\u00fcvenlik korucusu ve g\u00f6n\u00fcll\u00fc g\u00fcvenlik korucusu camias\u0131 olarak 35 y\u0131lda bin 823 \u015fehit 2 bin 267 gazi veren bir camia olarak en zor ve en zahmetli d\u00f6nemde her zaman devletimizin yan\u0131nda milletimizin emrinde olmu\u015fuz. Zor zahmetli ve me\u015fakkatli d\u00f6nemlerde devletinin yan\u0131nda milletinin emrinde olan bu camiaya devlet b\u00fcy\u00fcklerimizin vefa \u00f6rne\u011fi g\u00f6stererek haklar\u0131m\u0131z\u0131 en k\u0131sa zamanda vereceklerine olan inanc\u0131m\u0131z tamd\u0131r. Bu ba\u011flamda \u015fimdiye kadar korucular\u0131m\u0131z\u0131n \u00f6zl\u00fck haklar\u0131 ile ilgili yapt\u0131klar\u0131 iyile\u015ftirmelerden ve bundan sonra yapacaklar\u0131 iyile\u015ftirme ve desteklerden dolay\u0131 ba\u015fta Cumhurba\u015fkan\u0131m\u0131za, \u0130\u00e7i\u015fleri Bakan\u0131m\u0131za ve eme\u011fi ge\u00e7en devlet b\u00fcy\u00fcklerimize te\u015fekk\u00fcr ediyoruz.\u201d<\/p>\n","protected":false},"excerpt":{"rendered":"<p>ANADOLU G\u00dcVENL\u0130K KORUCULARI VE \u015eEH\u0130T A\u0130LELER\u0130 KONFEDERASYONU GENEL BA\u015eKANI Z\u0130YA S\u00d6ZEN, G\u00d6REV VE SORUMLULUKLARININ ARTMASINA RA\u011eMEN HAKLARINDA BEKLENT\u0130LER\u0130 \u00c7ER\u00c7EVES\u0130NDE \u0130Y\u0130LE\u015eT\u0130RMELER\u0130N YAPILMADI\u011eINI S\u00d6YLED\u0130.<\/p>\n","protected":false},"author":1,"featured_media":184159,"comment_status":"closed","ping_status":"open","sticky":false,"template":"","format":"standard","meta":{"jetpack_post_was_ever_published":false,"_jetpack_newsletter_access":"","_jetpack_dont_email_post_to_subs":false,"_jetpack_newsletter_tier_id":0,"_jetpack_memberships_contains_paywalled_content":false,"_jetpack_memberships_contains_paid_content":false,"footnotes":"","jetpack_publicize_message":"","jetpack_publicize_feature_enabled":true,"jetpack_social_post_already_shared":true,"jetpack_social_options":{"image_generator_settings":{"template":"highway","default_image_id":0,"font":"","enabled":false},"version":2}},"categories":[1],"tags":[3349,354,45578,9764,45577,20554,12194],"class_list":["post-184158","post","type-post","status-publish","format-standard","has-post-thumbnail","hentry","category-genel","tag-aciklama","tag-guvenlik","tag-haklarina","tag-iliskin","tag-korucularinin","tag-ozluk","tag-sozenden"],"jetpack_publicize_connections":[],"jetpack_featured_media_url":"https:\/\/i0.wp.com\/www.tvturk.com\/wp-content\/uploads\/2019\/07\/sozenden-guvenlik-korucularinin-ozluk-haklarina-iliskin-aciklama_adad8bb.jpg?fit=750%2C402","jetpack_sharing_enabled":true,"jetpack_shortlink":"https:\/\/wp.me\/paKIfm-LUi","_links":{"self":[{"href":"http:\/\/www.tvturk.com\/index.php\/wp-json\/wp\/v2\/posts\/184158","targetHints":{"allow":["GET"]}}],"collection":[{"href":"http:\/\/www.tvturk.com\/index.php\/wp-json\/wp\/v2\/posts"}],"about":[{"href":"http:\/\/www.tvturk.com\/index.php\/wp-json\/wp\/v2\/types\/post"}],"author":[{"embeddable":true,"href":"http:\/\/www.tvturk.com\/index.php\/wp-json\/wp\/v2\/users\/1"}],"replies":[{"embeddable":true,"href":"http:\/\/www.tvturk.com\/index.php\/wp-json\/wp\/v2\/comments?post=184158"}],"version-history":[{"count":0,"href":"http:\/\/www.tvturk.com\/index.php\/wp-json\/wp\/v2\/posts\/184158\/revisions"}],"wp:featuredmedia":[{"embeddable":true,"href":"http:\/\/www.tvturk.com\/index.php\/wp-json\/wp\/v2\/media\/184159"}],"wp:attachment":[{"href":"http:\/\/www.tvturk.com\/index.php\/wp-json\/wp\/v2\/media?parent=184158"}],"wp:term":[{"taxonomy":"category","embeddable":true,"href":"http:\/\/www.tvturk.com\/index.php\/wp-json\/wp\/v2\/categories?post=184158"},{"taxonomy":"post_tag","embeddable":true,"href":"http:\/\/www.tvturk.com\/index.php\/wp-json\/wp\/v2\/tags?post=184158"}],"curies":[{"name":"wp","href":"https:\/\/api.w.org\/{rel}","templated":true}]}}