{"id":184160,"date":"2019-07-19T16:01:58","date_gmt":"2019-07-19T13:01:58","guid":{"rendered":"http:\/\/www.tvturk.com\/index.php\/diyanet-isleri-baskani-erbas-10-yil-gorev-yaptigi-caminin-acilisini-yapti\/"},"modified":"2019-07-19T16:01:58","modified_gmt":"2019-07-19T13:01:58","slug":"diyanet-isleri-baskani-erbas-10-yil-gorev-yaptigi-caminin-acilisini-yapti","status":"publish","type":"post","link":"http:\/\/www.tvturk.com\/index.php\/diyanet-isleri-baskani-erbas-10-yil-gorev-yaptigi-caminin-acilisini-yapti\/","title":{"rendered":"Diyanet \u0130\u015fleri Ba\u015fkan\u0131 Erba\u015f, 10 y\u0131l g\u00f6rev yapt\u0131\u011f\u0131 caminin a\u00e7\u0131l\u0131\u015f\u0131n\u0131 yapt\u0131"},"content":{"rendered":"<p>Diyanet \u0130\u015fleri Ba\u015fkan\u0131 Prof. Dr. Ali Erba\u015f, \u00f6\u011frencilik y\u0131llar\u0131nda g\u00f6rev yapt\u0131\u011f\u0131 ve y\u0131k\u0131l\u0131p yeniden yap\u0131lan Parmakkap\u0131 Kazasker Mehmet Efendi Camii\u2019sinin a\u00e7\u0131l\u0131\u015f\u0131n\u0131 yapt\u0131. Cuma namaz\u0131n\u0131 bu camide k\u0131lan Erba\u015f, Cuma hutbesini de okudu.<\/p>\n<p>Vatan Caddesi\u2019nin yap\u0131m\u0131 s\u0131ras\u0131nda yap\u0131lan imar \u00e7al\u0131\u015fmalar\u0131nda kald\u0131r\u0131lan Ak\u015femsettin Mahallesi Kocasinan Caddesi \u00fczerinde yer alan Parmakkap\u0131 Kad\u0131asker (Kazasker) Mehmet Efendi Cami daha sonra hay\u0131rsever vatanda\u015flar taraf\u0131ndan yeniden yap\u0131ld\u0131. Ancak 2013 y\u0131l\u0131nda depreme dayan\u0131ks\u0131z oldu\u011fu i\u00e7in y\u0131k\u0131lan Parmakkap\u0131 Kazasker Mehmet Efendi Cami, Fatih Belediyesi\u2019nin projelendirmesi sonras\u0131 \u0130stanbul B\u00fcy\u00fck\u015fehir Belediyesi taraf\u0131ndan yeniden yap\u0131larak ibadete a\u00e7\u0131ld\u0131. Projesi Fatih Belediyesi, yap\u0131m\u0131 ise \u0130stanbul B\u00fcy\u00fck\u015fehir Belediyesi taraf\u0131ndan ger\u00e7ekle\u015ftirilen Parmakkap\u0131 Kazasker Mehmet Efendi Cami, Cuma namaz\u0131 ile birlikte Diyanet \u0130\u015fleri Ba\u015fkan\u0131 Prof. Dr. Ali Erba\u015f ve Fatih Belediye Ba\u015fkan\u0131 M. Erg\u00fcn Turan taraf\u0131ndan resmi olarak ibadete a\u00e7\u0131ld\u0131.<\/p>\n<p>Diyanet \u0130\u015fleri Ba\u015fkan\u0131 Prof. Dr. Ali Erba\u015f, cemaatle beraber Cuma namaz\u0131n\u0131 da a\u00e7\u0131l\u0131\u015f\u0131n\u0131 yapt\u0131\u011f\u0131 camide k\u0131ld\u0131. Cuma hutbesinde cemaate seslenen Erba\u015f, \u0130slam dininde Cuma g\u00fcn\u00fcn\u00fcn ve Cuma namaz\u0131n\u0131n \u00f6nemini anlatan bir hutbe okudu.<\/p>\n<p>\u201cK\u00f6y\u00fcme, mahalleme gelir gibi camiye geliyorum\u201d<\/p>\n<p>10 y\u0131l g\u00f6rev yapt\u0131\u011f\u0131 caminin a\u00e7\u0131l\u0131\u015f\u0131n\u0131 yapan Diyanet \u0130\u015fleri Ba\u015fkan\u0131 Prof. Dr. Ali Erba\u015f a\u00e7\u0131l\u0131\u015f sonras\u0131 bas\u0131n mensuplar\u0131n\u0131n sorular\u0131n\u0131 yan\u0131tlad\u0131. Parmakkap\u0131 Kazasker Mehmet Efendi Camii\u2019nin kendi hayat\u0131nda \u00f6nemli bir yeri oldu\u011funu ifade eden Erba\u015f \u015f\u00f6yle konu\u015ftu:<\/p>\n<p>\u201cBu camide ilahiyat fak\u00fcltesi \u00f6\u011frencilik d\u00f6nemimi, y\u00fcksek lisans d\u00f6nemimi ve doktora d\u00f6nemimi tamamlamak nasip oldu yani burada doktoram\u0131 bitirip ondan sonra Sakarya \u00dcniversitesi\u2019nde yard\u0131mc\u0131 do\u00e7ent olarak g\u00f6reve ba\u015flad\u0131m. Tabi bizim i\u00e7in sanki \u00e7ocuklu\u011fumun ge\u00e7ti\u011fi yer kendi k\u00f6y\u00fcme mahalleme gelir gibi camiye geliyorum. Bu mahalleye geliyorum. D\u00fc\u011f\u00fcn\u00fcm\u00fc burada yapt\u0131m hemen caminin biti\u015fi\u011finde lojman vard\u0131 bu hat\u0131ralar unutulur mu? \u0130ki \u00e7ocu\u011fumu burada b\u00fcy\u00fctt\u00fcm. D\u00f6rt \u00e7ocu\u011fumdan ikisi burada do\u011fdu. \u00c7ok g\u00fczel g\u00fcnlerimiz ge\u00e7ti. O g\u00fcnleri ger\u00e7ekten ar\u0131yoruz. Camimiz her vakitte birka\u00e7 saf en az\u0131ndan cemaatle dolard\u0131 \u00f6\u011flen namazlar\u0131nda camimiz dolard\u0131 etraf\u0131m\u0131zdaki insanlar\u0131n camiye gelmeleri namaza i\u015ftirak etmeleri bizi \u00e7ok mutlu ederdi. Ben, yeniden t\u00fcm camilerimizin \u00e7ocuklarla ve gen\u00e7lerle dolmas\u0131n\u0131, herkesin camilere gelmesini namazlar\u0131n\u0131 cemaatle k\u0131lmalar\u0131n\u0131 arzu ediyorum\u201d dedi.<\/p>\n<p>Diyanet \u0130\u015fleri Ba\u015fkan\u0131 Prof. Dr. Ali Erba\u015f cami a\u00e7\u0131l\u0131\u015f\u0131 \u00f6ncesi Fatih Belediye Ba\u015fkan\u0131 M. Erg\u00fcn Turan\u2019\u0131 makam\u0131nda ziyaret etti. Erba\u015f ziyaret sonunda Ba\u015fkan Turan\u2019a Kuran-\u0131 Kerim hediye etti. Ba\u015fkan Turan Ba\u015fkan Erba\u015f\u2019a ise  \u2018Kitabelerin Kitab\u0131\u2019n\u0131 hediye etti.<\/p>\n<p>Parmakkap\u0131 Kazasker Mehmet Efendi Camii tarih\u00e7esi<\/p>\n<p>1453 y\u0131l\u0131nda Kazasker (Kad\u0131asker) Mehmet Efendi taraf\u0131ndan yapt\u0131r\u0131lan ve 1766 y\u0131l\u0131ndaki deprem sonucu y\u0131k\u0131lan mescit ayn\u0131 y\u0131l Mustafa A\u011fa taraf\u0131ndan tekrar yapt\u0131r\u0131ld\u0131. 1918 y\u0131l\u0131nda \u00e7\u0131kan bir yang\u0131nda tamamen tahrip olan mescit, yeniden onar\u0131m g\u00f6rd\u00fc. Vatan Caddesi yap\u0131m\u0131 s\u0131ras\u0131nda kald\u0131r\u0131lan mescit, hay\u0131rsever vatanda\u015flar taraf\u0131ndan 1960 y\u0131l\u0131ndan sonra yeniden yap\u0131ld\u0131. 1999 depreminde alm\u0131\u015f oldu\u011fu hasar ve genel statik durumundan dolay\u0131 2013 y\u0131l\u0131nda depreme dayan\u0131ks\u0131z raporu alarak, belediye taraf\u0131ndan y\u0131k\u0131ld\u0131.<\/p>\n<p>Fatih Belediyesi taraf\u0131ndan geleneksel Osmanl\u0131 mimari izlerini ta\u015f\u0131yarak tasarlanan cami, \u00e7evresindeki kamu yap\u0131lar\u0131n\u0131n ve halk\u0131n ibadet ihtiyac\u0131na kar\u015f\u0131l\u0131k verebilecek b\u00fcy\u00fckl\u00fckte ve konumda yap\u0131lmas\u0131 i\u00e7in planland\u0131. Haz\u0131rlanan projenin kurul onay\u0131n\u0131n ard\u0131ndan Cami, \u0130stanbul B\u00fcy\u00fck\u015fehir Belediyesi taraf\u0131ndan in\u015fas\u0131 ger\u00e7ekle\u015ftirildi. Caminin avlusunda, mihrab\u0131nda ve minberinde Marmara Mermeri kullan\u0131l\u0131rken, minberde ah\u015fap bir vaaz k\u00fcrs\u00fcs\u00fc ile ah\u015fap m\u00fcezzin k\u00fcrs\u00fcs\u00fc yer almaktad\u0131r.<\/p>\n","protected":false},"excerpt":{"rendered":"<p>D\u0130YANET \u0130\u015eLER\u0130 BA\u015eKANI PROF. DR. AL\u0130 ERBA\u015e, \u00d6\u011eRENC\u0130L\u0130K YILLARINDA G\u00d6REV YAPTI\u011eI VE YIKILIP YEN\u0130DEN YAPILAN PARMAKKAPI KAZASKER MEHMET EFEND\u0130 CAM\u0130\u0130\u2019S\u0130N\u0130N A\u00c7ILI\u015eINI YAPTI. CUMA NAMAZINI BU CAM\u0130DE KILAN ERBA\u015e, CUMA HUTBES\u0130N\u0130 DE OKUDU.<\/p>\n","protected":false},"author":1,"featured_media":184161,"comment_status":"closed","ping_status":"open","sticky":false,"template":"","format":"standard","meta":{"jetpack_post_was_ever_published":false,"_jetpack_newsletter_access":"","_jetpack_dont_email_post_to_subs":false,"_jetpack_newsletter_tier_id":0,"_jetpack_memberships_contains_paywalled_content":false,"_jetpack_memberships_contains_paid_content":false,"footnotes":"","jetpack_publicize_message":"","jetpack_publicize_feature_enabled":true,"jetpack_social_post_already_shared":true,"jetpack_social_options":{"image_generator_settings":{"template":"highway","default_image_id":0,"font":"","enabled":false},"version":2}},"categories":[1],"tags":[7647,216,14264,3150,10687,333,3151,292,7822,231],"class_list":["post-184160","post","type-post","status-publish","format-standard","has-post-thumbnail","hentry","category-genel","tag-acilisini","tag-baskani","tag-caminin","tag-diyanet","tag-erbas","tag-gorev","tag-isleri","tag-yapti","tag-yaptigi","tag-yil"],"jetpack_publicize_connections":[],"jetpack_featured_media_url":"https:\/\/i0.wp.com\/www.tvturk.com\/wp-content\/uploads\/2019\/07\/diyanet-isleri-baskani-erbas-10-yil-gorev-yaptigi-caminin-acilisini-yapti_8b9a538.jpg?fit=1000%2C648","jetpack_sharing_enabled":true,"jetpack_shortlink":"https:\/\/wp.me\/paKIfm-LUk","_links":{"self":[{"href":"http:\/\/www.tvturk.com\/index.php\/wp-json\/wp\/v2\/posts\/184160","targetHints":{"allow":["GET"]}}],"collection":[{"href":"http:\/\/www.tvturk.com\/index.php\/wp-json\/wp\/v2\/posts"}],"about":[{"href":"http:\/\/www.tvturk.com\/index.php\/wp-json\/wp\/v2\/types\/post"}],"author":[{"embeddable":true,"href":"http:\/\/www.tvturk.com\/index.php\/wp-json\/wp\/v2\/users\/1"}],"replies":[{"embeddable":true,"href":"http:\/\/www.tvturk.com\/index.php\/wp-json\/wp\/v2\/comments?post=184160"}],"version-history":[{"count":0,"href":"http:\/\/www.tvturk.com\/index.php\/wp-json\/wp\/v2\/posts\/184160\/revisions"}],"wp:featuredmedia":[{"embeddable":true,"href":"http:\/\/www.tvturk.com\/index.php\/wp-json\/wp\/v2\/media\/184161"}],"wp:attachment":[{"href":"http:\/\/www.tvturk.com\/index.php\/wp-json\/wp\/v2\/media?parent=184160"}],"wp:term":[{"taxonomy":"category","embeddable":true,"href":"http:\/\/www.tvturk.com\/index.php\/wp-json\/wp\/v2\/categories?post=184160"},{"taxonomy":"post_tag","embeddable":true,"href":"http:\/\/www.tvturk.com\/index.php\/wp-json\/wp\/v2\/tags?post=184160"}],"curies":[{"name":"wp","href":"https:\/\/api.w.org\/{rel}","templated":true}]}}