{"id":184166,"date":"2019-07-19T16:02:16","date_gmt":"2019-07-19T13:02:16","guid":{"rendered":"http:\/\/www.tvturk.com\/index.php\/jean-claude-van-dammein-ilk-istegi-turk-kahvesi-oldu\/"},"modified":"2019-07-19T16:02:16","modified_gmt":"2019-07-19T13:02:16","slug":"jean-claude-van-dammein-ilk-istegi-turk-kahvesi-oldu","status":"publish","type":"post","link":"http:\/\/www.tvturk.com\/index.php\/jean-claude-van-dammein-ilk-istegi-turk-kahvesi-oldu\/","title":{"rendered":"Jean Claude Van Damme\u2019\u0131n ilk iste\u011fi T\u00fcrk kahvesi oldu"},"content":{"rendered":"<p>\u00d6zel jeti ile d\u00fcn ak\u015fam Bodrum\u2019a gelen Jean Claude Van Damme\u2019\u0131n otele girer girmez ilk iste\u011fi sade T\u00fcrk kahvesi oldu. Damme\u2019yi kar\u015f\u0131s\u0131nda g\u00f6ren yerli ve yabanc\u0131 turistler ise \u015fok oldu.<\/p>\n<p>D\u00fcn ak\u015fam saatlerinde tatil i\u00e7in Bodrum\u2019a gelen d\u00fcnyaca \u00fcnl\u00fc akt\u00f6r Jean Claude Van Damme, arkada\u015f\u0131yla bulu\u015ftuktan sonra bug\u00fcn \u00f6\u011flen saatlerinde 5 y\u0131ld\u0131zl\u0131 bir otele geldi. Ara\u00e7tan iner inmez sevgi seli ile kar\u015f\u0131lanan Jean Claude Van Damme, yerli ve yabanc\u0131 turistlerle bol bol foto\u011fraf \u00e7ektirdi. Damme\u2019\u0131 kar\u015f\u0131lar\u0131nda g\u00f6ren baz\u0131 turistler ise \u015fa\u015fk\u0131nl\u0131klar\u0131n\u0131 gizleyemedi. Otele girer girmez yetkililerden sade T\u00fcrk kahvesi isteyen Damme, T\u00fcrk kahvesini \u00e7ok sevdi\u011fini s\u00f6yledi.<\/p>\n","protected":false},"excerpt":{"rendered":"<p>D\u00dcN AK\u015eAM \u00d6ZEL JET\u0130 \u0130LE BODRUM\u2019A GELEN JEAN CLAUDE VAN DAMME\u2019IN OTELE G\u0130RER G\u0130RMEZ \u0130LK \u0130STE\u011e\u0130 SADE T\u00dcRK KAHVES\u0130 OLDU. DAMME\u2019Y\u0130 KAR\u015eISINDA G\u00d6REN YERL\u0130 VE YABANCI TUR\u0130STLER \u0130SE \u015eOK OLDU<\/p>\n","protected":false},"author":1,"featured_media":184167,"comment_status":"closed","ping_status":"open","sticky":false,"template":"","format":"standard","meta":{"jetpack_post_was_ever_published":false,"_jetpack_newsletter_access":"","_jetpack_dont_email_post_to_subs":false,"_jetpack_newsletter_tier_id":0,"_jetpack_memberships_contains_paywalled_content":false,"_jetpack_memberships_contains_paid_content":false,"footnotes":"","jetpack_publicize_message":"","jetpack_publicize_feature_enabled":true,"jetpack_social_post_already_shared":true,"jetpack_social_options":{"image_generator_settings":{"template":"highway","default_image_id":0,"font":"","enabled":false},"version":2}},"categories":[1],"tags":[32505,45579,37,9567,32504,1704,77,957,1442],"class_list":["post-184166","post","type-post","status-publish","format-standard","has-post-thumbnail","hentry","category-genel","tag-claude","tag-dammein","tag-ilk","tag-istegi","tag-jean","tag-kahvesi","tag-oldu","tag-turk","tag-van"],"jetpack_publicize_connections":[],"jetpack_featured_media_url":"https:\/\/i0.wp.com\/www.tvturk.com\/wp-content\/uploads\/2019\/07\/jean-claude-van-dammein-ilk-istegi-turk-kahvesi-oldu_f2857fb.jpg?fit=1000%2C666","jetpack_sharing_enabled":true,"jetpack_shortlink":"https:\/\/wp.me\/paKIfm-LUq","_links":{"self":[{"href":"http:\/\/www.tvturk.com\/index.php\/wp-json\/wp\/v2\/posts\/184166","targetHints":{"allow":["GET"]}}],"collection":[{"href":"http:\/\/www.tvturk.com\/index.php\/wp-json\/wp\/v2\/posts"}],"about":[{"href":"http:\/\/www.tvturk.com\/index.php\/wp-json\/wp\/v2\/types\/post"}],"author":[{"embeddable":true,"href":"http:\/\/www.tvturk.com\/index.php\/wp-json\/wp\/v2\/users\/1"}],"replies":[{"embeddable":true,"href":"http:\/\/www.tvturk.com\/index.php\/wp-json\/wp\/v2\/comments?post=184166"}],"version-history":[{"count":0,"href":"http:\/\/www.tvturk.com\/index.php\/wp-json\/wp\/v2\/posts\/184166\/revisions"}],"wp:featuredmedia":[{"embeddable":true,"href":"http:\/\/www.tvturk.com\/index.php\/wp-json\/wp\/v2\/media\/184167"}],"wp:attachment":[{"href":"http:\/\/www.tvturk.com\/index.php\/wp-json\/wp\/v2\/media?parent=184166"}],"wp:term":[{"taxonomy":"category","embeddable":true,"href":"http:\/\/www.tvturk.com\/index.php\/wp-json\/wp\/v2\/categories?post=184166"},{"taxonomy":"post_tag","embeddable":true,"href":"http:\/\/www.tvturk.com\/index.php\/wp-json\/wp\/v2\/tags?post=184166"}],"curies":[{"name":"wp","href":"https:\/\/api.w.org\/{rel}","templated":true}]}}