{"id":184178,"date":"2019-07-19T16:16:49","date_gmt":"2019-07-19T13:16:49","guid":{"rendered":"http:\/\/www.tvturk.com\/index.php\/tasonu-mahallesi-sakinlerinin-cop-tesisi-tepkisi-suruyor\/"},"modified":"2019-07-19T16:16:49","modified_gmt":"2019-07-19T13:16:49","slug":"tasonu-mahallesi-sakinlerinin-cop-tesisi-tepkisi-suruyor","status":"publish","type":"post","link":"http:\/\/www.tvturk.com\/index.php\/tasonu-mahallesi-sakinlerinin-cop-tesisi-tepkisi-suruyor\/","title":{"rendered":"Ta\u015f\u00f6n\u00fc mahallesi sakinlerinin \u00e7\u00f6p tesisi tepkisi s\u00fcr\u00fcyor"},"content":{"rendered":"<p>Trabzon\u2019un Arakl\u0131 il\u00e7esi Ta\u015f\u00f6n\u00fc mahallesinde yap\u0131lmas\u0131 planlanan \u00e7\u00f6p tesisine mahalle sakinlerinin tepkisi s\u00fcr\u00fcyor. Son olarak b\u00f6lgeye \u00e7\u00f6p tesisi in\u015faat\u0131 i\u00e7in \u00e7al\u0131\u015fmaya gelen i\u015f\u00e7ilere mahalle sakinleri m\u00fcsaade etmedi.<\/p>\n<p>Trabzon\u2019un Arakl\u0131 il\u00e7esindeki Ta\u015f\u00f6n\u00fc mahallesinde eski \u00e7imento fabrikas\u0131 i\u00e7in ham maddenin al\u0131nd\u0131\u011f\u0131 b\u00f6lgede mahalle sakinleri taraf\u0131ndan ge\u00e7ti\u011fimiz y\u0131llarda bir ma\u011fara bulundu. Mahalle sakinleri ma\u011faran\u0131n turizme a\u00e7\u0131lmas\u0131n\u0131 istedi\u011fi bir d\u00f6nemde b\u00f6lgeye \u00e7\u00f6p tesisi yap\u0131lmas\u0131 i\u00e7in \u00e7al\u0131\u015fma ba\u015flat\u0131ld\u0131. Duruma tepki g\u00f6steren ancak seslerini duyuramayan mahalle halk\u0131 son olarak b\u00f6lgeye \u00e7\u00f6p tesisi in\u015faat\u0131 i\u00e7in \u00e7al\u0131\u015fmaya gelen i\u015f\u00e7ilerin \u00e7al\u0131\u015fmas\u0131na m\u00fcsaade etmedi. Ya\u015fanan gerginlik \u00fczerine b\u00f6lgeye gelen Arakl\u0131 Kaymakam\u0131 Mehmet Nuri \u00c7etin mahalle sakinlerini s\u00fckunete davet etti. K\u00f6y sakinlerinden \u00d6zcan \u00c7ebi yapt\u0131\u011f\u0131 a\u00e7\u0131klamada &#8220;M\u00fccadelemiz s\u00fcrecek. Turizme kazand\u0131r\u0131lmas\u0131 gereken alana \u00e7\u00f6p tesisi yap\u0131lmas\u0131na kar\u015f\u0131y\u0131z&#8221; dedi.<\/p>\n<p>Gerginlik \u00fczerine i\u015f\u00e7iler \u00e7\u00f6p tesisi yap\u0131lacak sahay\u0131 terk etti.<\/p>\n","protected":false},"excerpt":{"rendered":"<p>TRABZON\u2019UN ARAKLI \u0130L\u00c7ES\u0130 TA\u015e\u00d6N\u00dc MAHALLES\u0130NDE YAPILMASI PLANLANAN \u00c7\u00d6P TES\u0130S\u0130NE MAHALLE SAK\u0130NLER\u0130N\u0130N TEPK\u0130S\u0130 S\u00dcR\u00dcYOR. SON OLARAK B\u00d6LGEYE \u00c7\u00d6P TES\u0130S\u0130 \u0130N\u015eAATI \u0130\u00c7\u0130N \u00c7ALI\u015eMAYA GELEN \u0130\u015e\u00c7\u0130LERE MAHALLE SAK\u0130NLER\u0130 M\u00dcSAADE ETMED\u0130.<\/p>\n","protected":false},"author":1,"featured_media":184179,"comment_status":"closed","ping_status":"open","sticky":false,"template":"","format":"standard","meta":{"jetpack_post_was_ever_published":false,"_jetpack_newsletter_access":"","_jetpack_dont_email_post_to_subs":false,"_jetpack_newsletter_tier_id":0,"_jetpack_memberships_contains_paywalled_content":false,"_jetpack_memberships_contains_paid_content":false,"footnotes":"","jetpack_publicize_message":"","jetpack_publicize_feature_enabled":true,"jetpack_social_post_already_shared":true,"jetpack_social_options":{"image_generator_settings":{"template":"highway","default_image_id":0,"font":"","enabled":false},"version":2}},"categories":[1],"tags":[5448,2227,3936,1836,45583,9601,3147],"class_list":["post-184178","post","type-post","status-publish","format-standard","has-post-thumbnail","hentry","category-genel","tag-cop","tag-mahallesi","tag-sakinlerinin","tag-suruyor","tag-tasonu","tag-tepkisi","tag-tesisi"],"jetpack_publicize_connections":[],"jetpack_featured_media_url":"https:\/\/i0.wp.com\/www.tvturk.com\/wp-content\/uploads\/2019\/07\/tasonu-mahallesi-sakinlerinin-cop-tesisi-tepkisi-suruyor_d4786c3.jpg?fit=1000%2C750","jetpack_sharing_enabled":true,"jetpack_shortlink":"https:\/\/wp.me\/paKIfm-LUC","_links":{"self":[{"href":"http:\/\/www.tvturk.com\/index.php\/wp-json\/wp\/v2\/posts\/184178","targetHints":{"allow":["GET"]}}],"collection":[{"href":"http:\/\/www.tvturk.com\/index.php\/wp-json\/wp\/v2\/posts"}],"about":[{"href":"http:\/\/www.tvturk.com\/index.php\/wp-json\/wp\/v2\/types\/post"}],"author":[{"embeddable":true,"href":"http:\/\/www.tvturk.com\/index.php\/wp-json\/wp\/v2\/users\/1"}],"replies":[{"embeddable":true,"href":"http:\/\/www.tvturk.com\/index.php\/wp-json\/wp\/v2\/comments?post=184178"}],"version-history":[{"count":0,"href":"http:\/\/www.tvturk.com\/index.php\/wp-json\/wp\/v2\/posts\/184178\/revisions"}],"wp:featuredmedia":[{"embeddable":true,"href":"http:\/\/www.tvturk.com\/index.php\/wp-json\/wp\/v2\/media\/184179"}],"wp:attachment":[{"href":"http:\/\/www.tvturk.com\/index.php\/wp-json\/wp\/v2\/media?parent=184178"}],"wp:term":[{"taxonomy":"category","embeddable":true,"href":"http:\/\/www.tvturk.com\/index.php\/wp-json\/wp\/v2\/categories?post=184178"},{"taxonomy":"post_tag","embeddable":true,"href":"http:\/\/www.tvturk.com\/index.php\/wp-json\/wp\/v2\/tags?post=184178"}],"curies":[{"name":"wp","href":"https:\/\/api.w.org\/{rel}","templated":true}]}}