{"id":184196,"date":"2019-07-19T17:16:33","date_gmt":"2019-07-19T14:16:33","guid":{"rendered":"http:\/\/www.tvturk.com\/index.php\/istanbul-buyuksehir-belediyesi-medya-asnin-yonetim-kurulu-baskani-abdurrahman-tig-gorevinden-ayrildi\/"},"modified":"2019-07-19T17:16:33","modified_gmt":"2019-07-19T14:16:33","slug":"istanbul-buyuksehir-belediyesi-medya-asnin-yonetim-kurulu-baskani-abdurrahman-tig-gorevinden-ayrildi","status":"publish","type":"post","link":"http:\/\/www.tvturk.com\/index.php\/istanbul-buyuksehir-belediyesi-medya-asnin-yonetim-kurulu-baskani-abdurrahman-tig-gorevinden-ayrildi\/","title":{"rendered":"\u0130stanbul B\u00fcy\u00fck\u015fehir Belediyesi Medya A\u015e\u2019nin Y\u00f6netim Kurulu Ba\u015fkan\u0131 Abdurrahman T\u0131\u011f g\u00f6revinden ayr\u0131ld\u0131"},"content":{"rendered":"<p>2017 y\u0131l\u0131ndan beri Medya A\u015e Genel M\u00fcd\u00fcrl\u00fc\u011f\u00fc g\u00f6revini s\u00fcrd\u00fcrmekte olan T\u0131\u011f, \u015firket personeli ile vedala\u015fma s\u0131ras\u0131nda yapt\u0131\u011f\u0131 konu\u015fmayla g\u00f6revinden ayr\u0131ld\u0131\u011f\u0131n\u0131 duyurdu.<\/p>\n<p>Konu\u015fmas\u0131nda Medya A\u015e\u2019yi y\u00fczde 100 b\u00fcy\u00fcterek bor\u00e7suz bir \u015fekilde devretmenin gururunu ta\u015f\u0131d\u0131\u011f\u0131n\u0131 belirten T\u0131\u011f, halefine g\u00f6revinde ba\u015far\u0131lar diledi.<\/p>\n<p>T\u0131\u011f yapt\u0131\u011f\u0131 konu\u015fmada \u201c\u0130stanbul\u2019un ve \u0130stanbul B\u00fcy\u00fck\u015fehir Belediyesi\u2019nin, metroda, tramvayda, caddede, dijital ekranlarda, WEB ortam\u0131nda y\u00fcz\u00fc ve sesi olan Medya A.\u015e. Genel M\u00fcd\u00fcrl\u00fc\u011f\u00fc g\u00f6revini 30.11.2017 tarihinden bu yana ifa ettim. \u00c7al\u0131\u015fma arkada\u015flar\u0131mla birlikte \u015firketin kurumsalla\u015fmas\u0131 ve geli\u015fmesi anlam\u0131nda \u00e7ok say\u0131da g\u00fczel i\u015fe imza att\u0131k\u201d ifadelerini kulland\u0131.<\/p>\n<p>K\u0131sa s\u00fcre zarf\u0131nda, reorganizasyon \u00e7al\u0131\u015fmalar\u0131, kurumsal kimlik \u00e7al\u0131\u015fmalar\u0131 ve kalite belgesi \u00e7al\u0131\u015fmalar\u0131n\u0131 tamamlayarak, bir y\u0131l i\u00e7erisinde \u015firket cirosunu artt\u0131rmay\u0131 ba\u015fard\u0131klar\u0131n\u0131 belirten T\u0131\u011f, 30.06.2019 tarihi itibariyle vadesi gelmi\u015f bir kuru\u015f borcu olmayan, vergi, SGK borcu bulunmayan, piyasaya olan bor\u00e7lar\u0131n\u0131n \u00fc\u00e7 kat\u0131 alaca\u011f\u0131 olan bir \u015firket haline geldik\u201d dedi.<\/p>\n<p>T\u0131\u011f konu\u015fmas\u0131n\u0131, \u201c\u015fahs\u0131ma \u0130stanbul\u2019a y\u00f6netici olarak hizmet etme imkan\u0131 tan\u0131yan ba\u015fta Say\u0131n Cumhurba\u015fkan\u0131m\u0131z Recep Tayyip Erdo\u011fan\u2019a, \u00f6nceki d\u00f6nem \u0130stanbul B\u00fcy\u00fck\u015fehir Belediye Ba\u015fkanl\u0131\u011f\u0131 g\u00f6revini icra eden Say\u0131n Mevl\u00fct Uysal\u2019a , t\u00fcm y\u00f6netici arkada\u015flar\u0131ma ve g\u00fczel i\u015flerde benimle birlikte olan \u00e7al\u0131\u015fma arkada\u015flar\u0131ma te\u015fekk\u00fcr eder, minnetlerimi  sunar\u0131m\u201d diyerek noktalad\u0131.<\/p>\n<p>Abdurrahman TI\u011e Kimdir?<\/p>\n<p>Abdurrahman T\u0131\u011f, 1969 y\u0131l\u0131nda Giresun\u2019da do\u011fdu. \u0130lk \u00f6\u011frenimini Giresun\u2019da, orta \u00f6\u011frenimini ise Trabzon \u0130mam Hatip Lisesi\u2019nde tamamlad\u0131. Uluda\u011f \u00dcniversitesi \u0130ktisadi ve \u0130dari Bilimler Fak\u00fcltesi Kamu Y\u00f6netimi B\u00f6l\u00fcm\u00fcnden mezun olan T\u0131\u011f, bas\u0131n yay\u0131n sekt\u00f6r\u00fcnde ba\u015flad\u0131\u011f\u0131 \u00e7al\u0131\u015fma hayat\u0131n\u0131 farkl\u0131 sekt\u00f6rlerde y\u00f6neticilik yaparak s\u00fcrd\u00fcrd\u00fc. Bursa B\u00fcy\u00fck\u015fehir Belediyesi \u0130\u015ftiraki olan BURFA\u015e\u2019ta bir d\u00f6nem Genel M\u00fcd\u00fcrl\u00fck yapan TI\u011e, son d\u00f6nemde ise Arz Gayrimenkul ve Giri\u015fim<\/p>\n<p>Sermayesi Portf\u00f6y Y\u00f6netimi A.\u015e.de Genel M\u00fcd\u00fcr olarak \u00e7al\u0131\u015ft\u0131.<\/p>\n","protected":false},"excerpt":{"rendered":"<p>2017 YILINDAN BER\u0130 MEDYA A\u015e GENEL M\u00dcD\u00dcRL\u00dc\u011e\u00dc G\u00d6REV\u0130N\u0130 S\u00dcRD\u00dcRMEKTE OLAN TI\u011e, \u015e\u0130RKET PERSONEL\u0130 \u0130LE VEDALA\u015eMA SIRASINDA YAPTI\u011eI KONU\u015eMAYLA G\u00d6REV\u0130NDEN AYRILDI\u011eINI DUYURDU.<\/p>\n","protected":false},"author":1,"featured_media":184197,"comment_status":"closed","ping_status":"open","sticky":false,"template":"","format":"standard","meta":{"jetpack_post_was_ever_published":false,"_jetpack_newsletter_access":"","_jetpack_dont_email_post_to_subs":false,"_jetpack_newsletter_tier_id":0,"_jetpack_memberships_contains_paywalled_content":false,"_jetpack_memberships_contains_paid_content":false,"footnotes":"","jetpack_publicize_message":"","jetpack_publicize_feature_enabled":true,"jetpack_social_post_already_shared":true,"jetpack_social_options":{"image_generator_settings":{"template":"highway","default_image_id":0,"font":"","enabled":false},"version":2}},"categories":[1],"tags":[16577,45586,4847,216,383,191,5263,730,247,5066,45587,246],"class_list":["post-184196","post","type-post","status-publish","format-standard","has-post-thumbnail","hentry","category-genel","tag-abdurrahman","tag-asnin","tag-ayrildi","tag-baskani","tag-belediyesi","tag-buyuksehir","tag-gorevinden","tag-istanbul","tag-kurulu","tag-medya","tag-tig","tag-yonetim"],"jetpack_publicize_connections":[],"jetpack_featured_media_url":"https:\/\/i0.wp.com\/www.tvturk.com\/wp-content\/uploads\/2019\/07\/istanbul-buyuksehir-belediyesi-medya-asnin-yonetim-kurulu-baskani-abdurrahman-tig-gorevinden-ayrildi_cdd970f.jpg?fit=1000%2C667","jetpack_sharing_enabled":true,"jetpack_shortlink":"https:\/\/wp.me\/paKIfm-LUU","_links":{"self":[{"href":"http:\/\/www.tvturk.com\/index.php\/wp-json\/wp\/v2\/posts\/184196","targetHints":{"allow":["GET"]}}],"collection":[{"href":"http:\/\/www.tvturk.com\/index.php\/wp-json\/wp\/v2\/posts"}],"about":[{"href":"http:\/\/www.tvturk.com\/index.php\/wp-json\/wp\/v2\/types\/post"}],"author":[{"embeddable":true,"href":"http:\/\/www.tvturk.com\/index.php\/wp-json\/wp\/v2\/users\/1"}],"replies":[{"embeddable":true,"href":"http:\/\/www.tvturk.com\/index.php\/wp-json\/wp\/v2\/comments?post=184196"}],"version-history":[{"count":0,"href":"http:\/\/www.tvturk.com\/index.php\/wp-json\/wp\/v2\/posts\/184196\/revisions"}],"wp:featuredmedia":[{"embeddable":true,"href":"http:\/\/www.tvturk.com\/index.php\/wp-json\/wp\/v2\/media\/184197"}],"wp:attachment":[{"href":"http:\/\/www.tvturk.com\/index.php\/wp-json\/wp\/v2\/media?parent=184196"}],"wp:term":[{"taxonomy":"category","embeddable":true,"href":"http:\/\/www.tvturk.com\/index.php\/wp-json\/wp\/v2\/categories?post=184196"},{"taxonomy":"post_tag","embeddable":true,"href":"http:\/\/www.tvturk.com\/index.php\/wp-json\/wp\/v2\/tags?post=184196"}],"curies":[{"name":"wp","href":"https:\/\/api.w.org\/{rel}","templated":true}]}}