{"id":184208,"date":"2019-07-19T17:31:56","date_gmt":"2019-07-19T14:31:56","guid":{"rendered":"http:\/\/www.tvturk.com\/index.php\/minik-azra-ailesi-ve-yakinlarini-gozyaslarina-bogdu\/"},"modified":"2019-07-19T17:31:56","modified_gmt":"2019-07-19T14:31:56","slug":"minik-azra-ailesi-ve-yakinlarini-gozyaslarina-bogdu","status":"publish","type":"post","link":"http:\/\/www.tvturk.com\/index.php\/minik-azra-ailesi-ve-yakinlarini-gozyaslarina-bogdu\/","title":{"rendered":"Minik Azra, ailesi ve yak\u0131nlar\u0131n\u0131 g\u00f6zya\u015flar\u0131na bo\u011fdu"},"content":{"rendered":"<p>Antalya\u2019da milyonda bir g\u00f6r\u00fclen ve tedavisi bulunmayan Tay-Sachs (enzim eksikli\u011fi) hastal\u0131\u011f\u0131 te\u015fhisi konulan, 5 y\u0131ld\u0131r da yatakta solunum cihaz\u0131na ba\u011fl\u0131 ya\u015fam m\u00fccadelesi veren Azra (6), bu sabah ya\u015fam\u0131n\u0131 yitirdi. Minik Azra\u2019n\u0131n cenaze t\u00f6reninde ailesi ve yak\u0131nlar\u0131 g\u00f6zya\u015flar\u0131na hakim olamad\u0131.<\/p>\n<p>6 y\u0131l \u00f6nce uykusundan \u00e7\u0131\u011fl\u0131kla uyanan ve g\u00f6t\u00fcr\u00fcld\u00fc\u011f\u00fc hastanede Tay-Sachs (enzim eksikli\u011fi) hastal\u0131\u011f\u0131 te\u015fhisi konulan Derya ve Mehmet Cunduz \u00e7iftinin tek \u00e7ocuklar\u0131 Azra, bug\u00fcne kadar oturma, konu\u015fma, duyma, a\u011f\u0131zdan beslenme ve son olarak da solunum gibi hayati fonksiyonunu kaybetti. Bir y\u0131l \u00f6nce yakaland\u0131\u011f\u0131 enfeksiyon nedeniyle \u00f6l\u00fcmden d\u00f6nen Azra, bo\u011faz\u0131na a\u00e7\u0131lan trakeostomi sayesinde solunum cihaz\u0131yla nefes al\u0131yordu.<\/p>\n<p>\u201cKalbi durdu\u201d<\/p>\n<p>Bu sabah saat 10.00 s\u0131ralar\u0131nda mama vermek i\u00e7in k\u0131z\u0131 Azra\u2019n\u0131n odas\u0131na giren anne Derya Cunduz, k\u0131z\u0131n\u0131n hareketsiz yatt\u0131\u011f\u0131n\u0131 g\u00f6rd\u00fc. Cunduz, 112 Acil \u00c7a\u011fr\u0131 Merkezini arayarak yard\u0131m istedi. \u0130hbar\u0131n ard\u0131ndan eve gelen sa\u011fl\u0131k ekipleri, Azra\u2019ya 15 dakika boyunca kalp masaj\u0131 yapt\u0131 ancak hayata d\u00f6nd\u00fcremedi. Minik Azra\u2019n\u0131n cenazesi, Antalya E\u011fitim ve Ara\u015ft\u0131rma Hastanesinin morguna kald\u0131r\u0131ld\u0131.<\/p>\n<p>\u201cKorkma k\u0131z\u0131m\u201d<\/p>\n<p>Morgdan cenazelerini alan Cunduz ailesi, ard\u0131ndan defin i\u015flemleri i\u00e7in Kur\u015funlu Mezarl\u0131\u011f\u0131na geldi. Cunduz ailesinin yak\u0131nlar\u0131n\u0131n yan\u0131 s\u0131ra cenazeye \u00e7ocuklar\u0131 \u00e7e\u015fitli hastal\u0131kla m\u00fccadele eden aileler de kat\u0131ld\u0131. Cenazede ayakta durmakta zorlanan anne Derya Cunduz, uzun s\u00fcre Azra\u2019n\u0131n tabutuna sar\u0131l\u0131p g\u00f6zya\u015f\u0131 d\u00f6kt\u00fc. Yak\u0131nlar\u0131 taraf\u0131ndan teselli edilen annenin, \u2018Korkma k\u0131z\u0131m\u2019 s\u00f6zleri y\u00fcrekleri da\u011flad\u0131.<\/p>\n<p>\u201cArt\u0131k y\u00fcr\u00fcy\u00fcp ko\u015fabilecek\u201d<\/p>\n<p>Cenaze t\u00f6renin ard\u0131ndan a\u00e7\u0131klama yapan baba Mehmet Cunduz, k\u0131z\u0131n\u0131n d\u00fcn ak\u015famdan bu yana keyifsiz oldu\u011funu, sabah saat 10.00 s\u0131ralar\u0131nda da hayata g\u00f6z\u00fcn\u00fc yumdu\u011funu s\u00f6yledi. Kendisi i\u00e7in \u00fczg\u00fcn, k\u0131z\u0131 ad\u0131na mutlu oldu\u011funu dile getiren Cunduz, \u201cBen Azra\u2019y\u0131 cennette di\u011fer arkada\u015flar\u0131n\u0131n yan\u0131na g\u00f6nderdi\u011fimiz i\u00e7in \u00fcz\u00fclm\u00fcyorum. Aksine onun ad\u0131na \u00e7ok mutluyum. O \u015fuanda ac\u0131lar\u0131ndan kurtulmu\u015f bir melek. U\u00e7uyor, oynuyor, hi\u00e7 y\u00fcr\u00fcyememi\u015fti Azra, \u015fimdi y\u00fcr\u00fcyor, ko\u015fuyor, z\u0131pl\u0131yor, y\u00fcz\u00fcyor. Arkada\u015flar\u0131yla her \u015feyi yap\u0131yor orada. Ben kendi ad\u0131ma ve benim gibi aileler ad\u0131na \u00fcz\u00fcl\u00fcyorum. \u00c7ocu\u011fumuzu kaybettik. Allah\u2019\u0131m kimseyi, d\u00fc\u015fman\u0131m\u0131 dahi evlad\u0131yla s\u0131namas\u0131n\u201d diye konu\u015ftu.<\/p>\n","protected":false},"excerpt":{"rendered":"<p>ANTALYA\u2019DA M\u0130LYONDA B\u0130R G\u00d6R\u00dcLEN VE TEDAV\u0130S\u0130 BULUNMAYAN TAY-SACHS (ENZ\u0130M EKS\u0130KL\u0130\u011e\u0130) HASTALI\u011eI TE\u015eH\u0130S\u0130 KONULAN, 5 YILDIR DA YATAKTA SOLUNUM C\u0130HAZINA BA\u011eLI YA\u015eAM M\u00dcCADELES\u0130 VEREN AZRA (6), BU SABAH YA\u015eAMINI Y\u0130T\u0130RD\u0130. M\u0130N\u0130K AZRA\u2019NIN CENAZE T\u00d6REN\u0130NDE A\u0130LES\u0130 VE YAKINLARI G\u00d6ZYA\u015eLARINA HAK\u0130M OLAMADI.<\/p>\n","protected":false},"author":1,"featured_media":184209,"comment_status":"closed","ping_status":"open","sticky":false,"template":"","format":"standard","meta":{"jetpack_post_was_ever_published":false,"_jetpack_newsletter_access":"","_jetpack_dont_email_post_to_subs":false,"_jetpack_newsletter_tier_id":0,"_jetpack_memberships_contains_paywalled_content":false,"_jetpack_memberships_contains_paid_content":false,"footnotes":"","jetpack_publicize_message":"","jetpack_publicize_feature_enabled":true,"jetpack_social_post_already_shared":true,"jetpack_social_options":{"image_generator_settings":{"template":"highway","default_image_id":0,"font":"","enabled":false},"version":2}},"categories":[1],"tags":[7558,34483,10574,1816,1636,14930],"class_list":["post-184208","post","type-post","status-publish","format-standard","has-post-thumbnail","hentry","category-genel","tag-ailesi","tag-azra","tag-bogdu","tag-gozyaslarina","tag-minik","tag-yakinlarini"],"jetpack_publicize_connections":[],"jetpack_featured_media_url":"https:\/\/i0.wp.com\/www.tvturk.com\/wp-content\/uploads\/2019\/07\/minik-azra-ailesi-ve-yakinlarini-gozyaslarina-bogdu_990265c.jpg?fit=1000%2C666","jetpack_sharing_enabled":true,"jetpack_shortlink":"https:\/\/wp.me\/paKIfm-LV6","_links":{"self":[{"href":"http:\/\/www.tvturk.com\/index.php\/wp-json\/wp\/v2\/posts\/184208","targetHints":{"allow":["GET"]}}],"collection":[{"href":"http:\/\/www.tvturk.com\/index.php\/wp-json\/wp\/v2\/posts"}],"about":[{"href":"http:\/\/www.tvturk.com\/index.php\/wp-json\/wp\/v2\/types\/post"}],"author":[{"embeddable":true,"href":"http:\/\/www.tvturk.com\/index.php\/wp-json\/wp\/v2\/users\/1"}],"replies":[{"embeddable":true,"href":"http:\/\/www.tvturk.com\/index.php\/wp-json\/wp\/v2\/comments?post=184208"}],"version-history":[{"count":0,"href":"http:\/\/www.tvturk.com\/index.php\/wp-json\/wp\/v2\/posts\/184208\/revisions"}],"wp:featuredmedia":[{"embeddable":true,"href":"http:\/\/www.tvturk.com\/index.php\/wp-json\/wp\/v2\/media\/184209"}],"wp:attachment":[{"href":"http:\/\/www.tvturk.com\/index.php\/wp-json\/wp\/v2\/media?parent=184208"}],"wp:term":[{"taxonomy":"category","embeddable":true,"href":"http:\/\/www.tvturk.com\/index.php\/wp-json\/wp\/v2\/categories?post=184208"},{"taxonomy":"post_tag","embeddable":true,"href":"http:\/\/www.tvturk.com\/index.php\/wp-json\/wp\/v2\/tags?post=184208"}],"curies":[{"name":"wp","href":"https:\/\/api.w.org\/{rel}","templated":true}]}}