{"id":184222,"date":"2019-07-19T17:47:07","date_gmt":"2019-07-19T14:47:07","guid":{"rendered":"http:\/\/www.tvturk.com\/index.php\/besiktasta-davacilar-denetim-kurulunu-istifaya-davet-etti\/"},"modified":"2019-07-19T17:47:07","modified_gmt":"2019-07-19T14:47:07","slug":"besiktasta-davacilar-denetim-kurulunu-istifaya-davet-etti","status":"publish","type":"post","link":"http:\/\/www.tvturk.com\/index.php\/besiktasta-davacilar-denetim-kurulunu-istifaya-davet-etti\/","title":{"rendered":"Be\u015fikta\u015f\u2019ta davac\u0131lar, denetim kurulunu istifaya davet etti"},"content":{"rendered":"<p>Be\u015fikta\u015f\u2019ta 5268 \u00fcyenin aidatlar\u0131n\u0131n toplu olarak yat\u0131r\u0131lmas\u0131 iddias\u0131yla dava a\u00e7an kul\u00fcp \u00fcyeleri, ge\u00e7ti\u011fimiz g\u00fcnlerde \u2019mahkemeye evraklar\u0131n iletildi\u011fi\u2019 a\u00e7\u0131klamas\u0131n\u0131 yapan Denetim Kurulu Ba\u015fkan ve \u00fcyelerini istifaya davet etti. Davac\u0131lar, denetim kurulunun bilirki\u015fi raporunun haz\u0131rlanmamas\u0131na sebebiyet verdi\u011fini iddia etti.<\/p>\n<p>Be\u015fikta\u015f\u2019ta 5268 \u00fcyenin aidat\u0131n\u0131n toplu halde yat\u0131r\u0131ld\u0131\u011f\u0131 iddias\u0131n\u0131n ard\u0131ndan sular durulmuyor. Mahkemeye ba\u015fvurarak dava a\u00e7an \u00fcyeler, bu kez de Denetim Kurulu Ba\u015fkan ve \u00fcyelerini istifaya davet etti. \u00dcyeler, denetim kurulunun, 11 Temmuz\u2019da g\u00f6r\u00fclen davada bilirki\u015fi raporunun haz\u0131rlanmamas\u0131 i\u00e7in, evraklar\u0131n mahkemenin karar\u0131na ra\u011fmen, davaya 3 g\u00fcn kala verildi\u011fini ifade etti. Yap\u0131lan a\u00e7\u0131klamada \u015fu ifadeler kullan\u0131ld\u0131:<\/p>\n<p>&#8220;\u0130stanbul 9. Asliye Hukuk Mahkemesi\u2019nde 3 y\u0131l\u0131 a\u015fk\u0131n s\u00fcredir g\u00f6r\u00fclmekte olan, 2015 y\u0131l\u0131 d\u00f6nemini kapsayan, 2016 y\u0131l\u0131nda yap\u0131lan \u0130dari ve Mali Kongre\u2019de al\u0131nan t\u00fcm kararlar\u0131n ve ayn\u0131 d\u00f6nemde yap\u0131lan se\u00e7imin iptalini i\u00e7eren, s\u00f6z konusu davayla ilgili Be\u015fikta\u015f\u2019\u0131n anayasas\u0131 olan t\u00fcz\u00fc\u011fe ve y\u00f6netmeliklere ayk\u0131r\u0131 olarak toplu olarak usuls\u00fcz \u015fekilde \u00fcye yap\u0131lan ve yine t\u00fcz\u00fc\u011fe ayk\u0131r\u0131 olarak y\u0131ll\u0131k \u00fcyelik aidatlar\u0131 toplu \u00f6denen ki\u015fi ve ki\u015fileri kapsayan, (resmi tespit vard\u0131r) Be\u015fikta\u015fl\u0131 olmayanlar\u0131n \u00fcye yap\u0131larak Be\u015fikta\u015f\u2019\u0131m\u0131z\u0131n gelece\u011fine karar veren sakat bir iradenin ibra ve se\u00e7im kongrelerinde oy haklar\u0131na sahip oldu\u011fu, camiada \u20195268\u2019 olarak bilinen davayla ilgili biz davac\u0131lar; Denetim Kurulu\u2019nu istifa davet ediyoruz. Biz davac\u0131lar\u0131n Denetim Kurulu\u2019nu neden istifaya davet etti\u011fini, resmi evraklarla yapm\u0131\u015f oldu\u011fumuz bu ikinci a\u00e7\u0131klamayla t\u00fcm Be\u015fikta\u015f camias\u0131na a\u015fa\u011f\u0131da duyuruyoruz.<\/p>\n<p>Denetim Kurulu Ba\u015fkanl\u0131\u011f\u0131 ge\u00e7ti\u011fimiz g\u00fcnlerde sosyal medyadan telefonlar\u0131n notlar k\u0131sm\u0131ndan bir a\u00e7\u0131klama yazarak; \u0130stanbul 9. Asliye Hukuk Mahkemesi\u2019nde g\u00f6r\u00fclmekte olan 2016\/247 E. No\u2019lu dosyaya istinaden mahkemenin kurulumuzdan talep etti\u011fi bilgiler sunulmu\u015ftur. 11.07.2019 tarihli celsede kurulumuzun yaz\u0131s\u0131n\u0131n mahkemeye sunuldu\u011fu g\u00f6r\u00fclm\u00fc\u015ft\u00fcr. Dolay\u0131s\u0131yla kurulumuzun mahkemeye bilgi vermedi\u011fi iddias\u0131 ger\u00e7ek d\u0131\u015f\u0131d\u0131r&#8221; ifadelerini kullanm\u0131\u015ft\u0131. \u00d6ncelikle gerek a\u00e7\u0131klaman\u0131n yaz\u0131l\u0131\u015f \u015fekli, gerekse yay\u0131nlanma bi\u00e7imini davay\u0131 a\u00e7an biz davac\u0131lar taraf\u0131ndan kabul edilmedi\u011fi gibi bir\u00e7ok Be\u015fikta\u015fl\u0131\u2019n\u0131n da tepkisine neden oldu\u011fu biliniyorken; Denetim Kurulu\u2019nun kurumsal ileti\u015fim n\u00fcanslar\u0131na g\u00f6re bu kabul edilemeyecek eksik ve yan\u0131lt\u0131c\u0131 a\u00e7\u0131klamas\u0131n\u0131 k\u0131n\u0131yoruz!<\/p>\n<p>Denetim Kurulu (Feyyaz Tuncel ve ekibi) \u2019Mahkemenin kurulumuzdan talep etti\u011fi bilgiler mahkemeye sunulmu\u015ftur, kurulumuzun mahkemeye bilgi vermedi\u011fi iddias\u0131 ger\u00e7ek d\u0131\u015f\u0131d\u0131r\u2019 a\u00e7\u0131klamas\u0131n\u0131 yaparak topu taca atmaya devam etmektedir. Mahkemenin 25 Mart 2019 tarihinde verdi\u011fi 2 nolu ara karar\u0131nda ve hemen sonras\u0131nda 5 Nisan 2019 tarihinde ald\u0131\u011f\u0131 karar Denetim Kurulu\u2019na m\u00fczekkere olarak yaz\u0131l\u0131rken mahkeme taraf\u0131ndan \u2019ACELE\u2019 \u015ferhi d\u00fc\u015f\u00fclm\u00fc\u015ft\u00fc. Dava g\u00fcn\u00fc olan 11 Temmuz 2019 tarihinden 3 g\u00fcn \u00f6nce sundu\u011fu (bilirki\u015fi raporunun haz\u0131r olmamas\u0131na sebebiyet vermek) Denetim Kurulu\u2019nun mahkemeye sundu\u011fu 1 sayfal\u0131k evrakta; \u2019\u0130stenilen konular\u0131n kapsaml\u0131 olmas\u0131 nedeni ile taraf\u0131m\u0131zca incelemeler ivedi \u015fekilde yap\u0131lacak olup en k\u0131sa s\u00fcrede say\u0131n mahkemenize sunulacakt\u0131r\u2019 yazmakta olup yaz\u0131n\u0131n Denetim Kurulu taraf\u0131ndan 9 Nisan 2019 tarihinde mahkemeye yaz\u0131ld\u0131\u011f\u0131n\u0131, bu a\u00e7\u0131klamada Denetim Kurulu ad\u0131na Feyyaz Tuncel\u2019in \u0131slak imzas\u0131 bulundu\u011funu ekte bulunan resmi evrakta g\u00f6rebilirsiniz. Mahkemenin istedi\u011fi belge, evrak ve detaylarla ilgili 9 Nisan 2019 tarihinde 1 sayfal\u0131k yaz\u0131 yazan, bu yaz\u0131y\u0131 da dava g\u00fcn\u00fcnden 3 g\u00fcn \u00f6nce yani 8 Temmuz 2019 tarihinde sadece 1 sayfal\u0131k evra\u011f\u0131 dava dosyas\u0131na sunan ve bilirki\u015fi raporunun haz\u0131r olmamas\u0131na sebebiyet veren, \u2019Mahkemenin istedi\u011fi evraklar\u0131 mahkemeye sunduk\u2019 diyen ama eksik ve yan\u0131lt\u0131c\u0131 bilgiler vererek davan\u0131n 5 ay uzamas\u0131na neden olan, usuls\u00fczl\u00fckler konusunda en ba\u015fta t\u00fcz\u00fck gere\u011fi g\u00f6rev ve sorumluluklar\u0131n\u0131 yerine getirecek olan, s\u00fcrekli ba\u011f\u0131ms\u0131z olduklar\u0131n\u0131 ifade eden ama bizlerin ba\u011f\u0131ms\u0131zl\u0131klar\u0131n\u0131 hi\u00e7bir \u015fekilde g\u00f6remedi\u011fimiz Denetim Kurulu Ba\u015fkanl\u0131\u011f\u0131\u2019na bu durumu yak\u0131\u015ft\u0131ram\u0131yoruz ve bu konudan dolay\u0131 T\u00fcrkiye Cumhuriyeti Mahkemeleri\u2019ni, mahkemelerin ald\u0131\u011f\u0131 karar ve emirleri 9 Nisan 2019 tarihinde yazd\u0131\u011f\u0131 yaz\u0131y\u0131 davadan 3 g\u00fcn \u00f6nce (8 Temmuz 2019) mahkemeye sunarak sohbet edas\u0131nda 1 sayfa ile cevap veren, mahkemenin adil yarg\u0131lama s\u00fcrecini uzatarak bilirki\u015fi raporunun haz\u0131r olmamas\u0131na sebebiyet veren denetim kurulunu k\u0131n\u0131yor ve istifaya davet ediyoruz! \u0130stifa da bir hizmettir!&#8221;<\/p>\n","protected":false},"excerpt":{"rendered":"<p>BE\u015e\u0130KTA\u015e&#8217;TA 5268 \u00dcYEN\u0130N A\u0130DATLARININ TOPLU OLARAK YATIRILMASI \u0130DD\u0130ASIYLA DAVA A\u00c7AN KUL\u00dcP \u00dcYELER\u0130, GE\u00c7T\u0130\u011e\u0130M\u0130Z G\u00dcNLERDE &#8216;MAHKEMEYE EVRAKLARIN \u0130LET\u0130LD\u0130\u011e\u0130&#8217; A\u00c7IKLAMASINI YAPAN DENET\u0130M KURULU BA\u015eKAN VE \u00dcYELER\u0130N\u0130 \u0130ST\u0130FAYA DAVET ETT\u0130. DAVACILAR, DENET\u0130M KURULUNUN B\u0130L\u0130RK\u0130\u015e\u0130 RAPORUNUN HAZIRLANMAMASINA SEBEB\u0130YET VERD\u0130\u011e\u0130N\u0130 \u0130DD\u0130A ETT\u0130.<\/p>\n","protected":false},"author":1,"featured_media":184223,"comment_status":"closed","ping_status":"open","sticky":false,"template":"","format":"standard","meta":{"jetpack_post_was_ever_published":false,"_jetpack_newsletter_access":"","_jetpack_dont_email_post_to_subs":false,"_jetpack_newsletter_tier_id":0,"_jetpack_memberships_contains_paywalled_content":false,"_jetpack_memberships_contains_paid_content":false,"footnotes":"","jetpack_publicize_message":"","jetpack_publicize_feature_enabled":true,"jetpack_social_post_already_shared":true,"jetpack_social_options":{"image_generator_settings":{"template":"highway","default_image_id":0,"font":"","enabled":false},"version":2}},"categories":[657],"tags":[3383,45594,3008,6015,207,45595,8430],"class_list":["post-184222","post","type-post","status-publish","format-standard","has-post-thumbnail","hentry","category-spor","tag-besiktasta","tag-davacilar","tag-davet","tag-denetim","tag-etti","tag-istifaya","tag-kurulunu"],"jetpack_publicize_connections":[],"jetpack_featured_media_url":"https:\/\/i0.wp.com\/www.tvturk.com\/wp-content\/uploads\/2019\/07\/besiktasta-davacilar-denetim-kurulunu-istifaya-davet-etti_1f47118.jpg?fit=582%2C1000","jetpack_sharing_enabled":true,"jetpack_shortlink":"https:\/\/wp.me\/paKIfm-LVk","_links":{"self":[{"href":"http:\/\/www.tvturk.com\/index.php\/wp-json\/wp\/v2\/posts\/184222","targetHints":{"allow":["GET"]}}],"collection":[{"href":"http:\/\/www.tvturk.com\/index.php\/wp-json\/wp\/v2\/posts"}],"about":[{"href":"http:\/\/www.tvturk.com\/index.php\/wp-json\/wp\/v2\/types\/post"}],"author":[{"embeddable":true,"href":"http:\/\/www.tvturk.com\/index.php\/wp-json\/wp\/v2\/users\/1"}],"replies":[{"embeddable":true,"href":"http:\/\/www.tvturk.com\/index.php\/wp-json\/wp\/v2\/comments?post=184222"}],"version-history":[{"count":0,"href":"http:\/\/www.tvturk.com\/index.php\/wp-json\/wp\/v2\/posts\/184222\/revisions"}],"wp:featuredmedia":[{"embeddable":true,"href":"http:\/\/www.tvturk.com\/index.php\/wp-json\/wp\/v2\/media\/184223"}],"wp:attachment":[{"href":"http:\/\/www.tvturk.com\/index.php\/wp-json\/wp\/v2\/media?parent=184222"}],"wp:term":[{"taxonomy":"category","embeddable":true,"href":"http:\/\/www.tvturk.com\/index.php\/wp-json\/wp\/v2\/categories?post=184222"},{"taxonomy":"post_tag","embeddable":true,"href":"http:\/\/www.tvturk.com\/index.php\/wp-json\/wp\/v2\/tags?post=184222"}],"curies":[{"name":"wp","href":"https:\/\/api.w.org\/{rel}","templated":true}]}}