{"id":184224,"date":"2019-07-19T18:01:46","date_gmt":"2019-07-19T15:01:46","guid":{"rendered":"http:\/\/www.tvturk.com\/index.php\/mardinli-haci-adaylari-dualarla-ugurlandi\/"},"modified":"2019-07-19T18:01:46","modified_gmt":"2019-07-19T15:01:46","slug":"mardinli-haci-adaylari-dualarla-ugurlandi","status":"publish","type":"post","link":"http:\/\/www.tvturk.com\/index.php\/mardinli-haci-adaylari-dualarla-ugurlandi\/","title":{"rendered":"Mardinli hac\u0131 adaylar\u0131 dualarla u\u011furland\u0131"},"content":{"rendered":"<p>Mardin\u2019den 170 ki\u015filik ilk hac kafilesi, havaliman\u0131nda d\u00fczenlenen t\u00f6renle sevenlerinin g\u00f6zya\u015flar\u0131 i\u00e7erisinde kutsal topraklara u\u011furland\u0131.<\/p>\n<p>Havaliman\u0131nda d\u00fczenlenen u\u011furlama t\u00f6renine Mardin Valisi Mustafa Yaman,  Mardin \u0130l M\u00fcft\u00fcs\u00fc \u0130smail \u00c7i\u00e7ek, K\u0131z\u0131ltepe \u0130l\u00e7e M\u00fcft\u00fcs\u00fc Mahsum Ta\u015f\u00e7\u0131, hac\u0131 adaylar\u0131 ve yak\u0131nlar\u0131 kat\u0131ld\u0131. T\u00f6rende konu\u015fan Vali Mustafa Yaman, kutsal topraklara do\u011fru yola \u00e7\u0131kan hac\u0131 adaylar\u0131n\u0131 tebrik etti. Mardin\u2019de bu y\u0131l 650 hac\u0131 aday\u0131n\u0131n kutsal topraklara gidece\u011fini belirten Vali Yaman, ilk kafilede 170 hac\u0131 aday\u0131n\u0131n kutsal topraklara u\u011furland\u0131\u011f\u0131n\u0131 ve 3 y\u0131ld\u0131r hac\u0131 adaylar\u0131n\u0131n hep yan\u0131nda olduklar\u0131n\u0131 dile getirerek ederek hac\u0131 adaylar\u0131ndan hay\u0131r dualar\u0131n\u0131 istedi.<\/p>\n<p>Kur\u2019an-\u0131 Kerim tilaveti ve ilahi okunan t\u00f6rende \u0130l M\u00fcft\u00fcs\u00fc \u0130smail \u00c7i\u00e7ek, vatan\u0131n birlik ve b\u00fct\u00fcnl\u00fc\u011f\u00fc i\u00e7in dualar ederek hac\u0131 adaylar\u0131n\u0131n sa\u011fl\u0131kla gidip gelmelerini temenni etti.<\/p>\n<p>Hac\u0131 aday\u0131 olan Mahmut Sincar, g\u00fczel bir duygu i\u00e7inde olduklar\u0131, T\u00fcrkiye, M\u00fcsl\u00fcmanlar ve Cumhurba\u015fkan\u0131 i\u00e7in dua edece\u011fini s\u00f6yledi.<\/p>\n<p>Hac\u0131 adaylar\u0131ndan Mehmet Emin Beyaz\u0131t ise, \u00e7ok heyecanl\u0131 oldu\u011funu ifade ederek, \u00fclke i\u00e7in dua edeceklerini ifade etti.<\/p>\n<p>13 y\u0131ld\u0131r hacca gitmek i\u00e7in bekledi\u011fini aktaran Mehmet Kanta\u015f da ya\u015fad\u0131\u011f\u0131 duygunun anlat\u0131lamaz oldu\u011funu dile getirdi.<\/p>\n<p>Hac\u0131 adaylar\u0131, pasaport i\u015flemlerinin ard\u0131ndan z\u0131lg\u0131tlar, g\u00f6zya\u015flar\u0131 ve dualarla u\u011furland\u0131.<\/p>\n","protected":false},"excerpt":{"rendered":"<p>MARD\u0130N\u2019DEN 170 K\u0130\u015e\u0130L\u0130K \u0130LK HAC KAF\u0130LES\u0130, HAVAL\u0130MANINDA D\u00dcZENLENEN T\u00d6RENLE SEVENLER\u0130N\u0130N G\u00d6ZYA\u015eLARI \u0130\u00c7ER\u0130S\u0130NDE KUTSAL TOPRAKLARA U\u011eURLANDI.<\/p>\n","protected":false},"author":1,"featured_media":184225,"comment_status":"closed","ping_status":"open","sticky":false,"template":"","format":"standard","meta":{"jetpack_post_was_ever_published":false,"_jetpack_newsletter_access":"","_jetpack_dont_email_post_to_subs":false,"_jetpack_newsletter_tier_id":0,"_jetpack_memberships_contains_paywalled_content":false,"_jetpack_memberships_contains_paid_content":false,"footnotes":"","jetpack_publicize_message":"","jetpack_publicize_feature_enabled":true,"jetpack_social_post_already_shared":true,"jetpack_social_options":{"image_generator_settings":{"template":"highway","default_image_id":0,"font":"","enabled":false},"version":2}},"categories":[1],"tags":[4119,3235,9460,7633,2516],"class_list":["post-184224","post","type-post","status-publish","format-standard","has-post-thumbnail","hentry","category-genel","tag-adaylari","tag-dualarla","tag-haci","tag-mardinli","tag-ugurlandi"],"jetpack_publicize_connections":[],"jetpack_featured_media_url":"https:\/\/i0.wp.com\/www.tvturk.com\/wp-content\/uploads\/2019\/07\/mardinli-haci-adaylari-dualarla-ugurlandi_e990583.jpg?fit=1000%2C666","jetpack_sharing_enabled":true,"jetpack_shortlink":"https:\/\/wp.me\/paKIfm-LVm","_links":{"self":[{"href":"http:\/\/www.tvturk.com\/index.php\/wp-json\/wp\/v2\/posts\/184224","targetHints":{"allow":["GET"]}}],"collection":[{"href":"http:\/\/www.tvturk.com\/index.php\/wp-json\/wp\/v2\/posts"}],"about":[{"href":"http:\/\/www.tvturk.com\/index.php\/wp-json\/wp\/v2\/types\/post"}],"author":[{"embeddable":true,"href":"http:\/\/www.tvturk.com\/index.php\/wp-json\/wp\/v2\/users\/1"}],"replies":[{"embeddable":true,"href":"http:\/\/www.tvturk.com\/index.php\/wp-json\/wp\/v2\/comments?post=184224"}],"version-history":[{"count":0,"href":"http:\/\/www.tvturk.com\/index.php\/wp-json\/wp\/v2\/posts\/184224\/revisions"}],"wp:featuredmedia":[{"embeddable":true,"href":"http:\/\/www.tvturk.com\/index.php\/wp-json\/wp\/v2\/media\/184225"}],"wp:attachment":[{"href":"http:\/\/www.tvturk.com\/index.php\/wp-json\/wp\/v2\/media?parent=184224"}],"wp:term":[{"taxonomy":"category","embeddable":true,"href":"http:\/\/www.tvturk.com\/index.php\/wp-json\/wp\/v2\/categories?post=184224"},{"taxonomy":"post_tag","embeddable":true,"href":"http:\/\/www.tvturk.com\/index.php\/wp-json\/wp\/v2\/tags?post=184224"}],"curies":[{"name":"wp","href":"https:\/\/api.w.org\/{rel}","templated":true}]}}