{"id":184234,"date":"2019-07-19T18:17:10","date_gmt":"2019-07-19T15:17:10","guid":{"rendered":"http:\/\/www.tvturk.com\/index.php\/konyaspor-forma-tanitim-filmi-fransada-en-iyiler-listesinde\/"},"modified":"2019-07-19T18:17:10","modified_gmt":"2019-07-19T15:17:10","slug":"konyaspor-forma-tanitim-filmi-fransada-en-iyiler-listesinde","status":"publish","type":"post","link":"http:\/\/www.tvturk.com\/index.php\/konyaspor-forma-tanitim-filmi-fransada-en-iyiler-listesinde\/","title":{"rendered":"Konyaspor forma tan\u0131t\u0131m filmi, Fransa\u2019da en iyiler listesinde"},"content":{"rendered":"<p>Konyaspor\u2019un yeni sezon formalar\u0131n\u0131 tan\u0131tt\u0131\u011f\u0131 \u2019Dirili\u015f\u2019 temal\u0131 k\u0131sa film, Fransa\u2019n\u0131n k\u00f6kl\u00fc medya kurulu\u015fu taraf\u0131ndan en iyiler listesinde yer ald\u0131.<\/p>\n<p>Konyaspor\u2019un 2019-2020 sezonunda giyece\u011fi formalar\u0131n tan\u0131t\u0131ld\u0131\u011f\u0131 k\u0131sa film, Fransa\u2019n\u0131n k\u00f6kl\u00fc medya kurulu\u015funun ilgisini \u00e7ekti. Dirili\u015f Ertu\u011frul dizisinin temas\u0131yla haz\u0131rlanan k\u0131sa film, Fransa\u2019n\u0131n k\u00f6kl\u00fc medya kurulu\u015fu L\u2019Equipe taraf\u0131ndan en iyi forma tan\u0131t\u0131m filmleri listesinde g\u00f6sterildi.<\/p>\n<p>L\u2019Equipe gazetesinin internet sitesinde yer alan a\u00e7\u0131klamada, &#8220;2019-2020 sezonunun yeni formalar\u0131n\u0131 sunmak i\u00e7in, T\u00fcrk kul\u00fcb\u00fcn\u00fcn ileti\u015fim birimi \u00e7ok etkileyiciydi. Be\u015f dakikal\u0131k videoda, bizi Osmanl\u0131 \u0130mparatorlu\u011fu\u2019nun kalbine g\u00f6t\u00fcr\u00fcyor. Osmanl\u0131 atl\u0131lar\u0131 olan bir Sipahi konvoyu, Konyaspor\u2019un yeni sezon formalar\u0131n\u0131n i\u00e7inde bulundu\u011fu bir hazineyi Sultan\u2019a g\u00f6t\u00fcr\u00fcyor&#8221; ifadelerine yer verildi.<\/p>\n<p>Medya direkt\u00f6r\u00fc Ekinci: &#8220;Konyaspor\u2019un \u00f6zg\u00fcn projeleri di\u011fer kul\u00fcpleri de te\u015fvik etti&#8221;<\/p>\n<p>Konyaspor Kurumsal \u0130leti\u015fim ve Medya Direkt\u00f6r\u00fc H\u00fcseyin Ekinci konuyla ilgili yapt\u0131\u011f\u0131 a\u00e7\u0131klamada 2-3 y\u0131l y\u0131ldan bu yana kul\u00fcbe ekstra y\u00fck olmadan Game Of Thrones, La Casa de Papel, Black Mirror gibi pop\u00fcler k\u00fclt\u00fcr\u00fcn \u00f6nemli projelerini kendi dinamiklerine g\u00f6re uyarlad\u0131klar\u0131n\u0131 belirterek, &#8220;Bu sezon Anadolu Sel\u00e7uklu Medeniyetlerine ba\u015fkentlik yapm\u0131\u015f Konya\u2019y\u0131 ve Sel\u00e7uklu Devleti\u2019nin arg\u00fcmanlar\u0131n\u0131 forma tan\u0131t\u0131m filmimizde kullanmak istedik. Karatay \u00dcniversitesi\u2019nin film platosu ve Zazadin Han\u2019da \u00e7ekti\u011fimiz Dirili\u015f Konyaspor temal\u0131 forma tan\u0131t\u0131m filmimizin yine d\u00fcnyada \u00f6nemli yay\u0131n organlar\u0131n\u0131n analizlerinde ilk s\u0131rada yer almas\u0131 bizleri ziyadesiyle mutlu etti. Konyaspor\u2019un bu alanda \u00f6zg\u00fcn projeler \u00fcretmesi di\u011fer tak\u0131mlar\u0131m\u0131z\u0131 da te\u015fvik etti. Art\u0131k kul\u00fcpler sadece sahada de\u011fil sosyal mecralarda da g\u00fc\u00e7l\u00fc olabilmek i\u00e7in yo\u011fun u\u011fra\u015f veriyor. Konyaspor olarak geleneksel hale getirdi\u011fimiz ve k\u0131sa film tad\u0131nda kurgulad\u0131\u011f\u0131m\u0131z tan\u0131t\u0131mlara in\u015fallah \u00f6n\u00fcm\u00fczdeki d\u00f6nemlerde de devam edece\u011fiz&#8221; diye konu\u015ftu.<\/p>\n","protected":false},"excerpt":{"rendered":"<p>KONYASPOR\u2019UN YEN\u0130 SEZON FORMALARINI TANITTI\u011eI &#8216;D\u0130R\u0130L\u0130\u015e&#8217; TEMALI KISA F\u0130LM, FRANSA&#8217;NIN K\u00d6KL\u00dc MEDYA KURULU\u015eU TARAFINDAN EN \u0130Y\u0130LER L\u0130STES\u0130NDE YER ALDI.<\/p>\n","protected":false},"author":1,"featured_media":184235,"comment_status":"closed","ping_status":"open","sticky":false,"template":"","format":"standard","meta":{"jetpack_post_was_ever_published":false,"_jetpack_newsletter_access":"","_jetpack_dont_email_post_to_subs":false,"_jetpack_newsletter_tier_id":0,"_jetpack_memberships_contains_paywalled_content":false,"_jetpack_memberships_contains_paid_content":false,"footnotes":"","jetpack_publicize_message":"","jetpack_publicize_feature_enabled":true,"jetpack_social_post_already_shared":true,"jetpack_social_options":{"image_generator_settings":{"template":"highway","default_image_id":0,"font":"","enabled":false},"version":2}},"categories":[657],"tags":[7228,7148,901,45598,3505,17096,2221],"class_list":["post-184234","post","type-post","status-publish","format-standard","has-post-thumbnail","hentry","category-spor","tag-filmi","tag-forma","tag-fransada","tag-iyiler","tag-konyaspor","tag-listesinde","tag-tanitim"],"jetpack_publicize_connections":[],"jetpack_featured_media_url":"https:\/\/i0.wp.com\/www.tvturk.com\/wp-content\/uploads\/2019\/07\/konyaspor-forma-tanitim-filmi-fransada-en-iyiler-listesinde_b4eba35.jpg?fit=958%2C747","jetpack_sharing_enabled":true,"jetpack_shortlink":"https:\/\/wp.me\/paKIfm-LVw","_links":{"self":[{"href":"http:\/\/www.tvturk.com\/index.php\/wp-json\/wp\/v2\/posts\/184234","targetHints":{"allow":["GET"]}}],"collection":[{"href":"http:\/\/www.tvturk.com\/index.php\/wp-json\/wp\/v2\/posts"}],"about":[{"href":"http:\/\/www.tvturk.com\/index.php\/wp-json\/wp\/v2\/types\/post"}],"author":[{"embeddable":true,"href":"http:\/\/www.tvturk.com\/index.php\/wp-json\/wp\/v2\/users\/1"}],"replies":[{"embeddable":true,"href":"http:\/\/www.tvturk.com\/index.php\/wp-json\/wp\/v2\/comments?post=184234"}],"version-history":[{"count":0,"href":"http:\/\/www.tvturk.com\/index.php\/wp-json\/wp\/v2\/posts\/184234\/revisions"}],"wp:featuredmedia":[{"embeddable":true,"href":"http:\/\/www.tvturk.com\/index.php\/wp-json\/wp\/v2\/media\/184235"}],"wp:attachment":[{"href":"http:\/\/www.tvturk.com\/index.php\/wp-json\/wp\/v2\/media?parent=184234"}],"wp:term":[{"taxonomy":"category","embeddable":true,"href":"http:\/\/www.tvturk.com\/index.php\/wp-json\/wp\/v2\/categories?post=184234"},{"taxonomy":"post_tag","embeddable":true,"href":"http:\/\/www.tvturk.com\/index.php\/wp-json\/wp\/v2\/tags?post=184234"}],"curies":[{"name":"wp","href":"https:\/\/api.w.org\/{rel}","templated":true}]}}