{"id":184244,"date":"2019-07-19T19:01:46","date_gmt":"2019-07-19T16:01:46","guid":{"rendered":"http:\/\/www.tvturk.com\/index.php\/mudanya-kadin-meclisinden-imoya-kiyafet-destegi\/"},"modified":"2019-07-19T19:01:46","modified_gmt":"2019-07-19T16:01:46","slug":"mudanya-kadin-meclisinden-imoya-kiyafet-destegi","status":"publish","type":"post","link":"http:\/\/www.tvturk.com\/index.php\/mudanya-kadin-meclisinden-imoya-kiyafet-destegi\/","title":{"rendered":"Mudanya Kad\u0131n Meclisi\u2019nden \u0130MO\u2019ya k\u0131yafet deste\u011fi"},"content":{"rendered":"<p>Mudanya Kent Konseyi Kad\u0131n Meclisi \u00fcyeleri, \u0130n\u015faat M\u00fchendisleri Odas\u0131 (\u0130MO) Bursa \u015eubesi\u2019nin ba\u015flatt\u0131\u011f\u0131 &#8220;Bizim de Katk\u0131m\u0131z Olsun\u201d kampanyas\u0131na destek verdi.<\/p>\n<p>K\u00f6ylerdeki \u00e7ocuklar\u0131n kitap, oyuncak ve k\u0131yafet ihtiya\u00e7lar\u0131 i\u00e7in ba\u015flat\u0131lan kampanyaya destek veren Kent Konseyi Kad\u0131n Meclisi y\u00f6netimi, &#8220;D\u00fcnya payla\u015ft\u0131k\u00e7a g\u00fczelle\u015fir. Kampanyaya bizim de katk\u0131m\u0131z olsun&#8221; diyerek toplad\u0131klar\u0131 elbiseleri Mudanya\u2019da \u0130MO Kad\u0131n Komisyonuna teslim etti.<\/p>\n","protected":false},"excerpt":{"rendered":"<p>MUDANYA KENT KONSEY\u0130 KADIN MECL\u0130S\u0130 \u00dcYELER\u0130, \u0130N\u015eAAT M\u00dcHEND\u0130SLER\u0130 ODASI (\u0130MO) BURSA \u015eUBES\u0130&#8217;N\u0130N BA\u015eLATTI\u011eI &#8220;B\u0130Z\u0130M DE KATKIMIZ OLSUN\u201d KAMPANYASINA DESTEK VERD\u0130.<\/p>\n","protected":false},"author":1,"featured_media":184245,"comment_status":"closed","ping_status":"open","sticky":false,"template":"","format":"standard","meta":{"jetpack_post_was_ever_published":false,"_jetpack_newsletter_access":"","_jetpack_dont_email_post_to_subs":false,"_jetpack_newsletter_tier_id":0,"_jetpack_memberships_contains_paywalled_content":false,"_jetpack_memberships_contains_paid_content":false,"footnotes":"","jetpack_publicize_message":"","jetpack_publicize_feature_enabled":true,"jetpack_social_post_already_shared":true,"jetpack_social_options":{"image_generator_settings":{"template":"highway","default_image_id":0,"font":"","enabled":false},"version":2}},"categories":[1],"tags":[53,45601,108,45602,3376,9220],"class_list":["post-184244","post","type-post","status-publish","format-standard","has-post-thumbnail","hentry","category-genel","tag-destegi","tag-imoya","tag-kadin","tag-kiyafet","tag-meclisinden","tag-mudanya"],"jetpack_publicize_connections":[],"jetpack_featured_media_url":"https:\/\/i0.wp.com\/www.tvturk.com\/wp-content\/uploads\/2019\/07\/mudanya-kadin-meclisinden-imoya-kiyafet-destegi_6f5f9aa.jpg?fit=750%2C1000","jetpack_sharing_enabled":true,"jetpack_shortlink":"https:\/\/wp.me\/paKIfm-LVG","_links":{"self":[{"href":"http:\/\/www.tvturk.com\/index.php\/wp-json\/wp\/v2\/posts\/184244","targetHints":{"allow":["GET"]}}],"collection":[{"href":"http:\/\/www.tvturk.com\/index.php\/wp-json\/wp\/v2\/posts"}],"about":[{"href":"http:\/\/www.tvturk.com\/index.php\/wp-json\/wp\/v2\/types\/post"}],"author":[{"embeddable":true,"href":"http:\/\/www.tvturk.com\/index.php\/wp-json\/wp\/v2\/users\/1"}],"replies":[{"embeddable":true,"href":"http:\/\/www.tvturk.com\/index.php\/wp-json\/wp\/v2\/comments?post=184244"}],"version-history":[{"count":0,"href":"http:\/\/www.tvturk.com\/index.php\/wp-json\/wp\/v2\/posts\/184244\/revisions"}],"wp:featuredmedia":[{"embeddable":true,"href":"http:\/\/www.tvturk.com\/index.php\/wp-json\/wp\/v2\/media\/184245"}],"wp:attachment":[{"href":"http:\/\/www.tvturk.com\/index.php\/wp-json\/wp\/v2\/media?parent=184244"}],"wp:term":[{"taxonomy":"category","embeddable":true,"href":"http:\/\/www.tvturk.com\/index.php\/wp-json\/wp\/v2\/categories?post=184244"},{"taxonomy":"post_tag","embeddable":true,"href":"http:\/\/www.tvturk.com\/index.php\/wp-json\/wp\/v2\/tags?post=184244"}],"curies":[{"name":"wp","href":"https:\/\/api.w.org\/{rel}","templated":true}]}}