{"id":184248,"date":"2019-07-19T19:16:29","date_gmt":"2019-07-19T16:16:29","guid":{"rendered":"http:\/\/www.tvturk.com\/index.php\/selden-zarar-goren-kisla-esnafi-yeniden-isine-dondu\/"},"modified":"2019-07-19T19:16:29","modified_gmt":"2019-07-19T16:16:29","slug":"selden-zarar-goren-kisla-esnafi-yeniden-isine-dondu","status":"publish","type":"post","link":"http:\/\/www.tvturk.com\/index.php\/selden-zarar-goren-kisla-esnafi-yeniden-isine-dondu\/","title":{"rendered":"Selden zarar g\u00f6ren K\u0131\u015fla esnaf\u0131 yeniden i\u015fine d\u00f6nd\u00fc"},"content":{"rendered":"<p>Zonguldak\u2019\u0131n Ere\u011fli il\u00e7esi K\u0131\u015fla Sanayi Sitesi\u2019nde ya\u015fanan sel nedeniyle zarar g\u00f6ren esnaf i\u015f yerlerini yeniden \u00e7al\u0131\u015f\u0131r hale getirdi.<\/p>\n<p>Kdz. Ere\u011fli il\u00e7esinde d\u00fcn sabah ya\u015fanan sel nedeniyle K\u0131\u015fla Sanayi Sitesi\u2019nde bulunan i\u015f yerleri sular alt\u0131nda kald\u0131. D\u00fckkanlar\u0131 suyla dolan esnaf\u0131n bir\u00e7o\u011fu b\u00fcy\u00fck zarara u\u011frad\u0131. D\u00fckkanlar\u0131ndaki suyu bo\u015falt\u0131p temizlik \u00e7al\u0131\u015fmalar\u0131n\u0131 tamamlayan esnaf bug\u00fcn \u00f6\u011fleden itibaren yeniden \u00e7al\u0131\u015fmaya ba\u015flad\u0131. K\u0131\u015fla Sanayi Sitesi esnaf\u0131ndan \u015eaban Acar, d\u00fcn sabah d\u00fckkan\u0131na erken geldi\u011fini ve i\u00e7erisinin suyla dolmamas\u0131 i\u00e7in gereli \u00f6nlemleri ald\u0131\u011f\u0131n\u0131 ve bir zarar\u0131n\u0131n bulunmad\u0131\u011f\u0131n\u0131 s\u00f6yledi. Di\u011fer esnaf arkada\u015flar\u0131ndan b\u00fcy\u00fck zarara u\u011frayanlar\u0131n oldu\u011funu dile getiren Acar konu\u015fmas\u0131nda \u015fu s\u00f6zlere yer verdi:<\/p>\n<p>\u201cBizim pek kayb\u0131m\u0131z olmad\u0131 ama di\u011fer arkada\u015flar\u0131n kay\u0131plar\u0131 oldu. Biz erken m\u00fcdahale ettik, sabah alt\u0131 bu\u00e7ukta geldik buraya \u00f6nlemimizi ald\u0131k. A\u015f\u0131r\u0131 bir kayb\u0131m\u0131z olmad\u0131 di\u011fer arkada\u015flar\u0131n kayb\u0131 olmu\u015f. Su en az yetmi\u015f be\u015f santim y\u00fckseldi. Su y\u00fckselmeye sabah saat alt\u0131da ba\u015flay\u0131p sekiz bu\u00e7u\u011fa devam etti. Erken fark ettik pek kayb\u0131m\u0131z olmad\u0131. Motorlar\u0131 yanan arkada\u015flar, ma\u011fdur arkada\u015flar var tabi ki.\u201d<\/p>\n<p>D\u00fckkan\u0131n\u0131n suyla dolmas\u0131 nedeniyle yakla\u015f\u0131k 100 bin TL zarara u\u011frad\u0131\u011f\u0131n\u0131 anlatan esnaftan Mehmet Ta\u015fk\u0131n ise yeterli alt yap\u0131 olmad\u0131\u011f\u0131 i\u00e7in her sene ayn\u0131 s\u0131k\u0131nt\u0131y\u0131 ya\u015fad\u0131klar\u0131n\u0131 ifade etti. Ta\u015fk\u0131n d\u00fcnk\u00fc selde \u015fu ana kadarki en b\u00fcy\u00fck zarar\u0131 g\u00f6rd\u00fcklerini dile getirdi.<\/p>\n<p>Her ya\u011fmur ya\u011fd\u0131\u011f\u0131nda diken \u00fczerinde kald\u0131klar\u0131n\u0131 ve her sene ayn\u0131 rezilli\u011fi ya\u015fad\u0131klar\u0131n\u0131 belirten esnaftan Burak Dokur, en az 60 bin TL zararlar\u0131n\u0131n olu\u015ftu\u011funu vurgulad\u0131. Dokur konu\u015fmas\u0131nda \u015fu ifadelere yer verdi:<\/p>\n<p>\u201cHer sene biz bu rezilli\u011fi \u00e7ekiyoruz. Diken \u00fczerinde kal\u0131yoruz, uyku uyuyam\u0131yoruz, i\u015f yerimizi b\u0131rakam\u0131yoruz. \u00d6ncelikle yetkililerden burayla ilgili \u00e7\u00f6z\u00fcm aray\u0131\u015f\u0131 i\u00e7erisinde olmalar\u0131n\u0131 istiyoruz. \u015eu an \u00e7al\u0131\u015fam\u0131yoruz, bir hafta, on g\u00fcn de \u00e7al\u0131\u015famayaca\u011f\u0131z gibi g\u00f6r\u00fcn\u00fcyor. Altm\u0131\u015f bin lira kadar zarar\u0131m\u0131z var makineler hep su alt\u0131nda kald\u0131. Biz yetkililerden buran\u0131n alt yap\u0131s\u0131yla ilgili ne gerekiyorsa yapmalar\u0131n\u0131 istiyoruz.\u201d<\/p>\n<p>Hen\u00fcz d\u00fckkanlar\u0131n\u0131 a\u00e7amayan esnaf ise temizlik \u00e7al\u0131\u015fmalar\u0131n\u0131 s\u00fcrd\u00fcr\u00fcrken, belediye ekipleri de sokaklardaki \u00e7amurlar\u0131 temizleyip, \u00e7\u00f6pleri toplamaya \u00e7al\u0131\u015f\u0131yor.<\/p>\n","protected":false},"excerpt":{"rendered":"<p>ZONGULDAK\u2019IN ERE\u011eL\u0130 \u0130L\u00c7ES\u0130 KI\u015eLA SANAY\u0130 S\u0130TES\u0130\u2019NDE YA\u015eANAN SEL NEDEN\u0130YLE ZARAR G\u00d6REN ESNAF \u0130\u015e YERLER\u0130N\u0130 YEN\u0130DEN \u00c7ALI\u015eIR HALE GET\u0130RD\u0130.<\/p>\n","protected":false},"author":1,"featured_media":184249,"comment_status":"closed","ping_status":"open","sticky":false,"template":"","format":"standard","meta":{"jetpack_post_was_ever_published":false,"_jetpack_newsletter_access":"","_jetpack_dont_email_post_to_subs":false,"_jetpack_newsletter_tier_id":0,"_jetpack_memberships_contains_paywalled_content":false,"_jetpack_memberships_contains_paid_content":false,"footnotes":"","jetpack_publicize_message":"","jetpack_publicize_feature_enabled":true,"jetpack_social_post_already_shared":true,"jetpack_social_options":{"image_generator_settings":{"template":"highway","default_image_id":0,"font":"","enabled":false},"version":2}},"categories":[1],"tags":[990,443,5493,13393,40334,41602,720,900],"class_list":["post-184248","post","type-post","status-publish","format-standard","has-post-thumbnail","hentry","category-genel","tag-dondu","tag-esnafi","tag-goren","tag-isine","tag-kisla","tag-selden","tag-yeniden","tag-zarar"],"jetpack_publicize_connections":[],"jetpack_featured_media_url":"https:\/\/i0.wp.com\/www.tvturk.com\/wp-content\/uploads\/2019\/07\/selden-zarar-goren-kisla-esnafi-yeniden-isine-dondu_6fbc83c.jpg?fit=1000%2C750","jetpack_sharing_enabled":true,"jetpack_shortlink":"https:\/\/wp.me\/paKIfm-LVK","_links":{"self":[{"href":"http:\/\/www.tvturk.com\/index.php\/wp-json\/wp\/v2\/posts\/184248","targetHints":{"allow":["GET"]}}],"collection":[{"href":"http:\/\/www.tvturk.com\/index.php\/wp-json\/wp\/v2\/posts"}],"about":[{"href":"http:\/\/www.tvturk.com\/index.php\/wp-json\/wp\/v2\/types\/post"}],"author":[{"embeddable":true,"href":"http:\/\/www.tvturk.com\/index.php\/wp-json\/wp\/v2\/users\/1"}],"replies":[{"embeddable":true,"href":"http:\/\/www.tvturk.com\/index.php\/wp-json\/wp\/v2\/comments?post=184248"}],"version-history":[{"count":0,"href":"http:\/\/www.tvturk.com\/index.php\/wp-json\/wp\/v2\/posts\/184248\/revisions"}],"wp:featuredmedia":[{"embeddable":true,"href":"http:\/\/www.tvturk.com\/index.php\/wp-json\/wp\/v2\/media\/184249"}],"wp:attachment":[{"href":"http:\/\/www.tvturk.com\/index.php\/wp-json\/wp\/v2\/media?parent=184248"}],"wp:term":[{"taxonomy":"category","embeddable":true,"href":"http:\/\/www.tvturk.com\/index.php\/wp-json\/wp\/v2\/categories?post=184248"},{"taxonomy":"post_tag","embeddable":true,"href":"http:\/\/www.tvturk.com\/index.php\/wp-json\/wp\/v2\/tags?post=184248"}],"curies":[{"name":"wp","href":"https:\/\/api.w.org\/{rel}","templated":true}]}}