{"id":184258,"date":"2019-07-19T21:31:45","date_gmt":"2019-07-19T18:31:45","guid":{"rendered":"http:\/\/www.tvturk.com\/index.php\/15-temmuz-sehidi-emniyet-amirinin-adi-polis-karakoluna-verildi\/"},"modified":"2019-07-19T21:31:45","modified_gmt":"2019-07-19T18:31:45","slug":"15-temmuz-sehidi-emniyet-amirinin-adi-polis-karakoluna-verildi","status":"publish","type":"post","link":"http:\/\/www.tvturk.com\/index.php\/15-temmuz-sehidi-emniyet-amirinin-adi-polis-karakoluna-verildi\/","title":{"rendered":"15 Temmuz \u015fehidi emniyet amirinin ad\u0131 polis karakoluna verildi"},"content":{"rendered":"<p>Sincan Fatih Polis Merkezi Amirli\u011fine, 15 Temmuz gecesi Ankara Emniyet M\u00fcd\u00fcrl\u00fc\u011f\u00fc \u00f6n\u00fcnde \u015fehit olan Emniyet Amiri C\u00fcneyt Bursa\u2019n\u0131n ad\u0131 verildi.<\/p>\n<p>Emniyet Amiri C\u00fcneyt Bursa, Ankara Emniyet M\u00fcd\u00fcrl\u00fc\u011f\u00fc Ka\u00e7ak\u00e7\u0131l\u0131k Su\u00e7lar\u0131yla M\u00fccadele \u015eube M\u00fcd\u00fcrl\u00fc\u011f\u00fcnde g\u00f6revli iken 15 Temmuz gecesi, darbe giri\u015fimi s\u0131ras\u0131nda Ankara Emniyet M\u00fcd\u00fcrl\u00fc\u011f\u00fc \u00f6n\u00fcnde \u015fehit oldu.<\/p>\n<p>\u015eehit Emniyet Amiri C\u00fcneyt Bursa\u2019n\u0131n ismi, Sincan Fatih Polis Merkezi Amirli\u011fine verildi. De\u011fi\u015fen ismi ile \u201cFatih \u015eehit C\u00fcneyt Bursa Polis Merkezi Amirli\u011fi\u201d \u00f6n\u00fcnde d\u00fczenlenen t\u00f6rene, Sincan Kaymakam\u0131 Abdullah K\u00fc\u00e7\u00fck, Sincan Belediye Ba\u015fkan\u0131 Murat Ercan, \u0130l\u00e7e Emniyet M\u00fcd\u00fcr\u00fc Metin Demirci ile \u015fehidin yak\u0131nlar\u0131 kat\u0131ld\u0131.<\/p>\n","protected":false},"excerpt":{"rendered":"<p>S\u0130NCAN FAT\u0130H POL\u0130S MERKEZ\u0130 AM\u0130RL\u0130\u011e\u0130NE, 15 TEMMUZ GECES\u0130 ANKARA EMN\u0130YET M\u00dcD\u00dcRL\u00dc\u011e\u00dc \u00d6N\u00dcNDE \u015eEH\u0130T OLAN EMN\u0130YET AM\u0130R\u0130 C\u00dcNEYT BURSA&#8217;NIN ADI VER\u0130LD\u0130.<\/p>\n","protected":false},"author":1,"featured_media":184259,"comment_status":"closed","ping_status":"open","sticky":false,"template":"","format":"standard","meta":{"jetpack_post_was_ever_published":false,"_jetpack_newsletter_access":"","_jetpack_dont_email_post_to_subs":false,"_jetpack_newsletter_tier_id":0,"_jetpack_memberships_contains_paywalled_content":false,"_jetpack_memberships_contains_paid_content":false,"footnotes":"","jetpack_publicize_message":"","jetpack_publicize_feature_enabled":true,"jetpack_social_post_already_shared":true,"jetpack_social_options":{"image_generator_settings":{"template":"highway","default_image_id":0,"font":"","enabled":false},"version":2}},"categories":[1],"tags":[337,13514,253,2573,996,5327,1148,634],"class_list":["post-184258","post","type-post","status-publish","format-standard","has-post-thumbnail","hentry","category-genel","tag-adi","tag-amirinin","tag-emniyet","tag-karakoluna","tag-polis","tag-sehidi","tag-temmuz","tag-verildi"],"jetpack_publicize_connections":[],"jetpack_featured_media_url":"https:\/\/i0.wp.com\/www.tvturk.com\/wp-content\/uploads\/2019\/07\/15-temmuz-sehidi-emniyet-amirinin-adi-polis-karakoluna-verildi_40a8a5b.jpg?fit=1000%2C750","jetpack_sharing_enabled":true,"jetpack_shortlink":"https:\/\/wp.me\/paKIfm-LVU","_links":{"self":[{"href":"http:\/\/www.tvturk.com\/index.php\/wp-json\/wp\/v2\/posts\/184258","targetHints":{"allow":["GET"]}}],"collection":[{"href":"http:\/\/www.tvturk.com\/index.php\/wp-json\/wp\/v2\/posts"}],"about":[{"href":"http:\/\/www.tvturk.com\/index.php\/wp-json\/wp\/v2\/types\/post"}],"author":[{"embeddable":true,"href":"http:\/\/www.tvturk.com\/index.php\/wp-json\/wp\/v2\/users\/1"}],"replies":[{"embeddable":true,"href":"http:\/\/www.tvturk.com\/index.php\/wp-json\/wp\/v2\/comments?post=184258"}],"version-history":[{"count":0,"href":"http:\/\/www.tvturk.com\/index.php\/wp-json\/wp\/v2\/posts\/184258\/revisions"}],"wp:featuredmedia":[{"embeddable":true,"href":"http:\/\/www.tvturk.com\/index.php\/wp-json\/wp\/v2\/media\/184259"}],"wp:attachment":[{"href":"http:\/\/www.tvturk.com\/index.php\/wp-json\/wp\/v2\/media?parent=184258"}],"wp:term":[{"taxonomy":"category","embeddable":true,"href":"http:\/\/www.tvturk.com\/index.php\/wp-json\/wp\/v2\/categories?post=184258"},{"taxonomy":"post_tag","embeddable":true,"href":"http:\/\/www.tvturk.com\/index.php\/wp-json\/wp\/v2\/tags?post=184258"}],"curies":[{"name":"wp","href":"https:\/\/api.w.org\/{rel}","templated":true}]}}