{"id":184260,"date":"2019-07-19T21:46:42","date_gmt":"2019-07-19T18:46:42","guid":{"rendered":"http:\/\/www.tvturk.com\/index.php\/iskenderun-korfezinde-cevreci-baliklar-sahili-temizliyor-projesi-hayata-gecti\/"},"modified":"2019-07-19T21:46:42","modified_gmt":"2019-07-19T18:46:42","slug":"iskenderun-korfezinde-cevreci-baliklar-sahili-temizliyor-projesi-hayata-gecti","status":"publish","type":"post","link":"http:\/\/www.tvturk.com\/index.php\/iskenderun-korfezinde-cevreci-baliklar-sahili-temizliyor-projesi-hayata-gecti\/","title":{"rendered":"\u0130skenderun k\u00f6rfezinde \u2019\u00c7evreci Bal\u0131klar Sahili Temizliyor\u2019 projesi hayata ge\u00e7ti"},"content":{"rendered":"<p>\u0130skenderun k\u00f6rfezine k\u0131y\u0131s\u0131 bulunan il\u00e7elerde \u00c7evreci Bal\u0131klar Sahili Temizliyor projesi kapsam\u0131nda, sahillere bal\u0131k \u015feklinde geri d\u00f6n\u00fc\u015f\u00fcm kumbaralar\u0131 konuldu.<\/p>\n<p>\u0130l Tar\u0131m ve Orman M\u00fcd\u00fcrl\u00fc\u011f\u00fc, \u0130skenderun Deniz Ticaret Odas\u0131 ve \u0130skenderun Belediyesi taraf\u0131ndan Atat\u00fcrk An\u0131t Alan\u0131\u2019nda ger\u00e7ekle\u015fen a\u00e7\u0131l\u0131\u015f t\u00f6reninde konu\u015fan \u0130skenderun Kaymakam\u0131 \u0130skender Y\u00f6nden, proje ile \u0130skenderun k\u00f6rfezinde denizleri ve \u00e7evreyi temiz tutma bilincinin olu\u015fturulmas\u0131n\u0131n hedeflendi\u011fini s\u00f6yledi.<\/p>\n<p>Hatay\u2019\u0131n 183 kilometre sahil uzunlu\u011funun bulundu\u011funu ifade eden Kaymakam Y\u00f6nden, ilde su \u00fcr\u00fcn\u00fcnden ge\u00e7imini sa\u011flayan ki\u015fi say\u0131s\u0131n\u0131n 2 bin 72 oldu\u011funu belirtti. Projeyle plastik at\u0131klar\u0131n denizlere kar\u0131\u015fmas\u0131n\u0131 engelleyeceklerinin alt\u0131n\u0131 \u00e7izen Kaymakam Y\u00f6nden, ilk etapta \u0130skenderun, Samanda\u011f, Arsuz ve D\u00f6rtyol il\u00e7elerinde 7 adet demirden yap\u0131lan bal\u0131k \u015feklinde plastik geri d\u00f6n\u00fc\u015f\u00fcm kumbaras\u0131n\u0131n yerle\u015ftirildi\u011fini vurgulad\u0131.Y\u00f6nden, yaz aylar\u0131nda sahillerde kullan\u0131m\u0131 artan plastiklerin temizlenmesi, art\u0131klar\u0131n geri d\u00f6n\u00fc\u015f\u00fcme kazand\u0131r\u0131lmas\u0131 i\u00e7in vatanda\u015flara plastikleri bu kumbaralara atma \u00e7a\u011fr\u0131s\u0131nda bulundu.<\/p>\n<p>Hatay \u0130l Tar\u0131m ve Orman M\u00fcd\u00fcr\u00fc Erg\u00fcn \u00c7olako\u011flu ise T\u00fcrkiye\u2019nin su \u00fcr\u00fcnleri a\u00e7\u0131s\u0131ndan hem ihra\u00e7 eden hem de ithal eden bir \u00fclke konumunda oldu\u011funa dikkat \u00e7ekti. \u0130hracat\u0131n\u0131 yapt\u0131\u011f\u0131m\u0131z tek hayvansal \u00fcr\u00fcn\u00fcn bal\u0131k oldu\u011funa dikkat \u00e7eken \u00c7olako\u011flu, deniz ve k\u0131y\u0131 kirlili\u011fi konusunda 2015 y\u0131l\u0131ndan bu yana denizlerin terk edilmi\u015f av ara\u00e7lar\u0131ndan temizlenmesi projesi kapsam\u0131nda su \u00fcr\u00fcnleri avc\u0131l\u0131\u011f\u0131 esnas\u0131nda zemin yap\u0131s\u0131, hava ko\u015fullar\u0131, a\u011f \u00e7at\u0131\u015fmas\u0131 ve benzeri nedenlerle denizlere terk edilmi\u015f av ara\u00e7lar\u0131n\u0131n temizlenerek denizlerin koruma alt\u0131na al\u0131n\u0131p, kamuoyunda fark\u0131ndal\u0131k olu\u015fturuldu\u011funu belirtti .<\/p>\n<p>\u0130skenderun Belediye Ba\u015fkan\u0131 Mehmet Fatih Tosyal\u0131 da gelecek nesillere ya\u015fanabilir bir \u00fclke ve temiz \u00e7evre b\u0131rakman\u0131n, herkesin ortak g\u00f6revi oldu\u011funu s\u00f6yledi. Sahillerde ya\u015fanan kirliliklerin, denizleri ve i\u00e7erisinde ya\u015fayan canl\u0131lar\u0131 tehdit eden en b\u00fcy\u00fck tehlikelerin ba\u015f\u0131nda geldi\u011fini belirten Tosyal\u0131, kentin de deniz ve liman kenti oldu\u011funu hat\u0131rlatt\u0131.<\/p>\n<p>Konu\u015fmalar\u0131n ard\u0131ndan sahile yerle\u015ftirilen bal\u0131k \u015feklindeki geri d\u00f6n\u00fc\u015f\u00fcm kumbaras\u0131n\u0131n a\u00e7\u0131l\u0131\u015f\u0131 ger\u00e7ekle\u015fti.<\/p>\n<p>A\u00e7\u0131l\u0131\u015fa, \u0130l Tar\u0131m ve Orman M\u00fcd\u00fcr\u00fc Erg\u00fcn \u00c7olako\u011flu, \u0130skenderun Sahil G\u00fcvenlik Grup Komutan\u0131 O\u011fuz Emre \u00c7i\u00e7ek, \u0130l\u00e7e Jandarma Komutan\u0131 Ferit G\u00fcl, \u0130l\u00e7e Emniyet M\u00fcd\u00fcr\u00fc Mustafa Mithat Tolunay, \u0130skenderun Deniz Ticaret Odas\u0131 Ba\u015fkan\u0131 Kemal Kutlu ve davetliler kat\u0131ld\u0131.<\/p>\n","protected":false},"excerpt":{"rendered":"<p>\u0130SKENDERUN K\u00d6RFEZ\u0130NE KIYISI BULUNAN \u0130L\u00c7ELERDE \u00c7EVREC\u0130 BALIKLAR SAH\u0130L\u0130 TEM\u0130ZL\u0130YOR PROJES\u0130 KAPSAMINDA, SAH\u0130LLERE BALIK \u015eEKL\u0130NDE GER\u0130 D\u00d6N\u00dc\u015e\u00dcM KUMBARALARI KONULDU.<\/p>\n","protected":false},"author":1,"featured_media":184261,"comment_status":"closed","ping_status":"open","sticky":false,"template":"","format":"standard","meta":{"jetpack_post_was_ever_published":false,"_jetpack_newsletter_access":"","_jetpack_dont_email_post_to_subs":false,"_jetpack_newsletter_tier_id":0,"_jetpack_memberships_contains_paywalled_content":false,"_jetpack_memberships_contains_paid_content":false,"footnotes":"","jetpack_publicize_message":"","jetpack_publicize_feature_enabled":true,"jetpack_social_post_already_shared":true,"jetpack_social_options":{"image_generator_settings":{"template":"highway","default_image_id":0,"font":"","enabled":false},"version":2}},"categories":[1],"tags":[13853,11639,1955,1512,4467,2442,1324,2443,36851],"class_list":["post-184260","post","type-post","status-publish","format-standard","has-post-thumbnail","hentry","category-genel","tag-iskenderun","tag-baliklar","tag-cevreci","tag-gecti","tag-hayata","tag-korfezinde","tag-projesi","tag-sahili","tag-temizliyor"],"jetpack_publicize_connections":[],"jetpack_featured_media_url":"https:\/\/i0.wp.com\/www.tvturk.com\/wp-content\/uploads\/2019\/07\/iskenderun-korfezinde-cevreci-baliklar-sahili-temizliyor-projesi-hayata-gecti_41214b3.jpg?fit=1000%2C667","jetpack_sharing_enabled":true,"jetpack_shortlink":"https:\/\/wp.me\/paKIfm-LVW","_links":{"self":[{"href":"http:\/\/www.tvturk.com\/index.php\/wp-json\/wp\/v2\/posts\/184260","targetHints":{"allow":["GET"]}}],"collection":[{"href":"http:\/\/www.tvturk.com\/index.php\/wp-json\/wp\/v2\/posts"}],"about":[{"href":"http:\/\/www.tvturk.com\/index.php\/wp-json\/wp\/v2\/types\/post"}],"author":[{"embeddable":true,"href":"http:\/\/www.tvturk.com\/index.php\/wp-json\/wp\/v2\/users\/1"}],"replies":[{"embeddable":true,"href":"http:\/\/www.tvturk.com\/index.php\/wp-json\/wp\/v2\/comments?post=184260"}],"version-history":[{"count":0,"href":"http:\/\/www.tvturk.com\/index.php\/wp-json\/wp\/v2\/posts\/184260\/revisions"}],"wp:featuredmedia":[{"embeddable":true,"href":"http:\/\/www.tvturk.com\/index.php\/wp-json\/wp\/v2\/media\/184261"}],"wp:attachment":[{"href":"http:\/\/www.tvturk.com\/index.php\/wp-json\/wp\/v2\/media?parent=184260"}],"wp:term":[{"taxonomy":"category","embeddable":true,"href":"http:\/\/www.tvturk.com\/index.php\/wp-json\/wp\/v2\/categories?post=184260"},{"taxonomy":"post_tag","embeddable":true,"href":"http:\/\/www.tvturk.com\/index.php\/wp-json\/wp\/v2\/tags?post=184260"}],"curies":[{"name":"wp","href":"https:\/\/api.w.org\/{rel}","templated":true}]}}