{"id":184266,"date":"2019-07-19T23:01:47","date_gmt":"2019-07-19T20:01:47","guid":{"rendered":"http:\/\/www.tvturk.com\/index.php\/tarihi-kentler-birligi-malatyada-toplandi\/"},"modified":"2019-07-19T23:01:47","modified_gmt":"2019-07-19T20:01:47","slug":"tarihi-kentler-birligi-malatyada-toplandi","status":"publish","type":"post","link":"http:\/\/www.tvturk.com\/index.php\/tarihi-kentler-birligi-malatyada-toplandi\/","title":{"rendered":"Tarihi Kentler Birli\u011fi Malatya\u2019da topland\u0131"},"content":{"rendered":"<p>\u2019Do\u011fal-K\u00fclt\u00fcrel Miras Zengini Yukar\u0131-A\u015fa\u011f\u0131 F\u0131rat Havzas\u0131n\u0131n De\u011ferlendirilmesi\u2019 konusuyla Malatya\u2019da toplanan Tarihi Kentler Birli\u011fi toplant\u0131s\u0131n\u0131n a\u00e7\u0131l\u0131\u015f\u0131 ger\u00e7ekle\u015ftirildi.<\/p>\n<p>Bir otelde ger\u00e7ekle\u015fen a\u00e7\u0131l\u0131\u015f t\u00f6renine Malatya Valisi Ayd\u0131n Baru\u015f ve Malatya B\u00fcy\u00fck\u015fehir Belediye Ba\u015fkan\u0131 Selahattin G\u00fcrkan\u2019\u0131n yan\u0131 s\u0131ra Tarihi Kentler Birli\u011fi Ba\u015fkan\u0131 ve Kahramanmara\u015f B\u00fcy\u00fck\u015fehir Belediye Ba\u015fkan\u0131 Hayrettin G\u00fcng\u00f6r, \u015eanl\u0131urfa B\u00fcy\u00fck\u015fehir Belediye Ba\u015fkan\u0131 Zeynel Abidin Beyazg\u00fcl, \u00c7EK\u00dcL Vakf\u0131 Ba\u015fkan\u0131 Prof. Dr. Metin S\u00f6zen, il belediye ba\u015fkanlar\u0131, il\u00e7e belediye ba\u015fkanlar\u0131 ve y\u00f6neticileri kat\u0131ld\u0131.<\/p>\n<p>G\u00fcrkan: &#8220;Kay\u0131s\u0131 bizim tarihimizle \u00f6zde\u015fle\u015fmi\u015ftir&#8221;<\/p>\n<p>Toplant\u0131n\u0131n a\u00e7\u0131l\u0131\u015f konu\u015fmas\u0131n\u0131 Malatya B\u00fcy\u00fck\u015fehir Belediye Ba\u015fkan\u0131 Selahattin G\u00fcrkan yapt\u0131. Tarihi Kentler Birli\u011fi toplant\u0131s\u0131n\u0131n Malatya\u2019da yap\u0131lmas\u0131ndan b\u00fcy\u00fck bir onur duydu\u011funu ifade eden Ba\u015fkan G\u00fcrkan, \u201cMalatya\u2019da sizleri g\u00f6rmek ve a\u011f\u0131rlamak bizlere onur verdi. D\u00fcnyan\u0131n kay\u0131s\u0131 ba\u015fkenti olan Malatya\u2019m\u0131zda bu y\u0131lki temam\u0131z olan \u2018G\u00fcne\u015fin Alt\u0131n Yumurtas\u0131\u2019 Kay\u0131s\u0131 Festivalimizi ger\u00e7ekle\u015ftiriyoruz. Kay\u0131s\u0131 Malatya\u2019m\u0131z i\u00e7in \u00e7ok b\u00fcy\u00fck nimettir. Kay\u0131s\u0131n\u0131n T\u00fcrk tarihi ile \u00f6zde\u015f bir yap\u0131s\u0131 vard\u0131r. Kay\u0131s\u0131 5 bin y\u0131l \u00f6nce T\u00fcrkistan\u2019da var olmu\u015ftur. T\u00fcrklerin Anadolu\u2019ya g\u00f6\u00e7\u00fcyle birlikte Malatya\u2019m\u0131za gelmi\u015ftir. Kay\u0131s\u0131 T\u00fcrk tarihi ile \u00f6zde\u015ftir. Malatya\u2019da ikinci anayurtla \u00f6zde\u015ftir. \u00c7\u00fcnk\u00fc Malatya\u2019ya gelen kay\u0131s\u0131 burada bir hayat bulmu\u015ftur. Malatya\u2019y\u0131 tarif ederken bir taraftan insanl\u0131k medeniyetinin ba\u015flad\u0131\u011f\u0131 yerin ad\u0131d\u0131r diyoruz. T\u00fcrk \u0130slam tarihi a\u00e7\u0131s\u0131ndan da Anadolu\u2019yu anayurt yapan destan \u015fehir diyoruz. Dolay\u0131s\u0131yla kay\u0131s\u0131 bizim tarihimizle \u00f6zde\u015fle\u015fmi\u015ftir\u201d dedi.<\/p>\n<p>&#8220;Evliye \u00c7elebi Malatya\u2019y\u0131 se\u00e7kin insanlar\u0131n \u015fehri olarak tan\u0131ml\u0131yor&#8221;<\/p>\n<p>Malatya\u2019n\u0131n tarihi hakk\u0131nda da bilgiler veren Ba\u015fkan G\u00fcrkan, \u201cMalatya\u2019n\u0131n 10 bin y\u0131ll\u0131k ge\u00e7mi\u015f tarihi var. \u0130lk yerle\u015fim yeri Karakaya Baraj\u0131 s\u0131n\u0131rlar\u0131 i\u00e7inde kalan A\u011f\u0131lyaz\u0131\u2019daki Caferh\u00f6y\u00fck\u2019t\u00fcr. \u0130kinci tarihi yerle\u015fim yeri insanl\u0131k tarihinde \u00f6nemli bir merkez olan Aslantepe\u2019dir. Aslantepe\u2019deki kaz\u0131lar 1931 y\u0131l\u0131nda Frans\u0131zlar taraf\u0131ndan ba\u015flat\u0131l\u0131yor. 1937 y\u0131l\u0131na kadar devam ediyor. 1960\u2019l\u0131 y\u0131llardan sonra \u0130talya ekipleri taraf\u0131ndan kaz\u0131lar ba\u015fl\u0131yor. Buradaki bulgular Aslantepe\u2019nin; d\u00fcnyadaki ilk yerle\u015fme yeri, ilk saray devleti, ilk m\u00fch\u00fcrleme i\u015flerinin yap\u0131ld\u0131\u011f\u0131, ilk muhasebe kay\u0131tlar\u0131n\u0131n tutuldu\u011fu ve ilk olarak ta\u015f devrinden demir devrine evirilmesini kan\u0131tlam\u0131\u015ft\u0131r. Bu anlamda Malatya d\u00fcnya tarihi a\u00e7\u0131s\u0131ndan \u00e7ok \u00f6nemlidir. Evliya \u00c7elebi Malatya\u2019y\u0131 se\u00e7kin insanlar \u015fehri olarak tan\u0131ml\u0131yor. Bu g\u00fczel diyar\u0131n b\u00fct\u00fcn misafirlerine ho\u015f geldiniz diyorum ve sizleri burada g\u00f6rmekten onur duyuyorum&#8221; ifadelerine yer verdi.<\/p>\n<p>Daha sonra s\u00f6z alan Tarihi Kentler Birli\u011fi Ba\u015fkan\u0131 ve Kahramanmara\u015f B\u00fcy\u00fck\u015fehir Belediye Ba\u015fkan\u0131 Hayrettin G\u00fcng\u00f6r ise, &#8220;\u0130\u00e7inde ya\u015fad\u0131\u011f\u0131m\u0131z y\u00fczy\u0131l modernite her alanda oldu\u011fu gibi \u015fehir paradigmas\u0131n\u0131 da de\u011fi\u015ftirdi. Bu etki dalga dalga d\u00fcnyay\u0131 kas\u0131p kavurdu\u011fu gibi \u015fehirlerimizi de ciddi olarak vurdu ve etkiledi. \u015eehirlerimizin mimari dokusu de\u011fi\u015fti. Hem bat\u0131 hem de do\u011fu da \u015fehrin oturdu\u011fu odak noktalar\u0131nda ciddi kaymalar ve sapmalar meydana geldi. Ve biz \u00f6zellikle Anadolu\u2019muzda bir\u00e7ok \u015fehri kaybetmeyle y\u00fcz y\u00fcze kald\u0131k. Bu \u00fcst\u00fcnde derin bir muhasebe duygusuyla d\u00fc\u015f\u00fcnmemizi gerektiren trajik bir durumdur. Biz bu durumla \u00e7ok ciddi bir \u015fekilde y\u00fczle\u015fmeliyiz. Bana g\u00f6re Tarihi Kentler Birli\u011finin en \u00f6nemli misyonlar\u0131ndan biri bu olmal\u0131d\u0131r\u201d dedi.<\/p>\n<p>&#8220;F\u0131rat Havzas\u0131 bir\u00e7ok medeniyete ev sahipli\u011fi yapm\u0131\u015ft\u0131r&#8221;<\/p>\n<p>Ba\u015fkan G\u00fcng\u00f6r, toplant\u0131n\u0131n ba\u015fl\u0131\u011f\u0131n\u0131 olu\u015fturan F\u0131rat Havzas\u0131 hakk\u0131nda da bilgiler vererek, bu topraklar\u0131n bir\u00e7ok medeniyetlere ev sahipli\u011fi yapt\u0131\u011f\u0131n\u0131 ve g\u00fcn y\u00fcz\u00fcne \u00e7\u0131kar\u0131lan ve \u00e7\u0131kar\u0131lmas\u0131 gereken bu medeniyetlerin gelecek nesillere akt\u0131r\u0131lmas\u0131 i\u00e7in i\u015fbirli\u011fi i\u00e7erisinde \u00e7al\u0131\u015fmas\u0131 gerekti\u011fini s\u00f6yledi.<\/p>\n<p>T\u00fcfenkci: &#8220;Malatya gastronomi alan\u0131nda da \u00f6nemli illerimizden biri&#8221;<\/p>\n<p>AK Parti MKYK \u00dcyesi Malatya Milletvekili B\u00fclent T\u00fcfenkci de toplant\u0131n\u0131n Malatya\u2019da d\u00fczenlenmesinden dolay\u0131 b\u00fcy\u00fck bir onur duyduklar\u0131n\u0131 ve eme\u011fi ge\u00e7enleri tebrik etti\u011fini s\u00f6yledi. T\u00fcfenkci, \u201cMalatya tarihi k\u00fclt\u00fcrel miraslar\u0131 ve kay\u0131s\u0131s\u0131 ile oldu\u011fu kadar ayn\u0131 zamanda mutfa\u011f\u0131 bak\u0131m\u0131ndan da T\u00fcrkiye\u2019nin \u00f6nde gelen illerinden biridir. Gerek etli yemekleri gerekse vejetaryen yemekleri ile gastronomi alan\u0131nda da Malatya\u2019n\u0131n \u00f6nemli bir potansiyelinin oldu\u011funu belirtmek isterim\u201d \u015feklinde konu\u015ftu.<\/p>\n<p>Baru\u015f: &#8220;Malatya medeniyetlerin bulu\u015ftu\u011fu bir nokta&#8221;<\/p>\n<p>Son olarak bir konu\u015fma yapan Malatya Valisi Ayd\u0131n Baru\u015f, Malatya\u2019n\u0131n medeniyetlerin bulu\u015ftu\u011fu bir nokta oldu\u011funu ifade ederek, &#8220;Tabii ki bizim vazifemiz bu k\u00fclt\u00fcrel zenginli\u011fi lay\u0131\u011f\u0131 ile muhafaza etmek, ge\u00e7mi\u015fte her ne kadar tahrip ettiysek g\u00f6z yumduysak art\u0131k yeter. Bug\u00fcnden sonra art\u0131k buna hi\u00e7 tahamm\u00fcl\u00fcm\u00fcz yok. \u00c7ek\u00fcl Vakf\u0131 Ba\u015fkan\u0131m\u0131z Metin S\u00f6zen hocam\u0131z bu konuda T\u00fcrkiye\u2019de tarih ve k\u00fclt\u00fcr bilincinin olu\u015fmas\u0131nda ve yerel y\u00f6netimlerde bunun olu\u015fturulmas\u0131nda \u00e7ok b\u00fcy\u00fck rol oynad\u0131. Hocam sizi sayg\u0131 ile selaml\u0131yorum, eme\u011finiz \u00e7ok b\u00fcy\u00fck T\u00fcrkiye\u2019de. \u0130n\u015fallah sizin bu ba\u015flatm\u0131\u015f oldu\u011funuz, uyand\u0131rd\u0131\u011f\u0131n\u0131z bu \u015fuur b\u00fct\u00fcn \u015fehirlerimize yay\u0131l\u0131r ve \u015fehirlerimiz en az\u0131ndan ellerinde kalan k\u00fclt\u00fcr de\u011ferlerini koruyarak bu kimliklerini muhafaza etme noktas\u0131nda ellerinden gelen gayreti sarf ederler. \u015eehirler ya\u015fam yeridir, \u015fehirler mekand\u0131r ama ayn\u0131 zamanda \u015fehirler, medeniyete insanlar nas\u0131l bakt\u0131\u011f\u0131n\u0131z\u0131 g\u00f6sterir. O a\u00e7\u0131dan \u015fehirlerimizi korumam\u0131z, k\u00fclt\u00fcr de\u011ferlerimizi, tarihi de\u011ferlerimizi korumam\u0131z, onlar\u0131 yok etmeden sahip \u00e7\u0131kmam\u0131z laz\u0131m&#8221; diye konu\u015ftu.<\/p>\n<p>Yap\u0131lan konu\u015fmalar\u0131n ard\u0131ndan kay\u0131s\u0131 temal\u0131 mini bir defile yap\u0131ld\u0131. Daha sonra da Halk Danslar\u0131 Topluluklar\u0131n\u0131n g\u00f6sterileri sergilendi.<\/p>\n","protected":false},"excerpt":{"rendered":"<p>&#8216;DO\u011eAL-K\u00dcLT\u00dcREL M\u0130RAS ZENG\u0130N\u0130 YUKARI-A\u015eA\u011eI FIRAT HAVZASININ DE\u011eERLEND\u0130R\u0130LMES\u0130&#8217; KONUSUYLA MALATYA&#8217;DA TOPLANAN TAR\u0130H\u0130 KENTLER B\u0130RL\u0130\u011e\u0130 TOPLANTISININ A\u00c7ILI\u015eI GER\u00c7EKLE\u015eT\u0130R\u0130LD\u0130.<\/p>\n","protected":false},"author":1,"featured_media":184267,"comment_status":"closed","ping_status":"open","sticky":false,"template":"","format":"standard","meta":{"jetpack_post_was_ever_published":false,"_jetpack_newsletter_access":"","_jetpack_dont_email_post_to_subs":false,"_jetpack_newsletter_tier_id":0,"_jetpack_memberships_contains_paywalled_content":false,"_jetpack_memberships_contains_paid_content":false,"footnotes":"","jetpack_publicize_message":"","jetpack_publicize_feature_enabled":true,"jetpack_social_post_already_shared":true,"jetpack_social_options":{"image_generator_settings":{"template":"highway","default_image_id":0,"font":"","enabled":false},"version":2}},"categories":[1],"tags":[668,5007,2883,800,249],"class_list":["post-184266","post","type-post","status-publish","format-standard","has-post-thumbnail","hentry","category-genel","tag-birligi","tag-kentler","tag-malatyada","tag-tarihi","tag-toplandi"],"jetpack_publicize_connections":[],"jetpack_featured_media_url":"https:\/\/i0.wp.com\/www.tvturk.com\/wp-content\/uploads\/2019\/07\/tarihi-kentler-birligi-malatyada-toplandi_c2ebb96.jpg?fit=1000%2C666","jetpack_sharing_enabled":true,"jetpack_shortlink":"https:\/\/wp.me\/paKIfm-LW2","_links":{"self":[{"href":"http:\/\/www.tvturk.com\/index.php\/wp-json\/wp\/v2\/posts\/184266","targetHints":{"allow":["GET"]}}],"collection":[{"href":"http:\/\/www.tvturk.com\/index.php\/wp-json\/wp\/v2\/posts"}],"about":[{"href":"http:\/\/www.tvturk.com\/index.php\/wp-json\/wp\/v2\/types\/post"}],"author":[{"embeddable":true,"href":"http:\/\/www.tvturk.com\/index.php\/wp-json\/wp\/v2\/users\/1"}],"replies":[{"embeddable":true,"href":"http:\/\/www.tvturk.com\/index.php\/wp-json\/wp\/v2\/comments?post=184266"}],"version-history":[{"count":0,"href":"http:\/\/www.tvturk.com\/index.php\/wp-json\/wp\/v2\/posts\/184266\/revisions"}],"wp:featuredmedia":[{"embeddable":true,"href":"http:\/\/www.tvturk.com\/index.php\/wp-json\/wp\/v2\/media\/184267"}],"wp:attachment":[{"href":"http:\/\/www.tvturk.com\/index.php\/wp-json\/wp\/v2\/media?parent=184266"}],"wp:term":[{"taxonomy":"category","embeddable":true,"href":"http:\/\/www.tvturk.com\/index.php\/wp-json\/wp\/v2\/categories?post=184266"},{"taxonomy":"post_tag","embeddable":true,"href":"http:\/\/www.tvturk.com\/index.php\/wp-json\/wp\/v2\/tags?post=184266"}],"curies":[{"name":"wp","href":"https:\/\/api.w.org\/{rel}","templated":true}]}}