{"id":184297,"date":"2019-07-20T09:46:49","date_gmt":"2019-07-20T06:46:49","guid":{"rendered":"http:\/\/www.tvturk.com\/index.php\/ozel-genc-yasinda-yuzde-doksani-yerli-3-boyutlu-yazici-uretip-butun-turkiyeye-satiyor\/"},"modified":"2019-07-20T09:46:49","modified_gmt":"2019-07-20T06:46:49","slug":"ozel-genc-yasinda-yuzde-doksani-yerli-3-boyutlu-yazici-uretip-butun-turkiyeye-satiyor","status":"publish","type":"post","link":"http:\/\/www.tvturk.com\/index.php\/ozel-genc-yasinda-yuzde-doksani-yerli-3-boyutlu-yazici-uretip-butun-turkiyeye-satiyor\/","title":{"rendered":"(\u00d6zel) Gen\u00e7 ya\u015f\u0131nda y\u00fczde doksan\u0131 yerli 3 boyutlu yaz\u0131c\u0131 \u00fcretip b\u00fct\u00fcn T\u00fcrkiye\u2019ye sat\u0131yor"},"content":{"rendered":"<p>Bursa\u2019da makine m\u00fchendisi gen\u00e7, gelece\u011fin teknolojisi olarak g\u00f6sterilen 3 boyutlu yaz\u0131c\u0131y\u0131 \u00fcretmeyi ba\u015far\u0131p b\u00fct\u00fcn T\u00fcrkiye\u2019ye sat\u0131yor.<\/p>\n<p>Makine m\u00fchendisli\u011finden mezun olduktan sonra 3 boyutlu yaz\u0131c\u0131 \u00fcretmeyi kafas\u0131na koyan Tayfun Yaz\u0131c\u0131 (28), bu hayalini gen\u00e7 ya\u015f\u0131nda ger\u00e7ekle\u015ftirdi. Kendi tasarlad\u0131\u011f\u0131 butik \u00fcr\u00fcnleri \u00fcretmek isteyenlerin, kal\u0131p \u00e7\u0131kartmak isteyen firmalar\u0131n, proje haz\u0131rlay\u0131p bunun maketini \u00e7\u0131kartmak isteyen m\u00fchendislerin tercih etti\u011fi 3 boyutlu yaz\u0131c\u0131lar yurt d\u0131\u015f\u0131ndan geliyordu. Bursal\u0131 gen\u00e7 m\u00fchendis, bu konudaki a\u00e7\u0131\u011f\u0131 g\u00f6rerek bu cihazlar\u0131n y\u00fczde doksan yerlisini \u00fcretmeyi ba\u015fard\u0131. \u00d6zellikle evde bir \u015feyler yap\u0131p satmak isteyen kad\u0131nlar\u0131n tercih etti\u011fi 3 boyutlu yaz\u0131c\u0131lar bir \u00e7ok ki\u015fiye ek gelir kap\u0131s\u0131 da oluyor. Plastikle ilgili akla gelebilecek her \u00e7e\u015fit \u00fcr\u00fcn\u00fcn birebir ayn\u0131s\u0131n\u0131 \u00e7\u0131kartan cihazlar b\u00fcy\u00fck ra\u011fbet g\u00f6r\u00fcyor. Bu cihazlar\u0131 a\u00e7t\u0131\u011f\u0131 at\u00f6lyede \u00fcreten gen\u00e7 giri\u015fimci bunlar\u0131 yerli \u00fcretim oldu\u011fu i\u00e7in yar\u0131 fiyat\u0131na sat\u0131yor.<\/p>\n<p>Ba\u015far\u0131 hikayesini anlatan Tayfun Yazar, &#8220;Yerli olarak 3 boyutlu yaz\u0131c\u0131 \u00fcretmeyi ba\u015fard\u0131k. Bu teknoloji, akl\u0131n\u0131za gelebilecek bir \u00e7ok alanda, 3 boyutlu \u00fcr\u00fcn \u00fcretiminde kullan\u0131labiliyor. Bizim \u00fcretti\u011fimiz \u00fcr\u00fcn\u00fcn y\u00fczde doksan\u0131 yerlilik oran\u0131na sahip, bu \u00fcr\u00fcnden 3 \u00e7e\u015fidin \u00fcretimini yap\u0131yoruz. En b\u00fcy\u00fck olan\u0131 6 bin 400 liraya, orta boyu 2 bin 800 liraya, en k\u00fc\u00e7\u00fck olan\u0131 ise bin 200 liraya satmaktay\u0131z. Biz bu \u00fcr\u00fcn\u00fc y\u00fczde doksan\u0131 yerli imal ederek y\u00fczde elli daha ucuza sat\u0131yoruz. Bu cihaz\u0131 alan ki\u015filer kendi evlerinde karma\u015f\u0131k bir at\u00f6lyeye ihtiya\u00e7 duymadan tasarlad\u0131klar\u0131 \u00fcr\u00fcnleri yapabilirler. Bu \u00fcr\u00fcn\u00fc ben t\u00fcm T\u00fcrkiye\u2019ye sat\u0131yorum. Hedefim bu \u00fcr\u00fcn\u00fc d\u00fcnyadaki bir \u00e7ok \u00fclkeye ihra\u00e7 etmek&#8221; dedi.<\/p>\n","protected":false},"excerpt":{"rendered":"<p>GEN\u00c7 YA\u015eINDA Y\u00dcZDE DOKSANI YERL\u0130 3 BOYUTLU YAZICI \u00dcRET\u0130P T\u00dcM T\u00dcRK\u0130YE&#8217;YE SATIYOR<\/p>\n","protected":false},"author":1,"featured_media":184298,"comment_status":"closed","ping_status":"open","sticky":false,"template":"","format":"standard","meta":{"jetpack_post_was_ever_published":false,"_jetpack_newsletter_access":"","_jetpack_dont_email_post_to_subs":false,"_jetpack_newsletter_tier_id":0,"_jetpack_memberships_contains_paywalled_content":false,"_jetpack_memberships_contains_paid_content":false,"footnotes":"","jetpack_publicize_message":"","jetpack_publicize_feature_enabled":true,"jetpack_social_post_already_shared":true,"jetpack_social_options":{"image_generator_settings":{"template":"highway","default_image_id":0,"font":"","enabled":false},"version":2}},"categories":[24],"tags":[1073,12684,1866,43742,803,12348,4071,21088,2487,1589,2454,3480],"class_list":["post-184297","post","type-post","status-publish","format-standard","has-post-thumbnail","hentry","category-teknoloji","tag-ozel","tag-boyutlu","tag-butun","tag-doksani","tag-genc","tag-satiyor","tag-turkiyeye","tag-uretip","tag-yasinda","tag-yazici","tag-yerli","tag-yuzde"],"jetpack_publicize_connections":[],"jetpack_featured_media_url":"https:\/\/i0.wp.com\/www.tvturk.com\/wp-content\/uploads\/2019\/07\/ozel-genc-yasinda-yuzde-doksani-yerli-3-boyutlu-yazici-uretip-butun-turkiyeye-satiyor_8ffa703.jpg?fit=1000%2C666","jetpack_sharing_enabled":true,"jetpack_shortlink":"https:\/\/wp.me\/paKIfm-LWx","_links":{"self":[{"href":"http:\/\/www.tvturk.com\/index.php\/wp-json\/wp\/v2\/posts\/184297","targetHints":{"allow":["GET"]}}],"collection":[{"href":"http:\/\/www.tvturk.com\/index.php\/wp-json\/wp\/v2\/posts"}],"about":[{"href":"http:\/\/www.tvturk.com\/index.php\/wp-json\/wp\/v2\/types\/post"}],"author":[{"embeddable":true,"href":"http:\/\/www.tvturk.com\/index.php\/wp-json\/wp\/v2\/users\/1"}],"replies":[{"embeddable":true,"href":"http:\/\/www.tvturk.com\/index.php\/wp-json\/wp\/v2\/comments?post=184297"}],"version-history":[{"count":0,"href":"http:\/\/www.tvturk.com\/index.php\/wp-json\/wp\/v2\/posts\/184297\/revisions"}],"wp:featuredmedia":[{"embeddable":true,"href":"http:\/\/www.tvturk.com\/index.php\/wp-json\/wp\/v2\/media\/184298"}],"wp:attachment":[{"href":"http:\/\/www.tvturk.com\/index.php\/wp-json\/wp\/v2\/media?parent=184297"}],"wp:term":[{"taxonomy":"category","embeddable":true,"href":"http:\/\/www.tvturk.com\/index.php\/wp-json\/wp\/v2\/categories?post=184297"},{"taxonomy":"post_tag","embeddable":true,"href":"http:\/\/www.tvturk.com\/index.php\/wp-json\/wp\/v2\/tags?post=184297"}],"curies":[{"name":"wp","href":"https:\/\/api.w.org\/{rel}","templated":true}]}}