{"id":184317,"date":"2019-07-20T10:16:38","date_gmt":"2019-07-20T07:16:38","guid":{"rendered":"http:\/\/www.tvturk.com\/index.php\/kaybolduktan-25-saat-sonra-bulunan-cocuk-o-anlari-anlatti\/"},"modified":"2019-07-20T10:16:38","modified_gmt":"2019-07-20T07:16:38","slug":"kaybolduktan-25-saat-sonra-bulunan-cocuk-o-anlari-anlatti","status":"publish","type":"post","link":"http:\/\/www.tvturk.com\/index.php\/kaybolduktan-25-saat-sonra-bulunan-cocuk-o-anlari-anlatti\/","title":{"rendered":"Kaybolduktan 25 saat sonra bulunan \u00e7ocuk o anlar\u0131 anlatt\u0131"},"content":{"rendered":"<p>Tokat\u2019\u0131n Almus il\u00e7esinde yaylada kaybolduktan 25 saat sonra bulunan 11 ya\u015f\u0131ndaki Engin \u00c7elikdemir, ya\u015fad\u0131\u011f\u0131 tehlikeyi dile getirerek &#8220;Yatt\u0131\u011f\u0131m yer bay\u0131r k\u0131r gibi bir yer sand\u0131m. Ama oras\u0131 u\u00e7urummu\u015f tam g\u00f6rememi\u015fim&#8221; dedi.<\/p>\n<p>Tokat\u2019\u0131n Almus il\u00e7esinde yo\u011fun sis nedeniyle yaylada kaybolduktan sonra bir gecesini ormanl\u0131k alanda ge\u00e7iren ortaokul 3. s\u0131n\u0131f \u00f6\u011frencisi Engin \u00c7elikdemir ya\u015fad\u0131\u011f\u0131 o anlar\u0131 \u0130hlas Haber Ajans\u0131\u2019na (\u0130HA) anlatt\u0131. Yaylaya \u00e7\u0131kt\u0131\u011f\u0131nda sisin bir anda bast\u0131rd\u0131\u011f\u0131n\u0131 ve y\u00f6n\u00fcn\u00fc kaybetti\u011fini ifade eden \u00c7elikdemir, &#8220;Kayboldu\u011fumu anlay\u0131nca bir s\u00fcre y\u00fcr\u00fcd\u00fcm. Hava karar\u0131nca yorulmu\u015ftum, ayak bileklerim a\u011fr\u0131maya ba\u015flam\u0131\u015ft\u0131. \u0130ki ta\u015f\u0131n aras\u0131nda yatt\u0131m. Sabah uyan\u0131nca bir s\u00fcre daha y\u00fcr\u00fcd\u00fcm. Tekrar uykum geldi. Bu s\u0131rada beni buldular. A\u00e7\u0131kmad\u0131m, \u00e7e\u015fme vard\u0131 su so\u011fuk oldu\u011fu i\u00e7in di\u015flerim de a\u011fr\u0131d\u0131\u011f\u0131 i\u00e7in i\u00e7medim\u201d dedi.<\/p>\n<p>U\u00e7urumun kenar\u0131nda uyumu\u015f<\/p>\n<p>Sisli havan\u0131n kalkmas\u0131n\u0131 bekledi\u011fini ifade eden \u00c7elikdemir, \u201cSis olmasayd\u0131 bir tepeye \u00e7\u0131kar buras\u0131 neresi diye g\u00f6zlemek akl\u0131ma geldi ama sis vard\u0131. Daha \u00f6ncede sisli hava olmu\u015ftu ama o zaman iki ki\u015fi idik, kaybolmam\u0131\u015ft\u0131k. Uyurken b\u00fcy\u00fck bir kayan\u0131n s\u0131rt\u0131ndan d\u00fc\u015ft\u00fcm. Hava \u00e7ok so\u011fuktu r\u00fczgar esiyordu. Yatt\u0131\u011f\u0131m yer bay\u0131r k\u0131r gibi bir yer sand\u0131m. Ama oras\u0131 u\u00e7urummu\u015f tam g\u00f6rememi\u015fim\u201d diye konu\u015ftu.<\/p>\n<p>&#8220;\u00c7ocu\u011fumuza kavu\u015ftuk&#8221;<\/p>\n<p>Baba \u0130sa \u00c7elikdemir ise ya\u015fad\u0131klar\u0131 o anlar\u0131 dile getirerek, \u201cEngin inekleri getirmek i\u00e7in evden \u00e7\u0131k\u0131yor saat: 15.00\u2019de. Her g\u00fcn bir yak\u0131n\u0131m\u0131zla giderdi, o g\u00fcn tek ba\u015f\u0131na \u00e7\u0131km\u0131\u015f. Hava sisli oldu\u011fu i\u00e7inde yolunu kaybetmi\u015f. Bizde gece saatlerine kadar arad\u0131k ama bulamad\u0131k. Geceyi aramayla ge\u00e7irdik. Ertesi g\u00fcn ak\u015fam saatlerinde sis da\u011f\u0131lmaya ba\u015flad\u0131\u011f\u0131 s\u0131ralarda bulundu. 25 saat \u00e7ok k\u00f6t\u00fc ge\u00e7ti. \u0130\u00e7imizde bulaca\u011f\u0131m\u0131z \u00fcmidi vard\u0131. \u00c7ocu\u011fumuza kavu\u015ftuk. Sevin\u00e7liyiz\u201d diye konu\u015ftu.<\/p>\n<p>25 saat sonra k\u00f6yl\u00fcler buldu<\/p>\n<p>Almus il\u00e7esine ba\u011fl\u0131 \u00c7evreli beldesinin bin 700 rak\u0131ml\u0131 \u00c7ifte Tekne Yaylas\u0131\u2019na hayvanc\u0131l\u0131k yapan Nefse ve \u0130sa \u00c7elikdemir \u00e7iftinin 3 \u00e7ocu\u011fundan en b\u00fcy\u00fc\u011f\u00fc olan Engin \u00c7elikdemir hayvanlar\u0131 getirmek i\u00e7in sisli havada \u00e7ad\u0131rdan ayr\u0131ld\u0131. Ak\u015fam\u00fczeri hayvanlar\u0131n ba\u015f\u0131bo\u015f olarak ah\u0131ra d\u00f6nmeleri \u00fczerine aile o\u011fullar\u0131n\u0131 aramaya ba\u015flad\u0131.  Ailesinin durumu k\u00f6ydeki kom\u015fular\u0131na bildirmesi \u00fczerine k\u00f6yl\u00fclerde \u00e7ocu\u011fu aramaya ba\u015flad\u0131. Gece bulunamayan \u00e7ocu\u011fu arama \u00e7al\u0131\u015fmalar\u0131 sabahta devam etti. Jandarma Bora timi ve AFAD ekiplerinin de kat\u0131ld\u0131\u011f\u0131 arama \u00e7al\u0131\u015fmalar\u0131 s\u0131ras\u0131nda k\u00f6yl\u00fcler kay\u0131p \u00e7ocu\u011fu yakla\u015f\u0131k 4 kilometre uzakta Kap\u0131a\u011fz\u0131 Yaylas\u0131 uyumak \u00fczereyken buldu. Geceyi so\u011fuk havada ormanl\u0131k alanda ge\u00e7iren \u00c7elikdemir, ailesine tekrar kavu\u015fman\u0131n sevincini ya\u015fad\u0131. Almus Devlet Hastanesinde tedavi alt\u0131na al\u0131nan \u00c7elikdemir\u2019in sa\u011fl\u0131k durumu iyi oldu\u011fu kaydedildi.<\/p>\n","protected":false},"excerpt":{"rendered":"<p>TOKAT&#8217;IN ALMUS \u0130L\u00c7ES\u0130NDE YAYLADA KAYBOLDUKTAN 25 SAAT SONRA BULUNAN 11 YA\u015eINDAK\u0130 ENG\u0130N \u00c7EL\u0130KDEM\u0130R, YA\u015eADI\u011eI TEHL\u0130KEY\u0130 D\u0130LE GET\u0130REREK,&#8221;YATTI\u011eIM YER BAYIR KIR G\u0130B\u0130 B\u0130R YER SANDIM. AMA ORASI U\u00c7URUMMU\u015e TAM G\u00d6REMEM\u0130\u015e\u0130M&#8221; DED\u0130.<\/p>\n","protected":false},"author":1,"featured_media":184318,"comment_status":"closed","ping_status":"open","sticky":false,"template":"","format":"standard","meta":{"jetpack_post_was_ever_published":false,"_jetpack_newsletter_access":"","_jetpack_dont_email_post_to_subs":false,"_jetpack_newsletter_tier_id":0,"_jetpack_memberships_contains_paywalled_content":false,"_jetpack_memberships_contains_paid_content":false,"footnotes":"","jetpack_publicize_message":"","jetpack_publicize_feature_enabled":true,"jetpack_social_post_already_shared":true,"jetpack_social_options":{"image_generator_settings":{"template":"highway","default_image_id":0,"font":"","enabled":false},"version":2}},"categories":[1],"tags":[10060,356,1834,1008,20402,902,2022],"class_list":["post-184317","post","type-post","status-publish","format-standard","has-post-thumbnail","hentry","category-genel","tag-anlari","tag-anlatti","tag-bulunan","tag-cocuk","tag-kaybolduktan","tag-saat","tag-sonra"],"jetpack_publicize_connections":[],"jetpack_featured_media_url":"https:\/\/i0.wp.com\/www.tvturk.com\/wp-content\/uploads\/2019\/07\/kaybolduktan-25-saat-sonra-bulunan-cocuk-o-anlari-anlatti_39df5e3.jpg?fit=1000%2C671","jetpack_sharing_enabled":true,"jetpack_shortlink":"https:\/\/wp.me\/paKIfm-LWR","_links":{"self":[{"href":"http:\/\/www.tvturk.com\/index.php\/wp-json\/wp\/v2\/posts\/184317","targetHints":{"allow":["GET"]}}],"collection":[{"href":"http:\/\/www.tvturk.com\/index.php\/wp-json\/wp\/v2\/posts"}],"about":[{"href":"http:\/\/www.tvturk.com\/index.php\/wp-json\/wp\/v2\/types\/post"}],"author":[{"embeddable":true,"href":"http:\/\/www.tvturk.com\/index.php\/wp-json\/wp\/v2\/users\/1"}],"replies":[{"embeddable":true,"href":"http:\/\/www.tvturk.com\/index.php\/wp-json\/wp\/v2\/comments?post=184317"}],"version-history":[{"count":0,"href":"http:\/\/www.tvturk.com\/index.php\/wp-json\/wp\/v2\/posts\/184317\/revisions"}],"wp:featuredmedia":[{"embeddable":true,"href":"http:\/\/www.tvturk.com\/index.php\/wp-json\/wp\/v2\/media\/184318"}],"wp:attachment":[{"href":"http:\/\/www.tvturk.com\/index.php\/wp-json\/wp\/v2\/media?parent=184317"}],"wp:term":[{"taxonomy":"category","embeddable":true,"href":"http:\/\/www.tvturk.com\/index.php\/wp-json\/wp\/v2\/categories?post=184317"},{"taxonomy":"post_tag","embeddable":true,"href":"http:\/\/www.tvturk.com\/index.php\/wp-json\/wp\/v2\/tags?post=184317"}],"curies":[{"name":"wp","href":"https:\/\/api.w.org\/{rel}","templated":true}]}}