{"id":184319,"date":"2019-07-20T10:16:42","date_gmt":"2019-07-20T07:16:42","guid":{"rendered":"http:\/\/www.tvturk.com\/index.php\/yeni-kesif-kara-leylek-kanyonu\/"},"modified":"2019-07-20T10:16:42","modified_gmt":"2019-07-20T07:16:42","slug":"yeni-kesif-kara-leylek-kanyonu","status":"publish","type":"post","link":"http:\/\/www.tvturk.com\/index.php\/yeni-kesif-kara-leylek-kanyonu\/","title":{"rendered":"Yeni ke\u015fif \u2019Kara Leylek Kanyonu\u2019"},"content":{"rendered":"<p>Elaz\u0131\u011f\u2019da Keban ve Karaya Baraj\u0131\u2019n\u0131n ba\u011flant\u0131s\u0131nda g\u00f6zden uzak ya\u015fayan kara leyleklerin bulundu\u011fu kanyon ke\u015ffedildi. Vali \u00c7etin Oktay Kald\u0131r\u0131m da b\u00f6lgeyi ziyaret ederek kanyonun ismini \u2019Kara Leylek\u2019 koydu. B\u00f6lgede ya\u015famlar\u0131n\u0131 devam ettiren baz\u0131 kara leylekler ve yavrular\u0131 g\u00f6r\u00fcnt\u00fclendi.<\/p>\n<p>\u00dc\u00e7 taraf\u0131 sularla \u00e7evrili T\u00fcrkiye\u2019nin yar\u0131m adas\u0131 konumundaki Elaz\u0131\u011f\u2019da, baz\u0131 b\u00f6lgelerin turizme kazand\u0131r\u0131lmas\u0131 i\u00e7in \u00e7al\u0131\u015fmalar yap\u0131l\u0131yor. Vali \u00c7etin Oktay Kald\u0131r\u0131m, kentte daha \u00f6nce bir\u00e7ok ki\u015finin bilmedi\u011fi yerleri, s\u00fcrekli ziyaret etti\u011fi b\u00f6lge sakinlerinden \u00f6\u011frenerek inceleme yap\u0131yor. Son olarak Elaz\u0131\u011f\u2019\u0131n Keban ve Baskil il\u00e7esi aras\u0131nda kalan, Karakaya ile Keban Baraj\u0131\u2019n\u0131n ba\u011flant\u0131 kolu olan b\u00f6lgede kara leyleklerin ya\u015fad\u0131\u011f\u0131n\u0131 \u00f6\u011frenen Vali Kald\u0131r\u0131m harekete ge\u00e7ti. Bir b\u00f6lge sakininin g\u00f6nderdi\u011fi foto\u011fraflarla haberdar oldu\u011fu kanyonda inceleme yapan Kald\u0131r\u0131m, inceleme sonras\u0131nda b\u00f6lgenin ad\u0131n\u0131 \u2019Kara Leylek Kanyonu\u2019 koyduklar\u0131n\u0131 a\u00e7\u0131klad\u0131.<\/p>\n<p>&#8220;Buray\u0131 ke\u015ffetmi\u015f olduk&#8221;<\/p>\n<p>B\u00f6lgenin kara leyleklerin gelip \u00e7o\u011fald\u0131\u011f\u0131 bir yer oldu\u011funa dikkat \u00e7eken Vali Kald\u0131r\u0131m, &#8220;G\u00f6r\u00fclmeye de\u011fer bir yer. Hem floras\u0131 hem faunas\u0131 hem de do\u011fal g\u00fczellikleri dikkat \u00e7ekici. Anlad\u0131\u011f\u0131m\u0131z kadar\u0131yla burada bir yerle\u015fim var. Burada ma\u011faralardan onlarca var, insan yap\u0131s\u0131 oldu\u011funu da g\u00f6r\u00fcyoruz. \u0130\u015f adamlar\u0131m\u0131z tur paketlerine koyduklar\u0131 zaman yeni bir alternatif olarak Elaz\u0131\u011f ve b\u00f6lge turizmine hitap edecektir. Buradaki formasyon yap\u0131 ve do\u011fal formasyon olarak Kapadokya\u2019y\u0131 da and\u0131r\u0131yor. Buras\u0131 do\u011fal g\u00fczellikleri, tarihi yap\u0131s\u0131 ve do\u011fal formasyonu ile de\u011ferlendirildi\u011fi zaman ABD\u2019de de bulunan bir Reend kanyonundan bile fazlas\u0131n\u0131 sunan bir yap\u0131s\u0131 var. Buray\u0131 ke\u015ffetmi\u015f olduk, oy birli\u011fi ile ismini de Kara Leylek Kanyonu koyduk. \u0130n\u015fallah bu \u015fekilde markala\u015facak ve turizme \u00e7ok b\u00fcy\u00fck katk\u0131 verecektir&#8221; dedi.<\/p>\n<p>Y\u00f6re sakinleri ilk defa kara leylekleri g\u00f6rd\u00fc<\/p>\n<p>Yakla\u015f\u0131k 8 senedir Karakaya Baraj\u0131 \u00fczerinde bal\u0131k\u00e7\u0131l\u0131k yapt\u0131\u011f\u0131n\u0131 ve ilk kez kara leylek g\u00f6rd\u00fc\u011f\u00fcn\u00fc ifade eden 32 ya\u015f\u0131ndaki Ali Aslan, \u201c\u0130lk defa b\u00f6yle bir leylek t\u00fcr\u00fcn\u00fc g\u00f6r\u00fcyoruz. Kara leylek denilen bir ku\u015f t\u00fcr\u00fc \u00fclkemizde \u00e7ok nadir g\u00f6r\u00fclen bir \u015fey. Yakla\u015f\u0131k 8 senedir burada \u00e7al\u0131\u015f\u0131yorum \u015fimdiye kadar b\u00f6yle bir \u015feye rastlamad\u0131k. Leyleklerin yuvas\u0131na bakt\u0131\u011f\u0131m\u0131z zaman bir senelik bir yuva gibi g\u00f6r\u00fcn\u00fcyor. Biz \u015fimdi g\u00f6rd\u00fck daha \u00f6nceden fark\u0131na varmam\u0131\u015ft\u0131k. Buralar, do\u011fa, su ve mevki olarak gezip g\u00f6r\u00fclebilecek yerler. B\u00f6yle bir ku\u015f t\u00fcr\u00fcn\u00fcn buraya gelmesi in\u015fallah turizme canl\u0131l\u0131k getirir\u201d ifadelerini kulland\u0131.<\/p>\n<p>Kara leylekleri, hayat\u0131nda ilk kez canl\u0131 olarak g\u00f6rd\u00fc\u011f\u00fcn\u00fc belirten il\u00e7e sakinlerinden H\u00fcseyin Can ise \u201cBuras\u0131 \u015fu anda reva\u00e7ta olan bir yer ve kimsenin bilmedi\u011fi bir nokta. \u0130nsanlar\u0131n k\u00fc\u00e7\u00fckken izledi\u011fi \u00e7izgi filmlerdeki kara leylekleri, canl\u0131 olarak hayat\u0131mda ilk defa burada g\u00f6rd\u00fcm. \u00c7ok harika ve insanlara kar\u015f\u0131 bir tepki g\u00f6stermiyorlar. Ayn\u0131 zamanda ma\u011faralar\u0131n olu\u015fumu turizm a\u00e7\u0131s\u0131ndan \u00e7ok m\u00fckemmel. Sakl\u0131 bir cennet desek yeridir. Bu leylekler g\u00f6r\u00fclmeye de\u011fer&#8221; diye konu\u015ftu.<\/p>\n","protected":false},"excerpt":{"rendered":"<p>ELAZI\u011e\u2019DA KEBAN VE KARAYA BARAJI\u2019NIN BA\u011eLANTISINDA G\u00d6ZDEN UZAK YA\u015eAYAN KARA LEYLEKLER\u0130N OLDU\u011eU KANYON KE\u015eFED\u0130LD\u0130. VAL\u0130 \u00c7ET\u0130N OKTAY KALDIRIM\u2019DA, B\u00d6LGEY\u0130 Z\u0130YARET EDEREK KANYONUN \u0130SM\u0130N\u0130 &#8220;KARA LEYLEK&#8221; KOYDU. B\u00d6LGEDE YA\u015eAMLARINI DEVAM ETT\u0130REN BAZI KARA LEYLEKLER VE YAVRULARI \u0130SE G\u00d6R\u00dcNT\u00dcLEND\u0130.<\/p>\n","protected":false},"author":1,"featured_media":184320,"comment_status":"closed","ping_status":"open","sticky":false,"template":"","format":"standard","meta":{"jetpack_post_was_ever_published":false,"_jetpack_newsletter_access":"","_jetpack_dont_email_post_to_subs":false,"_jetpack_newsletter_tier_id":0,"_jetpack_memberships_contains_paywalled_content":false,"_jetpack_memberships_contains_paid_content":false,"footnotes":"","jetpack_publicize_message":"","jetpack_publicize_feature_enabled":true,"jetpack_social_post_already_shared":true,"jetpack_social_options":{"image_generator_settings":{"template":"highway","default_image_id":0,"font":"","enabled":false},"version":2}},"categories":[1],"tags":[31497,2053,13848,16256,87],"class_list":["post-184319","post","type-post","status-publish","format-standard","has-post-thumbnail","hentry","category-genel","tag-kanyonu","tag-kara","tag-kesif","tag-leylek","tag-yeni"],"jetpack_publicize_connections":[],"jetpack_featured_media_url":"https:\/\/i0.wp.com\/www.tvturk.com\/wp-content\/uploads\/2019\/07\/yeni-kesif-kara-leylek-kanyonu_9724f73.jpg?fit=1000%2C614","jetpack_sharing_enabled":true,"jetpack_shortlink":"https:\/\/wp.me\/paKIfm-LWT","_links":{"self":[{"href":"http:\/\/www.tvturk.com\/index.php\/wp-json\/wp\/v2\/posts\/184319","targetHints":{"allow":["GET"]}}],"collection":[{"href":"http:\/\/www.tvturk.com\/index.php\/wp-json\/wp\/v2\/posts"}],"about":[{"href":"http:\/\/www.tvturk.com\/index.php\/wp-json\/wp\/v2\/types\/post"}],"author":[{"embeddable":true,"href":"http:\/\/www.tvturk.com\/index.php\/wp-json\/wp\/v2\/users\/1"}],"replies":[{"embeddable":true,"href":"http:\/\/www.tvturk.com\/index.php\/wp-json\/wp\/v2\/comments?post=184319"}],"version-history":[{"count":0,"href":"http:\/\/www.tvturk.com\/index.php\/wp-json\/wp\/v2\/posts\/184319\/revisions"}],"wp:featuredmedia":[{"embeddable":true,"href":"http:\/\/www.tvturk.com\/index.php\/wp-json\/wp\/v2\/media\/184320"}],"wp:attachment":[{"href":"http:\/\/www.tvturk.com\/index.php\/wp-json\/wp\/v2\/media?parent=184319"}],"wp:term":[{"taxonomy":"category","embeddable":true,"href":"http:\/\/www.tvturk.com\/index.php\/wp-json\/wp\/v2\/categories?post=184319"},{"taxonomy":"post_tag","embeddable":true,"href":"http:\/\/www.tvturk.com\/index.php\/wp-json\/wp\/v2\/tags?post=184319"}],"curies":[{"name":"wp","href":"https:\/\/api.w.org\/{rel}","templated":true}]}}