{"id":184397,"date":"2019-07-20T12:02:44","date_gmt":"2019-07-20T09:02:44","guid":{"rendered":"http:\/\/www.tvturk.com\/index.php\/uluslararasi-bodrum-bale-festivali-basliyor\/"},"modified":"2019-07-20T12:02:44","modified_gmt":"2019-07-20T09:02:44","slug":"uluslararasi-bodrum-bale-festivali-basliyor","status":"publish","type":"post","link":"http:\/\/www.tvturk.com\/index.php\/uluslararasi-bodrum-bale-festivali-basliyor\/","title":{"rendered":"Uluslararas\u0131 Bodrum Bale Festivali ba\u015fl\u0131yor"},"content":{"rendered":"<p>T\u00fcrkiye\u2019den ve d\u00fcnyadan se\u00e7kin bale ve modern dans eserlerinin sahnelenece\u011fi \u201c17\u2019nci Uluslararas\u0131 Bodrum Bale Festivali\u201d, 3-21 A\u011fustos tarihleri aras\u0131nda, Bodrum Kalesi Kuzey Hende\u011fi Sahnesi\u2019nde ba\u015fl\u0131yor.<\/p>\n<p>K\u00fclt\u00fcr ve Turizm Bakanl\u0131\u011f\u0131 Devlet Opera ve Balesi Genel M\u00fcd\u00fcrl\u00fc\u011f\u00fcnce d\u00fczenlenen T\u00fcrkiye\u2019nin ilk ve tek bale festivali sanatseverlerin kar\u015f\u0131s\u0131na yine zengin bir program ve b\u00fcy\u00fcleyici performanslar ile \u00e7\u0131k\u0131yor.<\/p>\n<p>Festivalin yabanc\u0131 konuklar\u0131 tempolu, heyecanl\u0131 ve ritmik g\u00f6sterileriyle G\u00fcrcistan Sukhishvili Ulusal Bale Toplulu\u011fu ile Flamenko ate\u015fini yakacak olan \u0130spanyol Aida Gomez Dans Toplulu\u011fu olacak.<\/p>\n<p>T\u00fcrkiye\u2019nin k\u00fclt\u00fcr sanat ya\u015fam\u0131nda ayr\u0131cal\u0131kl\u0131 bir noktada bulunan \u201c17\u2019nci Uluslararas\u0131 Bodrum Bale Festivali\u201d, 3 A\u011fustos ak\u015fam\u0131, modern dans repertuvar\u0131n\u0131n be\u011fenilen eserlerinden \u201cFrida\u201d adl\u0131 eserle ba\u015fl\u0131yor.<\/p>\n<p>\u00d6zg\u00fcr Adam \u0130nan\u00e7\u2019\u0131n reji ve koreografisi ile Mersin Devlet Opera ve Balesince sahnelenecek iki perdelik modern dans eseri olan \u201cFrida\u201d Arturo Marquez,  Jose Pablo Moncayo ve Can Aksel Ak\u0131n\u2019\u0131n m\u00fczikleri e\u015fli\u011finde, k\u00fc\u00e7\u00fck ya\u015fta ge\u00e7irdi\u011fi a\u011f\u0131r sa\u011fl\u0131k sorunlar\u0131na ra\u011fmen resim yaparak hayata tutunmaya \u00e7al\u0131\u015fan Meksikal\u0131 ressam Frida Kahlo\u2019nun hayat\u0131n\u0131 anlatacak.<\/p>\n<p>Program\u0131n devam\u0131nda 6-7 A\u011fustos ak\u015famlar\u0131, G\u00fcrc\u00fc Ulusal Dans\u0131\u2019n\u0131n t\u00fcm d\u00fcnyada tan\u0131nmas\u0131n\u0131 sa\u011flayan Sukhishvili Ulusal Bale Toplulu\u011fu sahne alacak. 1945 y\u0131l\u0131ndan bu yana performanslar\u0131n\u0131 90\u2019dan fazla \u00fclkede, 50 milyondan fazla seyirciye ula\u015ft\u0131ran \u00fcnl\u00fc topluluk, folklorik temalar\u0131 modern koreografileriyle sentezleyen muhte\u015fem g\u00f6sterileri ile G\u00fcrc\u00fc halk\u0131n\u0131n sava\u015f, kahramanl\u0131k ve a\u015fk hik\u00e2yelerini iki kez Bodrumlu seyirciye sunacak.<\/p>\n<p>Romeo ve Juliet\u2019de Bodrum\u2019da<\/p>\n<p>Uluslararas\u0131 arenada ba\u015far\u0131ya ula\u015fm\u0131\u015f eser ve topluluklar\u0131 yak\u0131ndan izlemenin m\u00fcmk\u00fcn olaca\u011f\u0131 festivalde Devlet Opera ve Balesi\u2019nin iki \u00f6nemli klasik bale eseri Bodrum Kalesi Kuzey Hende\u011fi\u2019nde seyirci ile bulu\u015fturulacak.<\/p>\n<p>D\u00fcnyada opera, bale ve tiyatro oyunlar\u0131na konu olan Romeo ve J\u00fcliet\u2019in a\u015fklar\u0131 bu defa \u00fclkemizin \u00f6d\u00fcll\u00fc koreograflar\u0131 Volkan Ersoy ve Arma\u011fan Davran\u2019\u0131n librettosu ve \u00f6zg\u00fcn koreografileriyle, 10 A\u011fustos ak\u015fam\u0131, \u0130zmir Devlet Opera ve Balesi taraf\u0131ndan sahnelenecek.<\/p>\n<p>\u00c7aykovski\u2019nin m\u00fcziklerinden d\u00fczenlenerek haz\u0131rlanan \u201cRomeo ve Juliet Balesi\u201d, bu yorumuyla d\u00fcnyada ilk. M\u00fczik d\u00fczenlemeleri Tolga Tavi\u015f imzal\u0131 iki perdeden olu\u015fan eser,  kar\u015f\u0131la\u015ft\u0131klar\u0131 ilk anda birbirlerine b\u00fcy\u00fck bir a\u015fkla ba\u011flanan, birbirine d\u00fc\u015fman iki ailenin \u00e7ocuklar\u0131 Romeo ve Juliet\u2019in t\u00fcm d\u00fcnyaca bilinen h\u00fcz\u00fcnl\u00fc a\u015fk hikayesini klasik balenin t\u00fcm zarafetiyle sahneye ta\u015f\u0131yacak.<\/p>\n<p>Antalya\u2019da T\u00fcrkiye pr\u00f6miyeri ger\u00e7ekle\u015ftirilen \u201c\u015eehrazat Balesi\u201d ise festivalin ikinci klasik bale eseri olacak. 14 A\u011fustos ak\u015fam\u0131 sanatseverlerle bulu\u015facak olan eser, Arma\u011fan Davran\u2019\u0131n libretto ve koreografisi ile Antalya Devlet Opera ve Balesi taraf\u0131ndan sahnelenecek.<\/p>\n<p>Bujor Hoinic\u2019in, m\u00fczik d\u00fczenlemelerini yaparak, Korsakov\u2019un \u015eehrazat bale s\u00fciti ile yine Korsakov\u2019un di\u011fer \u00f6nemli eserlerini birle\u015ftirdi\u011fi \u201c\u015eehrazat\u201d, etkileyici anlat\u0131m\u0131yla festival program\u0131n\u0131n \u00f6nemli eserlerinden biri olacak. \u0130ki perdeden olu\u015fan eserde, Sultan \u015eah Levend\u2019in o\u011flu Behram ile \u015fehrin \u00fcnl\u00fc t\u00fcccar\u0131 Mahmud\u2019un k\u0131z\u0131 Z\u00fchre\u2019nin a\u015fklar\u0131 ve bu a\u015fka engel olmak isteyen Vezir Ebubekir\u2019in g\u00fczel k\u0131z\u0131 Zahara\u2019n\u0131n \u00f6l\u00fcmc\u00fcl plan\u0131 anlat\u0131lacak.<\/p>\n<p>Bodrum Gecelerinde Flemanko Ate\u015fi<\/p>\n<p>17\u2019nci Uluslararas\u0131 Bodrum Bale Festivali\u2019nde bu y\u0131l d\u00fcnyaca \u00fcnl\u00fc Aida Gmez ve Dans Toplulu\u011fu ile flemenko ate\u015fi yanacak.<\/p>\n<p>D\u00fcnyan\u0131n \u201cCarmen\u201d performans\u0131yla tan\u0131d\u0131\u011f\u0131, dansa \u00e7ok k\u00fc\u00e7\u00fck ya\u015flarda ba\u015flayan, \u0130spanya Ulusal Balesi\u2019nin ba\u015f dans\u00e7\u0131lar\u0131ndan, flamenko ustas\u0131 ve \u00f6d\u00fcll\u00fc koreograf Ada Aguda Gmez\u2019in kuruculu\u011funu yapt\u0131\u011f\u0131 ve direkt\u00f6rl\u00fc\u011f\u00fcn\u00fc \u00fcstlendi\u011fi Aida Gomez Dans Toplulu\u011fu \u00f6zg\u00fcn \u201cCarmen\u201d yorumlar\u0131yla 17-18 A\u011fustos ak\u015famlar\u0131 iki kez sahne alacak.<\/p>\n<p>Festivalin kapan\u0131\u015f\u0131 ise \u0130stanbul Devlet Opera ve Balesi\u2019nin gen\u00e7 ve dinamik grubu Modern Dans Toplulu\u011fu \u0130stanbul\u2019un (MDTist) \u201cJizel\u201d  dans- drama eseri ile ger\u00e7ekle\u015fecek.<\/p>\n<p>Bir d\u00fcnya klasi\u011fi olan Giselle Balesi\u2019nin koreograf Aysun Aslan taraf\u0131ndan modern bir dans drama formunda sunumu olan \u201cJizel\u201d adl\u0131 eseri seyirciye son derece dinamik ve co\u015fkulu anlar ya\u015fatacak.<\/p>\n<p>Festivalin biletlerine www.operabale.gov.tr adresinden ve sat\u0131\u015f noktalar\u0131ndan ula\u015f\u0131lacak.<\/p>\n","protected":false},"excerpt":{"rendered":"<p>T\u00dcRK\u0130YE\u2019DEN VE D\u00dcNYADAN SE\u00c7K\u0130N BALE VE MODERN DANS ESERLER\u0130N\u0130N SAHNELENECE\u011e\u0130 \u201c17\u2019NC\u0130 ULUSLARARASI BODRUM BALE FEST\u0130VAL\u0130\u201d, 3-21 A\u011eUSTOS TAR\u0130HLER\u0130 ARASINDA, BODRUM KALES\u0130 KUZEY HENDE\u011e\u0130 SAHNES\u0130\u2019NDE BA\u015eLIYOR.<\/p>\n","protected":false},"author":1,"featured_media":184398,"comment_status":"closed","ping_status":"open","sticky":false,"template":"","format":"standard","meta":{"jetpack_post_was_ever_published":false,"_jetpack_newsletter_access":"","_jetpack_dont_email_post_to_subs":false,"_jetpack_newsletter_tier_id":0,"_jetpack_memberships_contains_paywalled_content":false,"_jetpack_memberships_contains_paid_content":false,"footnotes":"","jetpack_publicize_message":"","jetpack_publicize_feature_enabled":true,"jetpack_social_post_already_shared":true,"jetpack_social_options":{"image_generator_settings":{"template":"highway","default_image_id":0,"font":"","enabled":false},"version":2}},"categories":[656],"tags":[4839,45651,1647,708,3400],"class_list":["post-184397","post","type-post","status-publish","format-standard","has-post-thumbnail","hentry","category-kultur-sanat","tag-uluslararasi","tag-bale","tag-basliyor","tag-bodrum","tag-festivali"],"jetpack_publicize_connections":[],"jetpack_featured_media_url":"https:\/\/i0.wp.com\/www.tvturk.com\/wp-content\/uploads\/2019\/07\/uluslararasi-bodrum-bale-festivali-basliyor_339c4d8.jpg?fit=1000%2C618","jetpack_sharing_enabled":true,"jetpack_shortlink":"https:\/\/wp.me\/paKIfm-LY9","_links":{"self":[{"href":"http:\/\/www.tvturk.com\/index.php\/wp-json\/wp\/v2\/posts\/184397","targetHints":{"allow":["GET"]}}],"collection":[{"href":"http:\/\/www.tvturk.com\/index.php\/wp-json\/wp\/v2\/posts"}],"about":[{"href":"http:\/\/www.tvturk.com\/index.php\/wp-json\/wp\/v2\/types\/post"}],"author":[{"embeddable":true,"href":"http:\/\/www.tvturk.com\/index.php\/wp-json\/wp\/v2\/users\/1"}],"replies":[{"embeddable":true,"href":"http:\/\/www.tvturk.com\/index.php\/wp-json\/wp\/v2\/comments?post=184397"}],"version-history":[{"count":0,"href":"http:\/\/www.tvturk.com\/index.php\/wp-json\/wp\/v2\/posts\/184397\/revisions"}],"wp:featuredmedia":[{"embeddable":true,"href":"http:\/\/www.tvturk.com\/index.php\/wp-json\/wp\/v2\/media\/184398"}],"wp:attachment":[{"href":"http:\/\/www.tvturk.com\/index.php\/wp-json\/wp\/v2\/media?parent=184397"}],"wp:term":[{"taxonomy":"category","embeddable":true,"href":"http:\/\/www.tvturk.com\/index.php\/wp-json\/wp\/v2\/categories?post=184397"},{"taxonomy":"post_tag","embeddable":true,"href":"http:\/\/www.tvturk.com\/index.php\/wp-json\/wp\/v2\/tags?post=184397"}],"curies":[{"name":"wp","href":"https:\/\/api.w.org\/{rel}","templated":true}]}}