{"id":184411,"date":"2019-07-20T12:31:47","date_gmt":"2019-07-20T09:31:47","guid":{"rendered":"http:\/\/www.tvturk.com\/index.php\/icisleri-bakani-soylu-samsunda\/"},"modified":"2019-07-20T12:31:47","modified_gmt":"2019-07-20T09:31:47","slug":"icisleri-bakani-soylu-samsunda","status":"publish","type":"post","link":"http:\/\/www.tvturk.com\/index.php\/icisleri-bakani-soylu-samsunda\/","title":{"rendered":"\u0130\u00e7i\u015fleri Bakan\u0131 Soylu Samsun\u2019da"},"content":{"rendered":"<p>\u0130\u00e7i\u015fleri Bakan\u0131 S\u00fcleyman Soylu, \u015eehit Jandarma Binba\u015f\u0131 Zafer Akku\u015f\u2019un cenazesine kat\u0131lmak \u00fczere Samsun\u2019a geldi.<\/p>\n<p>U\u00e7akla Samsun-\u00c7ar\u015famba Havaliman\u0131\u2019na inen \u0130\u00e7i\u015fleri Bakan\u0131 S\u00fcleyman Soylu\u2019yu burada Vali Osman Kaymak, B\u00fcy\u00fck\u015fehir Belediye Ba\u015fkan\u0131 Mustafa Demir ve di\u011fer protokol \u00fcyeleri kar\u015f\u0131lad\u0131. Polis t\u00f6ren mangas\u0131n\u0131 selamlayan Bakan Soylu, Bitlis \u015fehidi Jandarma Binba\u015f\u0131 Zafer Akku\u015f\u2019un Samsun\u2019un Asarc\u0131k il\u00e7esi Armutlu Mahallesi\u2019ndeki cenaze t\u00f6renine kat\u0131lmak \u00fczere yola \u00e7\u0131kt\u0131.<\/p>\n<p>\u015eehit Zafer Akku\u015f\u2019un cenazesi \u00f6\u011fle namaz\u0131n\u0131 m\u00fcteakip k\u0131l\u0131nacak cenaze namaz\u0131 sonras\u0131 topra\u011fa verilecek.<\/p>\n","protected":false},"excerpt":{"rendered":"<p>\u0130\u00c7\u0130\u015eLER\u0130 BAKANI S\u00dcLEYMAN SOYLU, \u015eEH\u0130T J. B\u0130NBA\u015eI ZAFER AKKU\u015e&#8217;UN CENAZES\u0130NE KATILMAK \u00dcZERE SAMSUN\u2019A GELD\u0130.<\/p>\n","protected":false},"author":1,"featured_media":184412,"comment_status":"closed","ping_status":"open","sticky":false,"template":"","format":"standard","meta":{"jetpack_post_was_ever_published":false,"_jetpack_newsletter_access":"","_jetpack_dont_email_post_to_subs":false,"_jetpack_newsletter_tier_id":0,"_jetpack_memberships_contains_paywalled_content":false,"_jetpack_memberships_contains_paid_content":false,"footnotes":"","jetpack_publicize_message":"","jetpack_publicize_feature_enabled":true,"jetpack_social_post_already_shared":true,"jetpack_social_options":{"image_generator_settings":{"template":"highway","default_image_id":0,"font":"","enabled":false},"version":2}},"categories":[1],"tags":[933,1914,1862,79],"class_list":["post-184411","post","type-post","status-publish","format-standard","has-post-thumbnail","hentry","category-genel","tag-bakani","tag-icisleri","tag-samsunda","tag-soylu"],"jetpack_publicize_connections":[],"jetpack_featured_media_url":"https:\/\/i0.wp.com\/www.tvturk.com\/wp-content\/uploads\/2019\/07\/icisleri-bakani-soylu-samsunda_8d6a2e2.jpg?fit=1000%2C666","jetpack_sharing_enabled":true,"jetpack_shortlink":"https:\/\/wp.me\/paKIfm-LYn","_links":{"self":[{"href":"http:\/\/www.tvturk.com\/index.php\/wp-json\/wp\/v2\/posts\/184411","targetHints":{"allow":["GET"]}}],"collection":[{"href":"http:\/\/www.tvturk.com\/index.php\/wp-json\/wp\/v2\/posts"}],"about":[{"href":"http:\/\/www.tvturk.com\/index.php\/wp-json\/wp\/v2\/types\/post"}],"author":[{"embeddable":true,"href":"http:\/\/www.tvturk.com\/index.php\/wp-json\/wp\/v2\/users\/1"}],"replies":[{"embeddable":true,"href":"http:\/\/www.tvturk.com\/index.php\/wp-json\/wp\/v2\/comments?post=184411"}],"version-history":[{"count":0,"href":"http:\/\/www.tvturk.com\/index.php\/wp-json\/wp\/v2\/posts\/184411\/revisions"}],"wp:featuredmedia":[{"embeddable":true,"href":"http:\/\/www.tvturk.com\/index.php\/wp-json\/wp\/v2\/media\/184412"}],"wp:attachment":[{"href":"http:\/\/www.tvturk.com\/index.php\/wp-json\/wp\/v2\/media?parent=184411"}],"wp:term":[{"taxonomy":"category","embeddable":true,"href":"http:\/\/www.tvturk.com\/index.php\/wp-json\/wp\/v2\/categories?post=184411"},{"taxonomy":"post_tag","embeddable":true,"href":"http:\/\/www.tvturk.com\/index.php\/wp-json\/wp\/v2\/tags?post=184411"}],"curies":[{"name":"wp","href":"https:\/\/api.w.org\/{rel}","templated":true}]}}