{"id":184415,"date":"2019-07-20T12:46:30","date_gmt":"2019-07-20T09:46:30","guid":{"rendered":"http:\/\/www.tvturk.com\/index.php\/sehrin-en-islek-caddesinde-ilani-ask-etti\/"},"modified":"2019-07-20T12:46:30","modified_gmt":"2019-07-20T09:46:30","slug":"sehrin-en-islek-caddesinde-ilani-ask-etti","status":"publish","type":"post","link":"http:\/\/www.tvturk.com\/index.php\/sehrin-en-islek-caddesinde-ilani-ask-etti\/","title":{"rendered":"\u015eehrin en i\u015flek caddesinde ilan\u0131 a\u015fk etti"},"content":{"rendered":"<p>Rize\u2019de insan yo\u011funlu\u011funun en \u00e7ok oldu\u011fu caddede sevgilisine evlenme teklifi etti.<\/p>\n<p>Rize\u2019de sevgilisine evlenme teklifi etmek isteyen \u0130hsan Reyhan isimli gen\u00e7, teklif i\u00e7in sevgilisi Meryem Vanl\u0131\u2019n\u0131n \u00e7al\u0131\u015ft\u0131\u011f\u0131 i\u015f yerinin hemen alt\u0131 olan \u015fehrin insan yo\u011funlu\u011funun en \u00e7ok oldu\u011fu caddesini se\u00e7ti. Deniz Caddesi olarak bilinen Osman Karavin Caddesi\u2019nde yere g\u00fcl yapraklar\u0131 seren Reyhan ve arkada\u015flar\u0131, mumlarla yapraklar\u0131n etraf\u0131na b\u00fcy\u00fck\u00e7e bir kalp \u00e7izdi. Bir gurup arkada\u015f\u0131 ise \u00fczerinde \u2018Benimle evlenir misin?\u2019 yaz\u0131l\u0131 pankart a\u00e7t\u0131. Ellerine me\u015faleler alan vatanda\u015flar \u00f6nce Meryem Vanl\u0131\u2019n\u0131n gelmesini bekledi. Sevgilisinin arkada\u015f\u0131n\u0131 arayan \u0130hsan Reyhan, sevgilisi Vanl\u0131\u2019n\u0131n geli\u015fine yak\u0131n herkesi uyard\u0131 ve mumlardan olu\u015fan kalbin ortas\u0131na ge\u00e7ti. Caddeye ad\u0131m atmas\u0131yla bir anda yak\u0131lan me\u015faleler ve ba\u015flayan m\u00fczik Meryem Vanl\u0131\u2019y\u0131 bir anda \u015fa\u015f\u0131rtt\u0131. K\u0131z arkada\u015f\u0131n\u0131 mumlar\u0131n ortas\u0131na alan \u0130hsan Reyhan, bir anda yanan mumlar\u0131n ortas\u0131nda yere diz \u00e7\u00f6kerek evlenme teklifi etti. Sevgilisinin teklifini kabul etmesiyle ise y\u00fcz\u00fck tak\u0131ld\u0131ktan sonra kendilerini izleyen co\u015fkulu kalabal\u0131\u011f\u0131n alk\u0131\u015flar\u0131yla birbirlerine sar\u0131ld\u0131lar.<\/p>\n<p>Gen\u00e7 adam \u015fehrin en i\u015flek caddesinde, caddeden ge\u00e7enler, i\u015fletmelerde oturanlar\u0131n heyecanl\u0131 bak\u0131\u015flar\u0131 alt\u0131nda evlilik teklifi etmi\u015f oldu.<\/p>\n","protected":false},"excerpt":{"rendered":"<p>R\u0130ZE\u2019DE \u0130NSAN YO\u011eUNLU\u011eUNUN EN \u00c7OK OLDU\u011eU CADDEDE SEVG\u0130L\u0130S\u0130NE EVLENME TEKL\u0130F\u0130 ETT\u0130.<\/p>\n","protected":false},"author":1,"featured_media":184416,"comment_status":"closed","ping_status":"open","sticky":false,"template":"","format":"standard","meta":{"jetpack_post_was_ever_published":false,"_jetpack_newsletter_access":"","_jetpack_dont_email_post_to_subs":false,"_jetpack_newsletter_tier_id":0,"_jetpack_memberships_contains_paywalled_content":false,"_jetpack_memberships_contains_paid_content":false,"footnotes":"","jetpack_publicize_message":"","jetpack_publicize_feature_enabled":true,"jetpack_social_post_already_shared":true,"jetpack_social_options":{"image_generator_settings":{"template":"highway","default_image_id":0,"font":"","enabled":false},"version":2}},"categories":[1],"tags":[5971,4162,207,13249,14787,1770],"class_list":["post-184415","post","type-post","status-publish","format-standard","has-post-thumbnail","hentry","category-genel","tag-ask","tag-caddesinde","tag-etti","tag-ilani","tag-islek","tag-sehrin"],"jetpack_publicize_connections":[],"jetpack_featured_media_url":"https:\/\/i0.wp.com\/www.tvturk.com\/wp-content\/uploads\/2019\/07\/sehrin-en-islek-caddesinde-ilani-ask-etti_3708210.jpg?fit=1000%2C562","jetpack_sharing_enabled":true,"jetpack_shortlink":"https:\/\/wp.me\/paKIfm-LYr","_links":{"self":[{"href":"http:\/\/www.tvturk.com\/index.php\/wp-json\/wp\/v2\/posts\/184415","targetHints":{"allow":["GET"]}}],"collection":[{"href":"http:\/\/www.tvturk.com\/index.php\/wp-json\/wp\/v2\/posts"}],"about":[{"href":"http:\/\/www.tvturk.com\/index.php\/wp-json\/wp\/v2\/types\/post"}],"author":[{"embeddable":true,"href":"http:\/\/www.tvturk.com\/index.php\/wp-json\/wp\/v2\/users\/1"}],"replies":[{"embeddable":true,"href":"http:\/\/www.tvturk.com\/index.php\/wp-json\/wp\/v2\/comments?post=184415"}],"version-history":[{"count":0,"href":"http:\/\/www.tvturk.com\/index.php\/wp-json\/wp\/v2\/posts\/184415\/revisions"}],"wp:featuredmedia":[{"embeddable":true,"href":"http:\/\/www.tvturk.com\/index.php\/wp-json\/wp\/v2\/media\/184416"}],"wp:attachment":[{"href":"http:\/\/www.tvturk.com\/index.php\/wp-json\/wp\/v2\/media?parent=184415"}],"wp:term":[{"taxonomy":"category","embeddable":true,"href":"http:\/\/www.tvturk.com\/index.php\/wp-json\/wp\/v2\/categories?post=184415"},{"taxonomy":"post_tag","embeddable":true,"href":"http:\/\/www.tvturk.com\/index.php\/wp-json\/wp\/v2\/tags?post=184415"}],"curies":[{"name":"wp","href":"https:\/\/api.w.org\/{rel}","templated":true}]}}