{"id":184417,"date":"2019-07-20T12:46:34","date_gmt":"2019-07-20T09:46:34","guid":{"rendered":"http:\/\/www.tvturk.com\/index.php\/kibris-gazilerine-madalya-2\/"},"modified":"2019-07-20T12:46:34","modified_gmt":"2019-07-20T09:46:34","slug":"kibris-gazilerine-madalya-2","status":"publish","type":"post","link":"http:\/\/www.tvturk.com\/index.php\/kibris-gazilerine-madalya-2\/","title":{"rendered":"K\u0131br\u0131s gazilerine madalya"},"content":{"rendered":"<p>Samsun\u2019un Havza il\u00e7esinde, Kuzey K\u0131br\u0131s T\u00fcrk Cumhuriyeti (KKTC) taraf\u0131ndan K\u0131br\u0131s Bar\u0131\u015f Harek\u00e2t\u0131\u2019na kat\u0131lan gazilere g\u00f6nderilen \u201cMilli M\u00fccadele Madalyalar\u0131 ve Beratlar\u0131\u201d t\u00f6renle teslim edildi.<\/p>\n<p>Yap\u0131lan t\u00f6rende konu\u015fan Havza Muharip Gaziler Derne\u011fi Ba\u015fkan\u0131 Harun Saat, \u201cK\u0131br\u0131s\u2019ta tarihin seyrini de\u011fi\u015ftiren K\u0131br\u0131s Bar\u0131\u015f Harek\u00e2t\u0131\u2019n\u0131n 45. seneyi devriyesinde aziz \u015fehitlerimizi rahmetle, kahraman gazilerimizi minnetle ve \u015f\u00fckranla an\u0131yorum. \u015eehit olmak her yi\u011fidin sevdas\u0131d\u0131r. Al bayra\u011fa rengini veren kanlara selam olsun. Vatan i\u00e7in serden ge\u00e7en canlara selam olsun\u201d dedi.<\/p>\n<p>Ebediyete intikal etmi\u015f \u015fehit ve gazilere rahmet dileyen Havza \u0130l\u00e7e Kaymakam\u0131 Metin Y\u0131lmaz, \u201cBug\u00fcn huzur i\u00e7erisinde ya\u015fayabiliyorsak, rahat nefes alabiliyorsak bu \u00f6nce gazilerimizin ve \u015fehitlerimizin varl\u0131\u011f\u0131 sebebi iledir. Bu \u00fclke i\u00e7in \u00e7ok bedeller \u00f6dendi. \u015eehitlerimize rahmet, ya\u015fayan gazilerimize sa\u011fl\u0131k ve s\u0131hhat dileyerek \u015f\u00fckranlar\u0131m\u0131 sunuyorum\u201d diye konu\u015ftu.<\/p>\n<p>T\u00f6rende, hayatta olan gazilerin kendilerine, vefat eden gazilerin ise e\u015flerine madalya ve beratlar\u0131 \u0130l\u00e7e Kaymakam\u0131 Metin Y\u0131lmaz taraf\u0131ndan takdim edildi.<\/p>\n<p>T\u00f6ren esnas\u0131nda K\u0131br\u0131s Gazisi Nefat K\u00f6ksal\u2019a berat ve madalyas\u0131 torunu Elif K\u00f6ksal ve Kaymakam Y\u0131lmaz taraf\u0131ndan verildi.<\/p>\n<p>\u201cVatan\u0131m\u0131za, milletimize sahip \u00e7\u0131kal\u0131m\u201d<\/p>\n<p>Duygulu anlar ya\u015fayan Nefat K\u00f6ksal, \u201cVatan\u0131m\u0131za, milletimize sahip \u00e7\u0131kal\u0131m. Hava \u0130ndirme Tugay\u0131n\u0131n askeri olarak harek\u00e2ta kat\u0131ld\u0131k. \u00c7ok zorluklar \u00e7ektik, 20 g\u00fcn aya\u011f\u0131m\u0131zdan botlar\u0131m\u0131z \u00e7\u0131kmad\u0131 ama verdi\u011fimiz m\u00fccadeleye de\u011fdi. 45 y\u0131l sonra Kuzey K\u0131br\u0131s T\u00fcrk Cumhuriyeti taraf\u0131ndan verilen madalya ve berat\u0131m\u0131 \u00f6zellikle 5 ya\u015f\u0131ndaki torunumun elinden almak beni ayr\u0131ca duyguland\u0131rd\u0131\u201d ifadelerini kulland\u0131.<\/p>\n<p>\u201cO an\u0131 unutam\u0131yorum\u201d<\/p>\n<p>K\u0131br\u0131s Gazilerinden Dursun \u00d6zden, K\u0131br\u0131s hava harek\u00e2t\u0131nda helikopterden ate\u015f hatt\u0131n\u0131n i\u00e7erisine indiklerini belirtirken, \u201cBir an nereye inece\u011fimizi bilemedik. Her yer ate\u015f alt\u0131nda. O esnada \u00e7\u0131kartma yapan u\u00e7aktan ate\u015f hatt\u0131na para\u015f\u00fctle atlayan arkada\u015flar\u0131m\u0131zdan birinin para\u015f\u00fct\u00fc a\u00e7\u0131lmad\u0131. 45 y\u0131ld\u0131r bu sahne g\u00f6z\u00fcm\u00fcn \u00f6n\u00fcnde duruyor, o an\u0131 unutam\u0131yorum. Rabb\u2019im devletimize, askerimize ve milletimize kuvvet versin\u201d diye konu\u015ftu.<\/p>\n","protected":false},"excerpt":{"rendered":"<p>GAZ\u0130LER\u0130M\u0130Z VE PROTOKOL<\/p>\n","protected":false},"author":1,"featured_media":184418,"comment_status":"closed","ping_status":"open","sticky":false,"template":"","format":"standard","meta":{"jetpack_post_was_ever_published":false,"_jetpack_newsletter_access":"","_jetpack_dont_email_post_to_subs":false,"_jetpack_newsletter_tier_id":0,"_jetpack_memberships_contains_paywalled_content":false,"_jetpack_memberships_contains_paid_content":false,"footnotes":"","jetpack_publicize_message":"","jetpack_publicize_feature_enabled":true,"jetpack_social_post_already_shared":true,"jetpack_social_options":{"image_generator_settings":{"template":"highway","default_image_id":0,"font":"","enabled":false},"version":2}},"categories":[1],"tags":[33891,7566,3800],"class_list":["post-184417","post","type-post","status-publish","format-standard","has-post-thumbnail","hentry","category-genel","tag-gazilerine","tag-kibris","tag-madalya"],"jetpack_publicize_connections":[],"jetpack_featured_media_url":"https:\/\/i0.wp.com\/www.tvturk.com\/wp-content\/uploads\/2019\/07\/kibris-gazilerine-madalya_aa1b81b.jpg?fit=1000%2C666","jetpack_sharing_enabled":true,"jetpack_shortlink":"https:\/\/wp.me\/paKIfm-LYt","_links":{"self":[{"href":"http:\/\/www.tvturk.com\/index.php\/wp-json\/wp\/v2\/posts\/184417","targetHints":{"allow":["GET"]}}],"collection":[{"href":"http:\/\/www.tvturk.com\/index.php\/wp-json\/wp\/v2\/posts"}],"about":[{"href":"http:\/\/www.tvturk.com\/index.php\/wp-json\/wp\/v2\/types\/post"}],"author":[{"embeddable":true,"href":"http:\/\/www.tvturk.com\/index.php\/wp-json\/wp\/v2\/users\/1"}],"replies":[{"embeddable":true,"href":"http:\/\/www.tvturk.com\/index.php\/wp-json\/wp\/v2\/comments?post=184417"}],"version-history":[{"count":0,"href":"http:\/\/www.tvturk.com\/index.php\/wp-json\/wp\/v2\/posts\/184417\/revisions"}],"wp:featuredmedia":[{"embeddable":true,"href":"http:\/\/www.tvturk.com\/index.php\/wp-json\/wp\/v2\/media\/184418"}],"wp:attachment":[{"href":"http:\/\/www.tvturk.com\/index.php\/wp-json\/wp\/v2\/media?parent=184417"}],"wp:term":[{"taxonomy":"category","embeddable":true,"href":"http:\/\/www.tvturk.com\/index.php\/wp-json\/wp\/v2\/categories?post=184417"},{"taxonomy":"post_tag","embeddable":true,"href":"http:\/\/www.tvturk.com\/index.php\/wp-json\/wp\/v2\/tags?post=184417"}],"curies":[{"name":"wp","href":"https:\/\/api.w.org\/{rel}","templated":true}]}}