{"id":184421,"date":"2019-07-20T12:47:19","date_gmt":"2019-07-20T09:47:19","guid":{"rendered":"http:\/\/www.tvturk.com\/index.php\/12-uluslararasi-kemence-ve-horan-gunleri-basladi\/"},"modified":"2019-07-20T12:47:19","modified_gmt":"2019-07-20T09:47:19","slug":"12-uluslararasi-kemence-ve-horan-gunleri-basladi","status":"publish","type":"post","link":"http:\/\/www.tvturk.com\/index.php\/12-uluslararasi-kemence-ve-horan-gunleri-basladi\/","title":{"rendered":"12. Uluslararas\u0131 Kemen\u00e7e ve Horan G\u00fcnleri ba\u015flad\u0131"},"content":{"rendered":"<p>Giresun\u2019un G\u00f6rele il\u00e7esinde bu y\u0131l 12.\u2019si d\u00fczenlenen Uluslararas\u0131 Kemen\u00e7e ve Horan G\u00fcnleri ba\u015flad\u0131.<\/p>\n<p>Kemen\u00e7e K\u00fclt\u00fcr evi \u00f6n\u00fcnden kemen\u00e7e sanat\u00e7\u0131lar\u0131 e\u015fli\u011findeki kortej y\u00fcr\u00fcy\u00fc\u015f\u00fc ile ba\u015flayan festivalde konu\u015fan G\u00f6rele Belediye Ba\u015fkan\u0131 Tolga Erener, \u201cBelediye olarak sizlere hizmet etmek, G\u00f6rele\u2019ye de\u011ferler katmak, G\u00f6rele\u2019yi marka bir \u015fehir yapmak i\u00e7in elimizden geleni yapmaya devam ediyoruz. Kemen\u00e7e il\u00e7emiz i\u00e7in \u00f6nemli bir enstr\u00fcmand\u0131r. Kemen\u00e7e \u00fcstatlar\u0131 hep il\u00e7emizden \u00e7\u0131km\u0131\u015ft\u0131r. Dolay\u0131s\u0131yla G\u00f6rele Kemen\u00e7enin ana vatan\u0131d\u0131r. Siz de\u011ferli halk\u0131m\u0131za \u00fc\u00e7 g\u00fcn s\u00fcrecek g\u00fczel bir festival haz\u0131rlad\u0131k. Zengin i\u00e7eri\u011fi, kadrosu, sanat\u00e7\u0131lar\u0131yla, temposuyla keyifli bir \u00fc\u00e7 g\u00fcn ge\u00e7irece\u011fiz in\u015fallah. G\u00f6rele\u2019nin sosyal, ekonomik ve k\u00fclt\u00fcrel faaliyetlerine zenginlik kataca\u011f\u0131m\u0131za inan\u0131yorum\u201d dedi.<\/p>\n<p>Festivale Giresun Valisi Harun Sar\u0131fak\u0131o\u011flu, G\u00f6rele Kaymakam\u0131 Erdo\u011fan Turan Ermi\u015f, AK Parti Giresun Milletvekili Kadir Ayd\u0131n, Giresun Emniyet M\u00fcd\u00fcr\u00fc Fahri Akta\u015f, Giresun Jandarma B\u00f6lge Komutan\u0131 Tu\u011fgeneral Hasan Ko\u00e7yi\u011fit, siyasi parti temsilcileri, daire amirleri, Sivil Toplum Kurulu\u015flar\u0131 ve vatanda\u015flar kat\u0131ld\u0131.<\/p>\n<p>Festivalin 1. g\u00fcn\u00fcnde Kemen\u00e7e \u00fcstad\u0131 Katip \u015eadi, Gen\u00e7ler Halkoyunlar\u0131 Ekibi, \u015eeyda Karadeniz, Sinan Y\u0131lmaz\u2019\u0131n yan\u0131 s\u0131ra bir \u00e7ok yerel sanat\u00e7\u0131 sahne ald\u0131.<\/p>\n","protected":false},"excerpt":{"rendered":"<p>G\u0130RESUN&#8217;UN G\u00d6RELE \u0130L\u00c7ES\u0130NDE BU YIL &#8217;12. D\u00dcZENLENEN \u201cULUSLARARASI KEMEN\u00c7E VE HORAN G\u00dcNLER\u0130&#8217; BA\u015eLADI.<\/p>\n","protected":false},"author":1,"featured_media":184422,"comment_status":"closed","ping_status":"open","sticky":false,"template":"","format":"standard","meta":{"jetpack_post_was_ever_published":false,"_jetpack_newsletter_access":"","_jetpack_dont_email_post_to_subs":false,"_jetpack_newsletter_tier_id":0,"_jetpack_memberships_contains_paywalled_content":false,"_jetpack_memberships_contains_paid_content":false,"footnotes":"","jetpack_publicize_message":"","jetpack_publicize_feature_enabled":true,"jetpack_social_post_already_shared":true,"jetpack_social_options":{"image_generator_settings":{"template":"highway","default_image_id":0,"font":"","enabled":false},"version":2}},"categories":[656],"tags":[4839,3981,55,64,45661,32493],"class_list":["post-184421","post","type-post","status-publish","format-standard","has-post-thumbnail","hentry","category-kultur-sanat","tag-uluslararasi","tag-3981","tag-basladi","tag-gunleri","tag-horan","tag-kemence"],"jetpack_publicize_connections":[],"jetpack_featured_media_url":"https:\/\/i0.wp.com\/www.tvturk.com\/wp-content\/uploads\/2019\/07\/12-uluslararasi-kemence-ve-horan-gunleri-basladi_c61acd0.jpg?fit=960%2C640","jetpack_sharing_enabled":true,"jetpack_shortlink":"https:\/\/wp.me\/paKIfm-LYx","_links":{"self":[{"href":"http:\/\/www.tvturk.com\/index.php\/wp-json\/wp\/v2\/posts\/184421","targetHints":{"allow":["GET"]}}],"collection":[{"href":"http:\/\/www.tvturk.com\/index.php\/wp-json\/wp\/v2\/posts"}],"about":[{"href":"http:\/\/www.tvturk.com\/index.php\/wp-json\/wp\/v2\/types\/post"}],"author":[{"embeddable":true,"href":"http:\/\/www.tvturk.com\/index.php\/wp-json\/wp\/v2\/users\/1"}],"replies":[{"embeddable":true,"href":"http:\/\/www.tvturk.com\/index.php\/wp-json\/wp\/v2\/comments?post=184421"}],"version-history":[{"count":0,"href":"http:\/\/www.tvturk.com\/index.php\/wp-json\/wp\/v2\/posts\/184421\/revisions"}],"wp:featuredmedia":[{"embeddable":true,"href":"http:\/\/www.tvturk.com\/index.php\/wp-json\/wp\/v2\/media\/184422"}],"wp:attachment":[{"href":"http:\/\/www.tvturk.com\/index.php\/wp-json\/wp\/v2\/media?parent=184421"}],"wp:term":[{"taxonomy":"category","embeddable":true,"href":"http:\/\/www.tvturk.com\/index.php\/wp-json\/wp\/v2\/categories?post=184421"},{"taxonomy":"post_tag","embeddable":true,"href":"http:\/\/www.tvturk.com\/index.php\/wp-json\/wp\/v2\/tags?post=184421"}],"curies":[{"name":"wp","href":"https:\/\/api.w.org\/{rel}","templated":true}]}}