{"id":184425,"date":"2019-07-20T13:01:25","date_gmt":"2019-07-20T10:01:25","guid":{"rendered":"http:\/\/www.tvturk.com\/index.php\/kktcde-20-temmuz-baris-ve-ozgurluk-bayrami-kutlamalari-basladi\/"},"modified":"2019-07-20T13:01:25","modified_gmt":"2019-07-20T10:01:25","slug":"kktcde-20-temmuz-baris-ve-ozgurluk-bayrami-kutlamalari-basladi","status":"publish","type":"post","link":"http:\/\/www.tvturk.com\/index.php\/kktcde-20-temmuz-baris-ve-ozgurluk-bayrami-kutlamalari-basladi\/","title":{"rendered":"KKTC\u2019DE 20 Temmuz Bar\u0131\u015f ve \u00d6zg\u00fcrl\u00fck Bayram\u0131 kutlamalar\u0131 ba\u015flad\u0131"},"content":{"rendered":"<p>K\u0131br\u0131s Bar\u0131\u015f Harek\u00e2t\u0131\u2019n\u0131n 45\u2019inci y\u0131l d\u00f6n\u00fcm\u00fc etkinlikleri KKTC Cumhurba\u015fkan\u0131 Mustafa Ak\u0131nc\u0131 ve T\u00fcrkiye Cumhurba\u015fkan\u0131 Yard\u0131mc\u0131s\u0131 Fuat Oktay\u2019\u0131n Atat\u00fcrk An\u0131t\u0131\u2019na \u00e7elenk sunmas\u0131 ile ba\u015flad\u0131.<\/p>\n<p>K\u0131br\u0131s\u2019ta T\u00fcrk ordusunun ba\u015flatt\u0131\u011f\u0131 Bar\u0131\u015f Harek\u00e2t\u0131n\u0131n 45\u2019inci y\u0131l d\u00f6n\u00fcm\u00fc kutlan\u0131yor. Ba\u015fkent Lefko\u015fa\u2019n\u0131n Girne Kap\u0131s\u0131\u2019ndaki Atat\u00fcrk An\u0131t\u0131 \u00f6n\u00fcnde d\u00fczenlenen t\u00f6rene, KKTC Cumhurba\u015fkan\u0131 Ak\u0131nc\u0131, Ba\u015fbakan Ersin Tatar Cumhurba\u015fkan\u0131 Yard\u0131mc\u0131s\u0131 Oktay, KKTC Cumhuriyet Meclisi Ba\u015fkan\u0131 Teberr\u00fcken Ulu\u00e7ay, Ula\u015ft\u0131rma ve Altyap\u0131 Bakan\u0131 Mehmet Cahit Turhan, TBMM Ba\u015fkan Vekilleri S\u00fcreyya Sadi Bilgi\u00e7, Celal Adan, K\u00fclt\u00fcr ve Turizm Bakan Yard\u0131mc\u0131s\u0131 Serdar \u00c7am, AK Parti Ankara Milletvekili Tu\u011frul T\u00fcrke\u015f, AK Parti Konya Milletvekili Orhan Erdem, MHP K\u00fctahya Milletvekili Ahmet Erba\u015f, BBP Genel Ba\u015fkan\u0131 Mustafa Destici, T\u00fcrkiye\u2019nin Lefko\u015fa B\u00fcy\u00fckel\u00e7isi Ali Murat Ba\u015f\u00e7eri ve askeri erk\u00e2n kat\u0131ld\u0131.<\/p>\n<p>Kat\u0131l\u0131mc\u0131lar\u0131n t\u00f6ren alan\u0131ndaki yerlerini almas\u0131n\u0131n ard\u0131ndan KKTC Cumhurba\u015fkan\u0131 Ak\u0131nc\u0131 ve Cumhurba\u015fkan\u0131 Yard\u0131mc\u0131s\u0131 Oktay, Atat\u00fcrk An\u0131t\u0131\u2019na \u00e7elenk b\u0131rakt\u0131.<\/p>\n<p>Sayg\u0131 duru\u015funda bulunulmas\u0131n\u0131n ard\u0131ndan \u0130stiklal Mar\u015f\u0131 okundu. Daha sonra bayraklar\u0131n g\u00f6ndere \u00e7ekilmesiyle KKTC Cumhurba\u015fkan\u0131 Ak\u0131nc\u0131, an\u0131t \u00f6zel defterini imzalad\u0131. Ak\u0131nc\u0131, deftere \u015funlar\u0131 yazd\u0131:<\/p>\n<p>\u201cAziz Atat\u00fcrk, 20 Temmuz Bar\u0131\u015f ve \u00d6zg\u00fcrl\u00fck Bayram\u0131\u2019n\u0131n 45. y\u0131l\u0131nda sizi bir kez daha sayg\u0131 ile an\u0131yoruz. \u0130lke ve devrimlerinizi ilk g\u00fcnden ve hi\u00e7bir zorlama olmadan benimsemi\u015f bir halk olarak K\u0131br\u0131s T\u00fcrk halk\u0131 laik ve demokratik kimli\u011fiyle yoluna devam etmektedir. Bilimi rehber edinerek \u00e7a\u011fda\u015f uygarl\u0131k hedefine ula\u015fmak i\u00e7in var g\u00fcc\u00fcyle u\u011fra\u015f vermektedir. Bir yandan kalk\u0131nma m\u00fccadelemizi s\u00fcrd\u00fcr\u00fcrken bir yandan da yine sizin yurtta bar\u0131\u015f d\u00fcnyada bar\u0131\u015f ilkenizi \u00f6z\u00fcmseyerek Ada\u2019m\u0131zda kal\u0131c\u0131 bar\u0131\u015f\u0131n sa\u011flanmas\u0131 i\u00e7in de \u00e7abalar\u0131m\u0131z\u0131 s\u00fcrd\u00fcrmekteyiz. Sizden ald\u0131\u011f\u0131m\u0131z \u0131\u015f\u0131kla yolumuza devam edece\u011fiz. Bu duygu ve d\u00fc\u015f\u00fcncelerle sizi bir kez daha sayg\u0131 ile an\u0131yoruz. Ruhunuz \u015fad olsun.\u201d<\/p>\n<p>Cumhurba\u015fkan\u0131 Yard\u0131mc\u0131s\u0131 Fuat Oktay da an\u0131t \u00f6zel defterini imzalad\u0131. Oktay, \u015funlar\u0131 ifade etti:<\/p>\n<p>\u201cAziz Atat\u00fcrk, K\u0131br\u0131s T\u00fcrk\u00fc\u2019n\u00fcn kahraman Mehmet\u00e7i\u011fimizle omuz omuza verdi\u011fi m\u00fccadele sonucu, uluslararas\u0131 hukuktan kaynaklanan vazge\u00e7ilmez haklar\u0131n\u0131n elinden al\u0131namayaca\u011f\u0131n\u0131 kan\u0131tlad\u0131\u011f\u0131 Bar\u0131\u015f Harekat\u0131\u2019n\u0131n 45\u2019inci y\u0131l d\u00f6n\u00fcm\u00fcnde manevi huzurunuzda bulunuyoruz. Ada\u2019n\u0131n e\u015fit sahibi olarak, \u00f6zg\u00fcrce varl\u0131\u011f\u0131n\u0131 s\u00fcrd\u00fcrmeyi hak eden, b\u00fcy\u00fck milletimizin ayr\u0131lmaz par\u00e7as\u0131 olan K\u0131br\u0131s T\u00fcrkleri, bug\u00fcne kadar oldu\u011fu gibi bundan sonra da her an T\u00fcrkiye Cumhuriyeti\u2019ni ve T\u00fcrk halk\u0131n\u0131 yanlar\u0131nda bulacakt\u0131r. Bu kararl\u0131l\u0131\u011f\u0131m\u0131z\u0131 bir kez daha tekrarl\u0131yor, aziz hat\u0131ran\u0131z\u0131 sayg\u0131yla an\u0131yoruz. Ruhunuz \u015fad olsun.\u201d<\/p>\n<p>K\u0131br\u0131s Bar\u0131\u015f Harekat\u0131\u2019n\u0131n 45. y\u0131l d\u00f6n\u00fcm\u00fc kutlamalar\u0131, Dr. Faz\u0131l K\u00fc\u00e7\u00fck Bulvar\u0131\u2019nda yap\u0131lacak etkinliklerle devam edecek.<\/p>\n","protected":false},"excerpt":{"rendered":"<p>KIBRIS BARI\u015e HAREK\u00c2TI\u2019NIN 45\u2019\u0130NC\u0130 YIL D\u00d6N\u00dcM\u00dc ETK\u0130NL\u0130KLER\u0130 KKTC CUMHURBA\u015eKANI MUSTAFA AKINCI VE T\u00dcRK\u0130YE CUMHURBA\u015eKANI YARDIMCISI FUAT OKTAY&#8217;IN ATAT\u00dcRK ANITI&#8217;NA \u00c7ELENK SUNMASI \u0130LE BA\u015eLADI.<\/p>\n","protected":false},"author":1,"featured_media":184426,"comment_status":"closed","ping_status":"open","sticky":false,"template":"","format":"standard","meta":{"jetpack_post_was_ever_published":false,"_jetpack_newsletter_access":"","_jetpack_dont_email_post_to_subs":false,"_jetpack_newsletter_tier_id":0,"_jetpack_memberships_contains_paywalled_content":false,"_jetpack_memberships_contains_paid_content":false,"footnotes":"","jetpack_publicize_message":"","jetpack_publicize_feature_enabled":true,"jetpack_social_post_already_shared":true,"jetpack_social_options":{"image_generator_settings":{"template":"highway","default_image_id":0,"font":"","enabled":false},"version":2}},"categories":[10],"tags":[14506,4256,55,6193,4716,17842,1148],"class_list":["post-184425","post","type-post","status-publish","format-standard","has-post-thumbnail","hentry","category-dunya","tag-ozgurluk","tag-baris","tag-basladi","tag-bayrami","tag-kktcde","tag-kutlamalari","tag-temmuz"],"jetpack_publicize_connections":[],"jetpack_featured_media_url":"https:\/\/i0.wp.com\/www.tvturk.com\/wp-content\/uploads\/2019\/07\/kktcde-20-temmuz-baris-ve-ozgurluk-bayrami-kutlamalari-basladi_1141fd3.jpg?fit=1000%2C666","jetpack_sharing_enabled":true,"jetpack_shortlink":"https:\/\/wp.me\/paKIfm-LYB","_links":{"self":[{"href":"http:\/\/www.tvturk.com\/index.php\/wp-json\/wp\/v2\/posts\/184425","targetHints":{"allow":["GET"]}}],"collection":[{"href":"http:\/\/www.tvturk.com\/index.php\/wp-json\/wp\/v2\/posts"}],"about":[{"href":"http:\/\/www.tvturk.com\/index.php\/wp-json\/wp\/v2\/types\/post"}],"author":[{"embeddable":true,"href":"http:\/\/www.tvturk.com\/index.php\/wp-json\/wp\/v2\/users\/1"}],"replies":[{"embeddable":true,"href":"http:\/\/www.tvturk.com\/index.php\/wp-json\/wp\/v2\/comments?post=184425"}],"version-history":[{"count":0,"href":"http:\/\/www.tvturk.com\/index.php\/wp-json\/wp\/v2\/posts\/184425\/revisions"}],"wp:featuredmedia":[{"embeddable":true,"href":"http:\/\/www.tvturk.com\/index.php\/wp-json\/wp\/v2\/media\/184426"}],"wp:attachment":[{"href":"http:\/\/www.tvturk.com\/index.php\/wp-json\/wp\/v2\/media?parent=184425"}],"wp:term":[{"taxonomy":"category","embeddable":true,"href":"http:\/\/www.tvturk.com\/index.php\/wp-json\/wp\/v2\/categories?post=184425"},{"taxonomy":"post_tag","embeddable":true,"href":"http:\/\/www.tvturk.com\/index.php\/wp-json\/wp\/v2\/tags?post=184425"}],"curies":[{"name":"wp","href":"https:\/\/api.w.org\/{rel}","templated":true}]}}