{"id":184469,"date":"2019-07-20T13:47:38","date_gmt":"2019-07-20T10:47:38","guid":{"rendered":"http:\/\/www.tvturk.com\/index.php\/acikogretim-bati-avrupa-programlari-yaz-okulu-kayit-yenileme-islemleri-basliyor\/"},"modified":"2019-07-20T13:47:38","modified_gmt":"2019-07-20T10:47:38","slug":"acikogretim-bati-avrupa-programlari-yaz-okulu-kayit-yenileme-islemleri-basliyor","status":"publish","type":"post","link":"http:\/\/www.tvturk.com\/index.php\/acikogretim-bati-avrupa-programlari-yaz-okulu-kayit-yenileme-islemleri-basliyor\/","title":{"rendered":"A\u00e7\u0131k\u00f6\u011fretim Bat\u0131 Avrupa Programlar\u0131 yaz okulu kay\u0131t yenileme i\u015flemleri ba\u015fl\u0131yor"},"content":{"rendered":"<p>Anadolu \u00dcniversitesi A\u00e7\u0131k\u00f6\u011fretim, \u0130ktisat ve \u0130\u015fletme Fak\u00fclteleri Bat\u0131 Avrupa Program\u0131 yaz okulu kay\u0131tlar\u0131, 22 Temmuz Pazartesi g\u00fcn\u00fc ba\u015fl\u0131yor.<\/p>\n<p>Yaz okuluna kay\u0131t yapt\u0131rmak isteyen Bat\u0131 Avrupa Program\u0131 \u00f6\u011frencileri, 26 Temmuz Cuma g\u00fcn\u00fcne kadar kay\u0131t yapt\u0131rabilecek. \u00d6\u011frenciler kay\u0131t i\u015flemlerini http:\/\/aof.anadolu.edu.tr adresindeki ders ekle-sil i\u015flemleri otomasyonu ba\u011flant\u0131s\u0131ndan ger\u00e7ekle\u015ftirebilecek.<\/p>\n<p>Kay\u0131t yeniletmeyenlere de yaz okulu f\u0131rsat\u0131<\/p>\n<p>2018-2019 \u00d6\u011fretim Y\u0131l\u0131 yaz okuluna kay\u0131t yapt\u0131racak \u00f6\u011frenciler en fazla be\u015f ders se\u00e7ebilecek. Yaz okuluna, g\u00fcz ve bahar d\u00f6nemi kay\u0131t yenileten veya yeniletmeyen, yar\u0131y\u0131l fark etmeksizin t\u00fcm Bat\u0131 Avrupa Program\u0131 \u00f6\u011frencileri kay\u0131t yapt\u0131rabilecek. Bu durum; pasif durumdaki \u00f6\u011frencilerin de yaz okuluna kay\u0131t yapt\u0131rabilece\u011fi anlam\u0131na geliyor. Bu \u00f6\u011frenciler her hangi bir g\u00fcz veya bahar d\u00f6neminde tekrar kay\u0131t yenilediklerinde aktif \u00f6\u011frenci olacaklar ve yaz okulunda ba\u015far\u0131l\u0131 olduklar\u0131 derslerden sorumlu olmayacaklar.<\/p>\n<p>\u00d6\u011frenciler, \u00fcst yar\u0131y\u0131l ya da alt yar\u0131y\u0131llardan hi\u00e7 almad\u0131klar\u0131 dersleri yaz okulunda alabilecekler. \u00d6\u011frenim g\u00f6rd\u00fc\u011f\u00fc programda FF harf notlu dersi veya dersleri olan \u00f6\u011frenciler, yaz okulunda bunlar\u0131 alabilecek. Genel Not Ortalamas\u0131 (GNO) 2,00\u2019\u0131n alt\u0131nda olan \u00f6\u011frenciler, ko\u015fullu ge\u00e7tikleri dersleri yani CD, DC ve DD harf notu ald\u0131klar\u0131 ders veya dersleri de yaz okulunda alabilecek. Yaz okuluna kay\u0131t yapt\u0131racak \u00f6\u011frenciler, derslerin yar\u0131y\u0131llar\u0131n\u0131 dikkate almadan ders se\u00e7imi yapabilecek.<\/p>\n<p>Yaz okuluna kay\u0131t yapt\u0131ran 3 ders s\u0131nav\u0131na giremeyecek<\/p>\n<p>Bat\u0131 Avrupa Programlar\u0131nda \u00f6\u011frenim g\u00f6ren \u00f6\u011frencilerin \u00fc\u00e7 ders s\u0131nav\u0131 ve yaz okulu aras\u0131nda se\u00e7im yapmalar\u0131 gerekiyor. \u00d6\u011frenciler yaz okulu ders se\u00e7im haftas\u0131nda, ders se\u00e7imi yapmadan \u00fc\u00e7 ders s\u0131nav\u0131na ya da yaz okulundan ders se\u00e7ip \u00f6deme yaparak yaz okulu s\u0131nav\u0131na kat\u0131labilecek.<\/p>\n<p>Ders ekle-sil i\u015flemi nas\u0131l yap\u0131l\u0131r?<\/p>\n<p>\u00dc\u00e7 a\u015famadan olu\u015facak ders ekle-sil i\u015fleminin ilk a\u015famas\u0131nda \u00f6\u011frencilerin, http:\/\/aof.anadolu.edu.tr adresi ders ekle-sil i\u015flemleri otomasyonu ba\u011flant\u0131s\u0131ndan T.C. kimlik\/\u00f6\u011frenci numaralar\u0131n\u0131 ve \u015fifrelerini girmeleri gerekecek. \u0130kinci a\u015famada ders ekle-sil i\u015flemi yaparak yaz okulunda almak istedi\u011finiz dersleri belirleyecek \u00f6\u011frencilerin, son a\u015famada ise yapt\u0131klar\u0131 ders ekle-sil i\u015flemlerini onaylatmalar\u0131 gerekecek. Yap\u0131lan ders ekle-sil i\u015flemini onaylamayan \u00f6\u011frencilerin i\u015flemleri ise ge\u00e7ersiz say\u0131lacak ve \u00fczerlerine ders atanmam\u0131\u015f say\u0131lacak. Birden fazla ders ekle-sil i\u015flemi yapan \u00f6\u011frencilerin, en son onaylad\u0131\u011f\u0131 ders ekle-sil i\u015flemi ge\u00e7erli olacak. Bat\u0131 Avrupa \u0130rtibat Ofisi taraf\u0131ndan \u201cKay\u0131t Yenileme Onay\u0131\u201d yap\u0131ld\u0131ktan sonra ise ders se\u00e7imi yap\u0131lmas\u0131 m\u00fcmk\u00fcn olmayacak.<\/p>\n","protected":false},"excerpt":{"rendered":"<p>ANADOLU \u00dcN\u0130VERS\u0130TES\u0130 A\u00c7IK\u00d6\u011eRET\u0130M, \u0130KT\u0130SAT VE \u0130\u015eLETME FAK\u00dcLTELER\u0130 BATI AVRUPA PROGRAMI YAZ OKULU KAYITLARI, 22 TEMMUZ PAZARTES\u0130 G\u00dcN\u00dc BA\u015eLIYOR<\/p>\n","protected":false},"author":1,"featured_media":184470,"comment_status":"closed","ping_status":"open","sticky":false,"template":"","format":"standard","meta":{"jetpack_post_was_ever_published":false,"_jetpack_newsletter_access":"","_jetpack_dont_email_post_to_subs":false,"_jetpack_newsletter_tier_id":0,"_jetpack_memberships_contains_paywalled_content":false,"_jetpack_memberships_contains_paid_content":false,"footnotes":"","jetpack_publicize_message":"","jetpack_publicize_feature_enabled":true,"jetpack_social_post_already_shared":true,"jetpack_social_options":{"image_generator_settings":{"template":"highway","default_image_id":0,"font":"","enabled":false},"version":2}},"categories":[1],"tags":[4018,18128,392,1647,15349,10755,2055,11836,183,3053],"class_list":["post-184469","post","type-post","status-publish","format-standard","has-post-thumbnail","hentry","category-genel","tag-bati","tag-acikogretim","tag-avrupa","tag-basliyor","tag-islemleri","tag-kayit","tag-okulu","tag-programlari","tag-yaz","tag-yenileme"],"jetpack_publicize_connections":[],"jetpack_featured_media_url":"https:\/\/i0.wp.com\/www.tvturk.com\/wp-content\/uploads\/2019\/07\/acikogretim-bati-avrupa-programlari-yaz-okulu-kayit-yenileme-islemleri-basliyor_505cfd3.jpg?fit=841%2C464","jetpack_sharing_enabled":true,"jetpack_shortlink":"https:\/\/wp.me\/paKIfm-LZj","_links":{"self":[{"href":"http:\/\/www.tvturk.com\/index.php\/wp-json\/wp\/v2\/posts\/184469","targetHints":{"allow":["GET"]}}],"collection":[{"href":"http:\/\/www.tvturk.com\/index.php\/wp-json\/wp\/v2\/posts"}],"about":[{"href":"http:\/\/www.tvturk.com\/index.php\/wp-json\/wp\/v2\/types\/post"}],"author":[{"embeddable":true,"href":"http:\/\/www.tvturk.com\/index.php\/wp-json\/wp\/v2\/users\/1"}],"replies":[{"embeddable":true,"href":"http:\/\/www.tvturk.com\/index.php\/wp-json\/wp\/v2\/comments?post=184469"}],"version-history":[{"count":0,"href":"http:\/\/www.tvturk.com\/index.php\/wp-json\/wp\/v2\/posts\/184469\/revisions"}],"wp:featuredmedia":[{"embeddable":true,"href":"http:\/\/www.tvturk.com\/index.php\/wp-json\/wp\/v2\/media\/184470"}],"wp:attachment":[{"href":"http:\/\/www.tvturk.com\/index.php\/wp-json\/wp\/v2\/media?parent=184469"}],"wp:term":[{"taxonomy":"category","embeddable":true,"href":"http:\/\/www.tvturk.com\/index.php\/wp-json\/wp\/v2\/categories?post=184469"},{"taxonomy":"post_tag","embeddable":true,"href":"http:\/\/www.tvturk.com\/index.php\/wp-json\/wp\/v2\/tags?post=184469"}],"curies":[{"name":"wp","href":"https:\/\/api.w.org\/{rel}","templated":true}]}}