{"id":184475,"date":"2019-07-20T14:01:50","date_gmt":"2019-07-20T11:01:50","guid":{"rendered":"http:\/\/www.tvturk.com\/index.php\/itfaiyenin-seferber-oldugu-guvercin-mahsur-kaldigi-balkondan-cikamamakta-inat-etti\/"},"modified":"2019-07-20T14:01:50","modified_gmt":"2019-07-20T11:01:50","slug":"itfaiyenin-seferber-oldugu-guvercin-mahsur-kaldigi-balkondan-cikamamakta-inat-etti","status":"publish","type":"post","link":"http:\/\/www.tvturk.com\/index.php\/itfaiyenin-seferber-oldugu-guvercin-mahsur-kaldigi-balkondan-cikamamakta-inat-etti\/","title":{"rendered":"\u0130tfaiyenin seferber oldu\u011fu g\u00fcvercin, mahsur kald\u0131\u011f\u0131 balkondan \u00e7\u0131kamamakta inat etti"},"content":{"rendered":"<p>Samsun\u2019da bir dairenin balkonuna giren ancak balkonda as\u0131l\u0131 olan file nedeniyle geri \u00e7\u0131kamayan g\u00fcvercin i\u00e7in itfaiye ekipleri seferber oldu. Ekipler g\u00fcvercinin \u00e7\u0131kmas\u0131 i\u00e7in fileyi gev\u015fetmesine ra\u011fmen g\u00fcvercinin bulundu\u011fu yerden \u00e7akmad\u0131.<\/p>\n<p>Olay, \u0130lkad\u0131m il\u00e7esi Hakk\u0131bey Sokak\u2019ta bulunan bir apartmanda meydana geldi. Edinilen bilgiye g\u00f6re, sahibi il d\u0131\u015f\u0131nda olan dairenin balkonuna giren bir g\u00fcvercin balkonda as\u0131l\u0131 bulunan fileden dolay\u0131 d\u0131\u015far\u0131 \u00e7\u0131kamad\u0131. Durumu fark eden vatanda\u015flar polis ve itfaiye ekiplerine haber verdi. Olay yerine gelen itfaiye ekipleri itfaiye merdiveni ile balkona \u00e7\u0131kt\u0131. \u0130tfaiye ekibi g\u00fcvercinin kolayl\u0131kla \u00e7\u0131kmas\u0131 i\u00e7in balkonda bulunan fileyi gev\u015fetti.<\/p>\n<p>G\u00fcvercin inat edince<\/p>\n<p>Herkes g\u00fcvercinin mahsur kald\u0131\u011f\u0131 balkondan \u00e7\u0131kmas\u0131n\u0131 beklerken g\u00fcvercinin inad\u0131 tuttu ve bo\u015fluk olmas\u0131na ra\u011fmen balkondan \u00e7\u0131kmak istemedi. Aradan yakla\u015f\u0131k yar\u0131m saat ge\u00e7mesine ra\u011fmen g\u00fcvercin balkondan \u00e7\u0131kmamakta inat edince ekipler olay yerinden ayr\u0131ld\u0131.<\/p>\n<p>Olay\u0131 anlatan Zafer Bozer, \u201cBu dairenin sahibi balkona ku\u015flar giriyor diye balkona file takt\u0131rd\u0131. G\u00fcvercin bir \u015fekilde balkona girdi ancak geri \u00e7\u0131kamad\u0131. Orada a\u00e7 susuz \u00e7\u0131rp\u0131n\u0131p duruyordu. Sonra itfaiyeye haber verdik. Geldiler fileyi a\u00e7t\u0131lar ama hala \u00e7\u0131kmad\u0131. \u0130n\u015fallah \u00e7\u0131kar\u201d dedi.<\/p>\n","protected":false},"excerpt":{"rendered":"<p>SAMSUN\u2019DA B\u0130R DA\u0130REN\u0130N BALKONUNA G\u0130REN ANCAK BALKONDA ASILI OLAN F\u0130LE NEDEN\u0130YLE GER\u0130 \u00c7IKAMAYAN G\u00dcVERC\u0130N \u0130\u00c7\u0130N \u0130TFA\u0130YE EK\u0130PLER\u0130 SEFERBER OLDU. EK\u0130PLER G\u00dcVERC\u0130N\u0130N \u00c7IKMASI \u0130\u00c7\u0130N F\u0130LEY\u0130 GEV\u015eETMES\u0130NE RA\u011eMEN G\u00dcVERC\u0130N\u0130N BULUNDU\u011eU YERDEN \u00c7IKMAMAKTA \u0130NAT ETMES\u0130 \u0130SE D\u0130KKAT \u00c7EKT\u0130.<\/p>\n","protected":false},"author":1,"featured_media":184476,"comment_status":"closed","ping_status":"open","sticky":false,"template":"","format":"standard","meta":{"jetpack_post_was_ever_published":false,"_jetpack_newsletter_access":"","_jetpack_dont_email_post_to_subs":false,"_jetpack_newsletter_tier_id":0,"_jetpack_memberships_contains_paywalled_content":false,"_jetpack_memberships_contains_paid_content":false,"footnotes":"","jetpack_publicize_message":"","jetpack_publicize_feature_enabled":true,"jetpack_social_post_already_shared":true,"jetpack_social_options":{"image_generator_settings":{"template":"highway","default_image_id":0,"font":"","enabled":false},"version":2}},"categories":[1],"tags":[847,45680,207,7580,15383,19963,6400,2381,1974,3577],"class_list":["post-184475","post","type-post","status-publish","format-standard","has-post-thumbnail","hentry","category-genel","tag-balkondan","tag-cikamamakta","tag-etti","tag-guvercin","tag-inat","tag-itfaiyenin","tag-kaldigi","tag-mahsur","tag-oldugu","tag-seferber"],"jetpack_publicize_connections":[],"jetpack_featured_media_url":"https:\/\/i0.wp.com\/www.tvturk.com\/wp-content\/uploads\/2019\/07\/itfaiyenin-seferber-oldugu-guvercin-mahsur-kaldigi-balkondan-cikamamakta-inat-etti_8fde58a.jpg?fit=1000%2C562","jetpack_sharing_enabled":true,"jetpack_shortlink":"https:\/\/wp.me\/paKIfm-LZp","_links":{"self":[{"href":"http:\/\/www.tvturk.com\/index.php\/wp-json\/wp\/v2\/posts\/184475","targetHints":{"allow":["GET"]}}],"collection":[{"href":"http:\/\/www.tvturk.com\/index.php\/wp-json\/wp\/v2\/posts"}],"about":[{"href":"http:\/\/www.tvturk.com\/index.php\/wp-json\/wp\/v2\/types\/post"}],"author":[{"embeddable":true,"href":"http:\/\/www.tvturk.com\/index.php\/wp-json\/wp\/v2\/users\/1"}],"replies":[{"embeddable":true,"href":"http:\/\/www.tvturk.com\/index.php\/wp-json\/wp\/v2\/comments?post=184475"}],"version-history":[{"count":0,"href":"http:\/\/www.tvturk.com\/index.php\/wp-json\/wp\/v2\/posts\/184475\/revisions"}],"wp:featuredmedia":[{"embeddable":true,"href":"http:\/\/www.tvturk.com\/index.php\/wp-json\/wp\/v2\/media\/184476"}],"wp:attachment":[{"href":"http:\/\/www.tvturk.com\/index.php\/wp-json\/wp\/v2\/media?parent=184475"}],"wp:term":[{"taxonomy":"category","embeddable":true,"href":"http:\/\/www.tvturk.com\/index.php\/wp-json\/wp\/v2\/categories?post=184475"},{"taxonomy":"post_tag","embeddable":true,"href":"http:\/\/www.tvturk.com\/index.php\/wp-json\/wp\/v2\/tags?post=184475"}],"curies":[{"name":"wp","href":"https:\/\/api.w.org\/{rel}","templated":true}]}}