{"id":184491,"date":"2019-07-20T14:17:19","date_gmt":"2019-07-20T11:17:19","guid":{"rendered":"http:\/\/www.tvturk.com\/index.php\/fenerbahce-yeni-sezon-hazirliklarini-surdurdu-3\/"},"modified":"2019-07-20T14:17:19","modified_gmt":"2019-07-20T11:17:19","slug":"fenerbahce-yeni-sezon-hazirliklarini-surdurdu-3","status":"publish","type":"post","link":"http:\/\/www.tvturk.com\/index.php\/fenerbahce-yeni-sezon-hazirliklarini-surdurdu-3\/","title":{"rendered":"Fenerbah\u00e7e yeni sezon haz\u0131rl\u0131klar\u0131n\u0131 s\u00fcrd\u00fcrd\u00fc"},"content":{"rendered":"<p>S\u00fcper Lig\u2019in yeni sezon haz\u0131rl\u0131klar\u0131na \u0130stanbul\u2019da devam eden Fenerbah\u00e7e \u00e7al\u0131\u015fmalar\u0131n\u0131 bu sabah yapt\u0131\u011f\u0131 antrenmanla s\u00fcrd\u00fcrd\u00fc.<\/p>\n<p>Fenerbah\u00e7e, yeni sezon haz\u0131rl\u0131klar\u0131n\u0131 Can Bartu Tesisleri\u2019nde sabah saatlerinde yapt\u0131\u011f\u0131 antrenmanla s\u00fcrd\u00fcrd\u00fc. Teknik Direkt\u00f6r Ersun Yanal y\u00f6netiminde ger\u00e7ekle\u015ftirilen antrenman saat 10.30\u2019da ba\u015flad\u0131. Antrenman\u0131n ilk yar\u0131m saatlik b\u00f6l\u00fcm\u00fcnde salonda sakatl\u0131k \u00f6nleyici \u00e7al\u0131\u015fmalar yap\u0131ld\u0131. Ard\u0131ndan sahaya ge\u00e7en futbolcular, antrenman\u0131 ko\u015fu, \u0131s\u0131nma ve koordinasyon hareketleriyle s\u00fcrd\u00fcrd\u00fc. 3 grup halinde yap\u0131lan 5\u2019e 2 top kapma ve pas \u00e7al\u0131\u015fmas\u0131yla devam eden idman; taktiksel ve bireysel \u00e7al\u0131\u015fmalarla noktaland\u0131.<\/p>\n<p>Fenerbah\u00e7e, yeni sezon haz\u0131rl\u0131klar\u0131na bug\u00fcn ak\u015fam saatlerinde yapaca\u011f\u0131 g\u00fcn\u00fcn ikinci antrenman\u0131yla devam edecek.<\/p>\n","protected":false},"excerpt":{"rendered":"<p>S\u00dcPER L\u0130G\u2019\u0130N YEN\u0130 SEZON HAZIRLIKLARINA \u0130STANBUL\u2019DA DEVAM EDEN FENERBAH\u00c7E \u00c7ALI\u015eMALARINI BU SABAH YAPTI\u011eI ANTRENMANLA S\u00dcRD\u00dcRD\u00dc.<\/p>\n","protected":false},"author":1,"featured_media":184492,"comment_status":"closed","ping_status":"open","sticky":false,"template":"","format":"standard","meta":{"jetpack_post_was_ever_published":false,"_jetpack_newsletter_access":"","_jetpack_dont_email_post_to_subs":false,"_jetpack_newsletter_tier_id":0,"_jetpack_memberships_contains_paywalled_content":false,"_jetpack_memberships_contains_paid_content":false,"footnotes":"","jetpack_publicize_message":"","jetpack_publicize_feature_enabled":true,"jetpack_social_post_already_shared":true,"jetpack_social_options":{"image_generator_settings":{"template":"highway","default_image_id":0,"font":"","enabled":false},"version":2}},"categories":[657],"tags":[2626,2628,4954,2629,87],"class_list":["post-184491","post","type-post","status-publish","format-standard","has-post-thumbnail","hentry","category-spor","tag-fenerbahce","tag-hazirliklarini","tag-sezon","tag-surdurdu","tag-yeni"],"jetpack_publicize_connections":[],"jetpack_featured_media_url":"https:\/\/i0.wp.com\/www.tvturk.com\/wp-content\/uploads\/2019\/07\/fenerbahce-yeni-sezon-hazirliklarini-surdurdu_de77400.jpg?fit=1000%2C720","jetpack_sharing_enabled":true,"jetpack_shortlink":"https:\/\/wp.me\/paKIfm-LZF","_links":{"self":[{"href":"http:\/\/www.tvturk.com\/index.php\/wp-json\/wp\/v2\/posts\/184491","targetHints":{"allow":["GET"]}}],"collection":[{"href":"http:\/\/www.tvturk.com\/index.php\/wp-json\/wp\/v2\/posts"}],"about":[{"href":"http:\/\/www.tvturk.com\/index.php\/wp-json\/wp\/v2\/types\/post"}],"author":[{"embeddable":true,"href":"http:\/\/www.tvturk.com\/index.php\/wp-json\/wp\/v2\/users\/1"}],"replies":[{"embeddable":true,"href":"http:\/\/www.tvturk.com\/index.php\/wp-json\/wp\/v2\/comments?post=184491"}],"version-history":[{"count":0,"href":"http:\/\/www.tvturk.com\/index.php\/wp-json\/wp\/v2\/posts\/184491\/revisions"}],"wp:featuredmedia":[{"embeddable":true,"href":"http:\/\/www.tvturk.com\/index.php\/wp-json\/wp\/v2\/media\/184492"}],"wp:attachment":[{"href":"http:\/\/www.tvturk.com\/index.php\/wp-json\/wp\/v2\/media?parent=184491"}],"wp:term":[{"taxonomy":"category","embeddable":true,"href":"http:\/\/www.tvturk.com\/index.php\/wp-json\/wp\/v2\/categories?post=184491"},{"taxonomy":"post_tag","embeddable":true,"href":"http:\/\/www.tvturk.com\/index.php\/wp-json\/wp\/v2\/tags?post=184491"}],"curies":[{"name":"wp","href":"https:\/\/api.w.org\/{rel}","templated":true}]}}