{"id":184501,"date":"2019-07-20T14:46:35","date_gmt":"2019-07-20T11:46:35","guid":{"rendered":"http:\/\/www.tvturk.com\/index.php\/konyali-sehit-son-yolculuguna-ugurlandi\/"},"modified":"2019-07-20T14:46:35","modified_gmt":"2019-07-20T11:46:35","slug":"konyali-sehit-son-yolculuguna-ugurlandi","status":"publish","type":"post","link":"http:\/\/www.tvturk.com\/index.php\/konyali-sehit-son-yolculuguna-ugurlandi\/","title":{"rendered":"Konyal\u0131 \u015fehit son yolculu\u011funa u\u011furland\u0131"},"content":{"rendered":"<p>Pen\u00e7e-2 Harekat\u0131 kapsam\u0131nda Irak\u2019\u0131n kuzeyinde PKK\u2019l\u0131 ter\u00f6ristlerle \u00e7\u0131kan \u00e7at\u0131\u015fmada \u015fehit olan Piyade Uzman Onba\u015f\u0131 Mustafa \u00dcnal, memleketi Konya\u2019n\u0131n \u00c7eltik il\u00e7esine ba\u011fl\u0131 Ka\u015f\u00f6ren Mahallesi\u2019nde son yolculu\u011funa u\u011furland\u0131.<\/p>\n<p>Irak\u2019\u0131n kuzeyinde PKK\u2019l\u0131 ter\u00f6ristlerle \u00e7\u0131kan \u00e7at\u0131\u015fmada \u015fehit olan Piyade Uzman Onba\u015f\u0131 Mustafa \u00dcnal\u2019\u0131n cenazesi \u00f6nce baba evine g\u00f6t\u00fcr\u00fcld\u00fc. Burada yap\u0131lan dua sonras\u0131 helallik al\u0131n\u0131rken \u015fehit Piyade Uzman Onba\u015f\u0131 Mustafa \u00dcnal\u2019\u0131n (24) cenazesi daha sonra cenaze namaz\u0131n\u0131n k\u0131l\u0131naca\u011f\u0131 Ka\u015f\u00f6ren Camisi\u2019ne getirildi. Bekar oldu\u011fu \u00f6\u011frenilen \u015fehit Mustafa \u00dcnal\u2019\u0131n babas\u0131 \u0130smail \u00dcnal ve yak\u0131nlar\u0131 bayra\u011fa sar\u0131l\u0131 tabutu ba\u015f\u0131nda bekledi.<\/p>\n<p>\u015eehit \u00dcnal i\u00e7in \u00f6\u011fle namaz\u0131n\u0131 m\u00fcteakip cenaze namaz\u0131 k\u0131l\u0131n\u0131rken cenaze namaz\u0131n\u0131n ard\u0131ndan \u015fehidin cenazesi mahalle mezarl\u0131\u011f\u0131na g\u00f6t\u00fcr\u00fclerek dualarla defnedildi. Konya Valisi C\u00fcneyit Orhan Toprak ve protokol mensuplar\u0131 da \u015fehidin babas\u0131 \u0130smail \u00dcnal\u2019a ba\u015fsa\u011fl\u0131\u011f\u0131 diledi.<\/p>\n<p>Cenaze t\u00f6renine, \u015fehidin ailesi, yak\u0131nlar\u0131, Konya Valisi C\u00fcneyit Orhan Toprak, Garnizon ve 3. Ana Jet \u00dcs Komutan\u0131 Tu\u011fgeneral Fidan Y\u00fcksel, belediye ba\u015fkanlar\u0131, protokol mensuplar\u0131 ve mahalle sakinleri kat\u0131ld\u0131.<\/p>\n","protected":false},"excerpt":{"rendered":"<p>PEN\u00c7E-2 HAREKATI KAPSAMINDA IRAK&#8217;IN KUZEY\u0130NDE PKK&#8217;LI TER\u00d6R\u0130STLERLE \u00c7IKAN \u00c7ATI\u015eMADA \u015eEH\u0130T OLAN P\u0130YADE UZMAN ONBA\u015eI MUSTAFA \u00dcNAL, MEMLEKET\u0130 KONYA\u2019NIN \u00c7ELT\u0130K \u0130L\u00c7ES\u0130NE BA\u011eLI KA\u015e\u00d6REN MAHALLES\u0130NDE SON YOLCULU\u011eUNA U\u011eURLANDI.<\/p>\n","protected":false},"author":1,"featured_media":184502,"comment_status":"closed","ping_status":"open","sticky":false,"template":"","format":"standard","meta":{"jetpack_post_was_ever_published":false,"_jetpack_newsletter_access":"","_jetpack_dont_email_post_to_subs":false,"_jetpack_newsletter_tier_id":0,"_jetpack_memberships_contains_paywalled_content":false,"_jetpack_memberships_contains_paid_content":false,"footnotes":"","jetpack_publicize_message":"","jetpack_publicize_feature_enabled":true,"jetpack_social_post_already_shared":true,"jetpack_social_options":{"image_generator_settings":{"template":"highway","default_image_id":0,"font":"","enabled":false},"version":2}},"categories":[1],"tags":[13700,237,1240,2516,2515],"class_list":["post-184501","post","type-post","status-publish","format-standard","has-post-thumbnail","hentry","category-genel","tag-konyali","tag-sehit","tag-son","tag-ugurlandi","tag-yolculuguna"],"jetpack_publicize_connections":[],"jetpack_featured_media_url":"https:\/\/i0.wp.com\/www.tvturk.com\/wp-content\/uploads\/2019\/07\/konyali-sehit-son-yolculuguna-ugurlandi_e07b4d5.jpg?fit=1000%2C666","jetpack_sharing_enabled":true,"jetpack_shortlink":"https:\/\/wp.me\/paKIfm-LZP","_links":{"self":[{"href":"http:\/\/www.tvturk.com\/index.php\/wp-json\/wp\/v2\/posts\/184501","targetHints":{"allow":["GET"]}}],"collection":[{"href":"http:\/\/www.tvturk.com\/index.php\/wp-json\/wp\/v2\/posts"}],"about":[{"href":"http:\/\/www.tvturk.com\/index.php\/wp-json\/wp\/v2\/types\/post"}],"author":[{"embeddable":true,"href":"http:\/\/www.tvturk.com\/index.php\/wp-json\/wp\/v2\/users\/1"}],"replies":[{"embeddable":true,"href":"http:\/\/www.tvturk.com\/index.php\/wp-json\/wp\/v2\/comments?post=184501"}],"version-history":[{"count":0,"href":"http:\/\/www.tvturk.com\/index.php\/wp-json\/wp\/v2\/posts\/184501\/revisions"}],"wp:featuredmedia":[{"embeddable":true,"href":"http:\/\/www.tvturk.com\/index.php\/wp-json\/wp\/v2\/media\/184502"}],"wp:attachment":[{"href":"http:\/\/www.tvturk.com\/index.php\/wp-json\/wp\/v2\/media?parent=184501"}],"wp:term":[{"taxonomy":"category","embeddable":true,"href":"http:\/\/www.tvturk.com\/index.php\/wp-json\/wp\/v2\/categories?post=184501"},{"taxonomy":"post_tag","embeddable":true,"href":"http:\/\/www.tvturk.com\/index.php\/wp-json\/wp\/v2\/tags?post=184501"}],"curies":[{"name":"wp","href":"https:\/\/api.w.org\/{rel}","templated":true}]}}