{"id":184511,"date":"2019-07-20T15:31:42","date_gmt":"2019-07-20T12:31:42","guid":{"rendered":"http:\/\/www.tvturk.com\/index.php\/mhpnin-lideri-bahceli-sehir-parkinin-acilisini-yapti\/"},"modified":"2019-07-20T15:31:42","modified_gmt":"2019-07-20T12:31:42","slug":"mhpnin-lideri-bahceli-sehir-parkinin-acilisini-yapti","status":"publish","type":"post","link":"http:\/\/www.tvturk.com\/index.php\/mhpnin-lideri-bahceli-sehir-parkinin-acilisini-yapti\/","title":{"rendered":"MHP\u2019nin lideri Bah\u00e7eli, \u015eehir Park\u0131\u2019n\u0131n a\u00e7\u0131l\u0131\u015f\u0131n\u0131 yapt\u0131"},"content":{"rendered":"<p>Milliyet\u00e7i Hareket Partisi (MHP) Genel Ba\u015fkan\u0131 Devlet Bah\u00e7eli Karab\u00fck Belediyesi taraf\u0131ndan Ta\u015fkesti Caddesi\u2019nde 21 bin metrekare alana yap\u0131lan \u015eehir Park\u0131\u2019n\u0131n a\u00e7\u0131l\u0131\u015f\u0131n\u0131 yapt\u0131.<\/p>\n<p>Karab\u00fck Belediyesi taraf\u0131ndan yap\u0131m\u0131 tamamlanan \u015eehir Park\u0131\u2019n\u0131n a\u00e7\u0131l\u0131\u015f\u0131 i\u00e7in t\u00f6ren d\u00fczenlendi. T\u00f6rene MHP Genel Ba\u015fkan\u0131 Bah\u00e7eli ve beraberindeki Genel Ba\u015fkan Yard\u0131mc\u0131lar\u0131, Karab\u00fck Belediye Ba\u015fkan\u0131 Rafet Vergili, MHP Karab\u00fck \u0130l Ba\u015fkan\u0131 Dr. Adem Kar, te\u015fkilat mensuplar\u0131, gaziler ve vatanda\u015flar kat\u0131ld\u0131.<\/p>\n<p>31 Mart Se\u00e7imlerinin ard\u0131ndan g\u00f6reve gelen belediye ba\u015fkanlar\u0131na y\u00f6nelik \u20193T\u2019 ad\u0131n\u0131 verdi\u011fi \u2019te\u015fekk\u00fcr, takdir ve tebrik\u2019 konulu ziyaret kapsam\u0131nda Karab\u00fck\u2019e gelen MHP Genel Ba\u015fkan\u0131 Devlet Bah\u00e7eli ve beraberindeki heyet yap\u0131lan duan\u0131n ard\u0131ndan a\u00e7\u0131l\u0131\u015f kurdelesini kesti. Daha sonra Bah\u00e7eli, alandaki mevcut bitki yap\u0131s\u0131n\u0131n ihya edilmesiyle olu\u015fturulan ve 500 metrekare sosyal tesis, restoran ve sat\u0131\u015f birimleri ile halk\u0131n u\u011frak noktalar\u0131ndan biri haline gelecek olan park\u0131 gezerek gazilerle ve vatanda\u015flarla foto\u011fraf \u00e7ektirdi.<\/p>\n<p>A\u00e7\u0131l\u0131\u015f\u0131n ard\u0131ndan Bah\u00e7eli, Bart\u0131n program\u0131 i\u00e7in Karab\u00fck\u2019ten ayr\u0131ld\u0131.<\/p>\n","protected":false},"excerpt":{"rendered":"<p>M\u0130LL\u0130YET\u00c7\u0130 HAREKET PART\u0130S\u0130 (MHP) GENEL BA\u015eKANI DEVLET BAH\u00c7EL\u0130  KARAB\u00dcK BELED\u0130YES\u0130 TARAFINDAN TA\u015eKEST\u0130 CADDES\u0130\u2019NDE 21 B\u0130N METREKARE ALANA YAPILAN \u015eEH\u0130R PARKI\u2019NIN A\u00c7ILI\u015eINI YAPTI.<\/p>\n","protected":false},"author":1,"featured_media":184512,"comment_status":"closed","ping_status":"open","sticky":false,"template":"","format":"standard","meta":{"jetpack_post_was_ever_published":false,"_jetpack_newsletter_access":"","_jetpack_dont_email_post_to_subs":false,"_jetpack_newsletter_tier_id":0,"_jetpack_memberships_contains_paywalled_content":false,"_jetpack_memberships_contains_paid_content":false,"footnotes":"","jetpack_publicize_message":"","jetpack_publicize_feature_enabled":true,"jetpack_social_post_already_shared":true,"jetpack_social_options":{"image_generator_settings":{"template":"highway","default_image_id":0,"font":"","enabled":false},"version":2}},"categories":[1],"tags":[7647,4549,1251,5944,45701,553,292],"class_list":["post-184511","post","type-post","status-publish","format-standard","has-post-thumbnail","hentry","category-genel","tag-acilisini","tag-bahceli","tag-lideri","tag-mhpnin","tag-parkinin","tag-sehir","tag-yapti"],"jetpack_publicize_connections":[],"jetpack_featured_media_url":"https:\/\/i0.wp.com\/www.tvturk.com\/wp-content\/uploads\/2019\/07\/mhpnin-lideri-bahceli-sehir-parkinin-acilisini-yapti_6bda8c9.jpg?fit=1000%2C616","jetpack_sharing_enabled":true,"jetpack_shortlink":"https:\/\/wp.me\/paKIfm-LZZ","_links":{"self":[{"href":"http:\/\/www.tvturk.com\/index.php\/wp-json\/wp\/v2\/posts\/184511","targetHints":{"allow":["GET"]}}],"collection":[{"href":"http:\/\/www.tvturk.com\/index.php\/wp-json\/wp\/v2\/posts"}],"about":[{"href":"http:\/\/www.tvturk.com\/index.php\/wp-json\/wp\/v2\/types\/post"}],"author":[{"embeddable":true,"href":"http:\/\/www.tvturk.com\/index.php\/wp-json\/wp\/v2\/users\/1"}],"replies":[{"embeddable":true,"href":"http:\/\/www.tvturk.com\/index.php\/wp-json\/wp\/v2\/comments?post=184511"}],"version-history":[{"count":0,"href":"http:\/\/www.tvturk.com\/index.php\/wp-json\/wp\/v2\/posts\/184511\/revisions"}],"wp:featuredmedia":[{"embeddable":true,"href":"http:\/\/www.tvturk.com\/index.php\/wp-json\/wp\/v2\/media\/184512"}],"wp:attachment":[{"href":"http:\/\/www.tvturk.com\/index.php\/wp-json\/wp\/v2\/media?parent=184511"}],"wp:term":[{"taxonomy":"category","embeddable":true,"href":"http:\/\/www.tvturk.com\/index.php\/wp-json\/wp\/v2\/categories?post=184511"},{"taxonomy":"post_tag","embeddable":true,"href":"http:\/\/www.tvturk.com\/index.php\/wp-json\/wp\/v2\/tags?post=184511"}],"curies":[{"name":"wp","href":"https:\/\/api.w.org\/{rel}","templated":true}]}}