{"id":184521,"date":"2019-07-20T16:02:32","date_gmt":"2019-07-20T13:02:32","guid":{"rendered":"http:\/\/www.tvturk.com\/index.php\/istanbul-bogazi-dev-organizasyona-hazir\/"},"modified":"2019-07-20T16:02:32","modified_gmt":"2019-07-20T13:02:32","slug":"istanbul-bogazi-dev-organizasyona-hazir","status":"publish","type":"post","link":"http:\/\/www.tvturk.com\/index.php\/istanbul-bogazi-dev-organizasyona-hazir\/","title":{"rendered":"\u0130stanbul Bo\u011faz\u0131 dev organizasyona haz\u0131r"},"content":{"rendered":"<p>Asya ve Avrupa k\u0131tas\u0131n\u0131 kula\u00e7larla birle\u015ftiren 31. Samsung Bo\u011fazi\u00e7i K\u0131talararas\u0131 Y\u00fczme Yar\u0131\u015f\u0131 yar\u0131n yap\u0131lacak. B\u00fcy\u00fck yar\u0131\u015f\u0131n bir g\u00fcn \u00f6ncesinde ger\u00e7ekle\u015ftirilen Show Swim etkinli\u011fi ile yar\u0131\u015f heyecan\u0131 ba\u015flad\u0131.<\/p>\n<p>59 \u00fclkeden 2 bin 400 ki\u015finin yar\u0131\u015faca\u011f\u0131 31. Samsung Bo\u011fazi\u00e7i K\u0131talararas\u0131 Y\u00fczme Yar\u0131\u015f\u0131 \u00f6ncesi d\u00fczenlenen Show Swim etkinli\u011fi Kuru\u00e7e\u015fme Cemil Topuzlu Park\u0131\u2019nda yap\u0131ld\u0131. Etkinli\u011fe Uluslararas\u0131 Olimpiyat Komitesi (IOC) Asba\u015fkan\u0131 ve T\u00fcrkiye Milli Olimpiyat Komitesi (TMOK) Ba\u015fkan\u0131 Prof. Dr. U\u011fur Erdener ve Samsung Electronics T\u00fcrkiye Ba\u015fkan\u0131 DaeHyun Kim ba\u015fta olmak \u00fczere pek \u00e7ok isim kat\u0131ld\u0131.<\/p>\n<p>5 k\u0131tay\u0131 y\u00fczerek ge\u00e7en atlet Bo\u011faz\u2019da kula\u00e7 att\u0131<\/p>\n<p>2009 y\u0131l\u0131nda 5 k\u0131tay\u0131 y\u00fczerek ge\u00e7en atlet Marcos Diaz ve WOWSA taraf\u0131ndan 2018 y\u0131l\u0131n\u0131n a\u00e7\u0131k su y\u00fcz\u00fcc\u00fcs\u00fc se\u00e7ilen Ion Lazarenco Tiron etkinli\u011fin onur konu\u011fuydu. Yar\u0131\u015f i\u00e7in Dominik Cumhuriyeti\u2019nden gelen Diaz ve ge\u00e7ti\u011fimiz g\u00fcnlerde Nobel Bar\u0131\u015f \u00d6d\u00fcl\u00fc\u2019ne de aday g\u00f6sterilen y\u00fcz\u00fcc\u00fc Lazarenco, Show Swim etkinli\u011fi i\u00e7in Bo\u011faz\u2019da y\u00fczd\u00fc. Ge\u00e7en senenin birincileri Hilal Zeyneb Sara\u00e7 ve Do\u011fukan Ula\u00e7 da etkinlikte yer ald\u0131.<\/p>\n<p>Her y\u0131l geleneksel olarak yar\u0131\u015ftan bir g\u00fcn \u00f6nce d\u00fczenlenen Show Swim kapsam\u0131nda yar\u0131\u015fa kat\u0131lacak y\u00fcz\u00fcc\u00fclere 6.5 kilometrelik parkur da tan\u0131t\u0131ld\u0131. Vapurlarla g\u00fczergah\u0131 gezen kat\u0131l\u0131mc\u0131lar yar\u0131\u015f kurallar\u0131 ve Bo\u011faz\u2019daki ak\u0131nt\u0131 rotalar\u0131 hakk\u0131nda bilgilendirildi.<\/p>\n","protected":false},"excerpt":{"rendered":"<p>ASYA VE AVRUPA KITASINI KULA\u00c7LARLA B\u0130RLE\u015eT\u0130REN 31. SAMSUNG BO\u011eAZ\u0130\u00c7\u0130 KITALARARASI Y\u00dcZME YARI\u015eI YARIN YAPILACAK. B\u00dcY\u00dcK YARI\u015eIN B\u0130R G\u00dcN \u00d6NCES\u0130NDE GER\u00c7EKLE\u015eT\u0130R\u0130LEN SHOW SW\u0130M ETK\u0130NL\u0130\u011e\u0130 \u0130LE YARI\u015e HEYECANI BA\u015eLADI.<\/p>\n","protected":false},"author":1,"featured_media":184522,"comment_status":"closed","ping_status":"open","sticky":false,"template":"","format":"standard","meta":{"jetpack_post_was_ever_published":false,"_jetpack_newsletter_access":"","_jetpack_dont_email_post_to_subs":false,"_jetpack_newsletter_tier_id":0,"_jetpack_memberships_contains_paywalled_content":false,"_jetpack_memberships_contains_paid_content":false,"footnotes":"","jetpack_publicize_message":"","jetpack_publicize_feature_enabled":true,"jetpack_social_post_already_shared":true,"jetpack_social_options":{"image_generator_settings":{"template":"highway","default_image_id":0,"font":"","enabled":false},"version":2}},"categories":[657],"tags":[16821,3017,4013,730,45704],"class_list":["post-184521","post","type-post","status-publish","format-standard","has-post-thumbnail","hentry","category-spor","tag-bogazi","tag-dev","tag-hazir","tag-istanbul","tag-organizasyona"],"jetpack_publicize_connections":[],"jetpack_featured_media_url":"https:\/\/i0.wp.com\/www.tvturk.com\/wp-content\/uploads\/2019\/07\/istanbul-bogazi-dev-organizasyona-hazir_d813fd1.jpg?fit=1000%2C666","jetpack_sharing_enabled":true,"jetpack_shortlink":"https:\/\/wp.me\/paKIfm-M09","_links":{"self":[{"href":"http:\/\/www.tvturk.com\/index.php\/wp-json\/wp\/v2\/posts\/184521","targetHints":{"allow":["GET"]}}],"collection":[{"href":"http:\/\/www.tvturk.com\/index.php\/wp-json\/wp\/v2\/posts"}],"about":[{"href":"http:\/\/www.tvturk.com\/index.php\/wp-json\/wp\/v2\/types\/post"}],"author":[{"embeddable":true,"href":"http:\/\/www.tvturk.com\/index.php\/wp-json\/wp\/v2\/users\/1"}],"replies":[{"embeddable":true,"href":"http:\/\/www.tvturk.com\/index.php\/wp-json\/wp\/v2\/comments?post=184521"}],"version-history":[{"count":0,"href":"http:\/\/www.tvturk.com\/index.php\/wp-json\/wp\/v2\/posts\/184521\/revisions"}],"wp:featuredmedia":[{"embeddable":true,"href":"http:\/\/www.tvturk.com\/index.php\/wp-json\/wp\/v2\/media\/184522"}],"wp:attachment":[{"href":"http:\/\/www.tvturk.com\/index.php\/wp-json\/wp\/v2\/media?parent=184521"}],"wp:term":[{"taxonomy":"category","embeddable":true,"href":"http:\/\/www.tvturk.com\/index.php\/wp-json\/wp\/v2\/categories?post=184521"},{"taxonomy":"post_tag","embeddable":true,"href":"http:\/\/www.tvturk.com\/index.php\/wp-json\/wp\/v2\/tags?post=184521"}],"curies":[{"name":"wp","href":"https:\/\/api.w.org\/{rel}","templated":true}]}}