{"id":184533,"date":"2019-07-20T16:46:32","date_gmt":"2019-07-20T13:46:32","guid":{"rendered":"http:\/\/www.tvturk.com\/index.php\/karacabeyin-degerleri-gun-yuzune-cikiyor\/"},"modified":"2019-07-20T16:46:32","modified_gmt":"2019-07-20T13:46:32","slug":"karacabeyin-degerleri-gun-yuzune-cikiyor","status":"publish","type":"post","link":"http:\/\/www.tvturk.com\/index.php\/karacabeyin-degerleri-gun-yuzune-cikiyor\/","title":{"rendered":"Karacabey\u2019in de\u011ferleri g\u00fcn y\u00fcz\u00fcne \u00e7\u0131k\u0131yor"},"content":{"rendered":"<p>Bal\u0131kesir \u00dcniversitesi Fen ve Edebiyat Fak\u00fcltesi Tarih B\u00f6l\u00fcm\u00fc\u2019n\u00fc birincilikle bitiren Karacabeyli Mehmet B\u0131ld\u0131rc\u0131n, lisans bitirme tezinde konu ald\u0131\u011f\u0131 \u2018Osmanl\u0131 D\u00f6neminde Mihali\u00e7 Kazas\u0131 ve \u0130skelesi\u2019\u2019 \u00e7al\u0131\u015fmas\u0131n\u0131 Belediye Ba\u015fkan\u0131 Ali \u00d6zkan\u2019la payla\u015ft\u0131. Bitirme tezi i\u00e7in haz\u0131rlad\u0131\u011f\u0131 \u00e7al\u0131\u015fmay\u0131 Karacabey ar\u015fivine de kazand\u0131rmay\u0131 hedefleyen B\u0131ld\u0131rc\u0131n, Belediye Ba\u015fkan\u0131 Ali \u00d6zkan ile bir araya geldi.<\/p>\n<p>Sahip oldu\u011fu birbirinden e\u015fsiz de\u011ferleriyle ad\u0131ndan s\u0131k\u00e7a s\u00f6z ettiren Karacabey\u2019in, yeni ara\u015ft\u0131rma konular\u0131yla farkl\u0131 zenginlikleri g\u00fcn y\u00fcz\u00fcne \u00e7\u0131kmaya devam ediyor. Bal\u0131kesir \u00dcniversitesi Fen ve Edebiyat Fak\u00fcltesi Tarih B\u00f6l\u00fcm\u00fc\u2019n\u00fc birincilikle bitiren Karacabeyli Mehmet B\u0131ld\u0131rc\u0131n, lisans bitirme tezinde \u2018Osmanl\u0131 D\u00f6neminde Mihali\u00e7 Kazas\u0131 ve \u0130skelesi\u2019\u2019 konusunu ara\u015ft\u0131rd\u0131 ve \u00e7arp\u0131c\u0131 bilgilere ula\u015ft\u0131. Belediye Ba\u015fkan\u0131 Ali \u00d6zkan ile bir araya gelen B\u0131ld\u0131rc\u0131n, \u00e7al\u0131\u015fmas\u0131 hakk\u0131nda bilgi verdi.<\/p>\n<p>Bitirme tezinde, Ba\u015fbakanl\u0131k Osmanl\u0131 ar\u015fivindeki s\u00e2ln\u00e2meler ve \u00e7e\u015fitli dok\u00fcmanlar\u0131 inceleme f\u0131rsat\u0131 buldu\u011funu belirten B\u0131ld\u0131rc\u0131n, \u201cMihali\u00e7 \u0130skelesi hi\u00e7 g\u00fcn y\u00fcz\u00fcne \u00e7\u0131kmam\u0131\u015f, ancak \u00f6nemli bir konu. Bu \u00e7al\u0131\u015fmamda ciddi bulgular elde ettim. Tarihimiz \u00e7ok zengin. Karadere \u00fczerinde \u0130skele K\u00f6y\u00fc ad\u0131nda bir yerle\u015fim ve burada \u00f6zellikle Mihali\u00e7\u2019in deniz yoluyla ticaretini destekleyen bir iskele mevcuttu. \u0130stanbul ve onun \u00fczerinden yurdun \u00e7e\u015fitli b\u00f6lgelerine Mihali\u00e7\u2019in \u00fcr\u00fcnleri da\u011f\u0131l\u0131yordu. Bu tarih\u00ee \u00f6nemi y\u00fcksek iskeleden g\u00fcn\u00fcm\u00fcze ula\u015fan kal\u0131nt\u0131lar aras\u0131nda, Dalyan G\u00f6l\u00fc civar\u0131ndaki g\u00fcmr\u00fck binas\u0131 ve Kocadere k\u0131y\u0131s\u0131nda bulunan iskele k\u00f6y\u00fcne ait oldu\u011fu d\u00fc\u015f\u00fcn\u00fclen Hac\u0131 Ahmet A\u011fa Camii kal\u0131nt\u0131lar\u0131 mevcut\u2019\u2019 dedi.<\/p>\n<p>Akademik kariyerine ayn\u0131 konu \u00fczerinden devam ederek, y\u00fcksek lisans ve doktora tezlerinde yine Karacabey tarihini ara\u015ft\u0131rmay\u0131 d\u00fc\u015f\u00fcnd\u00fc\u011f\u00fcn\u00fc belirten B\u0131ld\u0131rc\u0131n, kariyerine e\u011fitimci olarak devam etmeyi d\u00fc\u015f\u00fcnd\u00fc\u011f\u00fcn\u00fc s\u00f6yleyerek, bu a\u015famada \u00e7al\u0131\u015fmalar\u0131yla memleketi olan Karacabey\u2019in tarihine de \u0131\u015f\u0131k tutmak istedi\u011fini s\u00f6zlerine ekledi.<\/p>\n<p>\u201cDe\u011ferlerimizi ara\u015ft\u0131r\u0131yoruz\u201d<\/p>\n<p>Karacabey Belediye Ba\u015fkan\u0131 Ali \u00d6zkan da konuyla ilgili yapt\u0131\u011f\u0131 a\u00e7\u0131klamada,\u201cBizler, belediyemiz b\u00fcnyesinde bir ekip ile \u00e7e\u015fitli zamanlarda merkez ve k\u0131rsal mahallelerimizi gezerek somut ve soyut ar\u015fivimizi g\u00fcncelliyoruz, yeniliyoruz. Bu \u00e7al\u0131\u015fmalar\u0131m\u0131zda sadece tarihi eserlere y\u00f6nelik de\u011fil, k\u00fclt\u00fcr gelenek ve g\u00f6renek gibi ge\u00e7mi\u015fte kalan unutulmaya y\u00fcz tutmu\u015f somut ve soyut de\u011ferlerimizi ara\u015ft\u0131r\u0131yoruz. Mehmet karde\u015fimizde bu noktada bizlere \u0131\u015f\u0131k tutabilecek bir \u00e7al\u0131\u015fmay\u0131 tezinde konu edinmi\u015f. Bu \u00e7al\u0131\u015fmadan da g\u00f6r\u00fcyoruz ki, \u015fehrimiz ge\u00e7mi\u015fte de saray\u0131n ve \u0130stanbul\u2019un hub\u00fbbat ile et ihtiyac\u0131na cevap veriyormu\u015f. Bu g\u00fczel davran\u0131\u015f\u0131ndan \u00f6t\u00fcr\u00fc kendisine te\u015fekk\u00fcr ediyor, akademik kariyerinde ba\u015far\u0131lar diliyorum\u2019\u2019 dedi.<\/p>\n","protected":false},"excerpt":{"rendered":"<p>BALIKES\u0130R \u00dcN\u0130VERS\u0130TES\u0130 FEN VE EDEB\u0130YAT FAK\u00dcLTES\u0130 TAR\u0130H B\u00d6L\u00dcM\u00dc\u2019N\u00dc B\u0130R\u0130NC\u0130L\u0130KLE B\u0130T\u0130REN KARACABEYL\u0130 MEHMET BILDIRCIN, L\u0130SANS B\u0130T\u0130RME TEZ\u0130NDE KONU ALDI\u011eI \u2018OSMANLI D\u00d6NEM\u0130NDE M\u0130HAL\u0130\u00c7 KAZASI VE \u0130SKELES\u0130\u2019\u2019 \u00c7ALI\u015eMASINI BELED\u0130YE BA\u015eKANI AL\u0130 \u00d6ZKAN\u2019LA PAYLA\u015eTI.<\/p>\n","protected":false},"author":1,"featured_media":184534,"comment_status":"closed","ping_status":"open","sticky":false,"template":"","format":"standard","meta":{"jetpack_post_was_ever_published":false,"_jetpack_newsletter_access":"","_jetpack_dont_email_post_to_subs":false,"_jetpack_newsletter_tier_id":0,"_jetpack_memberships_contains_paywalled_content":false,"_jetpack_memberships_contains_paid_content":false,"footnotes":"","jetpack_publicize_message":"","jetpack_publicize_feature_enabled":true,"jetpack_social_post_already_shared":true,"jetpack_social_options":{"image_generator_settings":{"template":"highway","default_image_id":0,"font":"","enabled":false},"version":2}},"categories":[1],"tags":[2233,27986,2579,31553,14142],"class_list":["post-184533","post","type-post","status-publish","format-standard","has-post-thumbnail","hentry","category-genel","tag-cikiyor","tag-degerleri","tag-gun","tag-karacabeyin","tag-yuzune"],"jetpack_publicize_connections":[],"jetpack_featured_media_url":"https:\/\/i0.wp.com\/www.tvturk.com\/wp-content\/uploads\/2019\/07\/karacabeyin-degerleri-gun-yuzune-cikiyor_dc048e8.jpg?fit=1000%2C666","jetpack_sharing_enabled":true,"jetpack_shortlink":"https:\/\/wp.me\/paKIfm-M0l","_links":{"self":[{"href":"http:\/\/www.tvturk.com\/index.php\/wp-json\/wp\/v2\/posts\/184533","targetHints":{"allow":["GET"]}}],"collection":[{"href":"http:\/\/www.tvturk.com\/index.php\/wp-json\/wp\/v2\/posts"}],"about":[{"href":"http:\/\/www.tvturk.com\/index.php\/wp-json\/wp\/v2\/types\/post"}],"author":[{"embeddable":true,"href":"http:\/\/www.tvturk.com\/index.php\/wp-json\/wp\/v2\/users\/1"}],"replies":[{"embeddable":true,"href":"http:\/\/www.tvturk.com\/index.php\/wp-json\/wp\/v2\/comments?post=184533"}],"version-history":[{"count":0,"href":"http:\/\/www.tvturk.com\/index.php\/wp-json\/wp\/v2\/posts\/184533\/revisions"}],"wp:featuredmedia":[{"embeddable":true,"href":"http:\/\/www.tvturk.com\/index.php\/wp-json\/wp\/v2\/media\/184534"}],"wp:attachment":[{"href":"http:\/\/www.tvturk.com\/index.php\/wp-json\/wp\/v2\/media?parent=184533"}],"wp:term":[{"taxonomy":"category","embeddable":true,"href":"http:\/\/www.tvturk.com\/index.php\/wp-json\/wp\/v2\/categories?post=184533"},{"taxonomy":"post_tag","embeddable":true,"href":"http:\/\/www.tvturk.com\/index.php\/wp-json\/wp\/v2\/tags?post=184533"}],"curies":[{"name":"wp","href":"https:\/\/api.w.org\/{rel}","templated":true}]}}