{"id":184537,"date":"2019-07-20T17:01:31","date_gmt":"2019-07-20T14:01:31","guid":{"rendered":"http:\/\/www.tvturk.com\/index.php\/turk-diplomatinin-katili-yakalandi\/"},"modified":"2019-07-20T17:01:31","modified_gmt":"2019-07-20T14:01:31","slug":"turk-diplomatinin-katili-yakalandi","status":"publish","type":"post","link":"http:\/\/www.tvturk.com\/index.php\/turk-diplomatinin-katili-yakalandi\/","title":{"rendered":"T\u00fcrk diplomat\u0131n\u0131n katili yakaland\u0131"},"content":{"rendered":"<p>Irak K\u00fcrt B\u00f6lgesel Y\u00f6netimi (IKBY) ge\u00e7ti\u011fimiz \u00c7ar\u015famba g\u00fcn\u00fc Erbil\u2019de ger\u00e7ekle\u015fen ve T\u00fcrk diplomat\u0131n \u00f6ld\u00fcr\u00fclmesinden sorumlu olan katilinin yakaland\u0131\u011f\u0131n\u0131 duyurdu.<\/p>\n<p>Irak K\u00fcrt B\u00f6lgesel Y\u00f6netimi Emniyet M\u00fcd\u00fcrl\u00fc\u011f\u00fcne ba\u011fl\u0131 Ter\u00f6rle M\u00fccadele birimince yap\u0131lan a\u00e7\u0131klamada T\u00fcrk diplomat Osman K\u00f6se\u2019ye suikast d\u00fczenleyen Mazlum Da\u011f\u2019\u0131n Erbil\u2019de yakaland\u0131\u011f\u0131 kaydedildi.<\/p>\n<p>Erbil Emniyet M\u00fcd\u00fcrl\u00fc\u011f\u00fcnce foto\u011fraf\u0131 yay\u0131nlanan Mazlum Da\u011f\u2019\u0131n yakaland\u0131\u011f\u0131 belirtilen a\u00e7\u0131klamada konuyla ilgili detayl\u0131 bilgilerin daha sonra yap\u0131laca\u011f\u0131n\u0131 vurguland\u0131.<\/p>\n<p>Erbil\u2019de ge\u00e7ti\u011fimiz \u00c7ar\u015famba g\u00fcn\u00fc bir restorana d\u00fczenlenen sald\u0131r\u0131da bir T\u00fcrk diplomat\u0131n\u0131n yan\u0131 s\u0131ra 2 Irak vatanda\u015f da hayat\u0131n\u0131 kaybetmi\u015fti.<\/p>\n","protected":false},"excerpt":{"rendered":"<p>IRAK K\u00dcRT B\u00d6LGESEL Y\u00d6NET\u0130M\u0130 (IKBY) GE\u00c7T\u0130\u011e\u0130M\u0130Z \u00c7AR\u015eAMBA G\u00dcN\u00dc ERB\u0130L\u2019DE GER\u00c7EKLE\u015eEN VE T\u00dcRK D\u0130PLOMATIN \u00d6LD\u00dcR\u00dcLMES\u0130NDEN SORUMLU OLAN KAT\u0130L\u0130N\u0130N YAKALANDI\u011eINI DUYURDU.<\/p>\n","protected":false},"author":1,"featured_media":184538,"comment_status":"closed","ping_status":"open","sticky":false,"template":"","format":"standard","meta":{"jetpack_post_was_ever_published":false,"_jetpack_newsletter_access":"","_jetpack_dont_email_post_to_subs":false,"_jetpack_newsletter_tier_id":0,"_jetpack_memberships_contains_paywalled_content":false,"_jetpack_memberships_contains_paid_content":false,"footnotes":"","jetpack_publicize_message":"","jetpack_publicize_feature_enabled":true,"jetpack_social_post_already_shared":true,"jetpack_social_options":{"image_generator_settings":{"template":"highway","default_image_id":0,"font":"","enabled":false},"version":2}},"categories":[10],"tags":[45710,3802,957,1010],"class_list":["post-184537","post","type-post","status-publish","format-standard","has-post-thumbnail","hentry","category-dunya","tag-diplomatinin","tag-katili","tag-turk","tag-yakalandi"],"jetpack_publicize_connections":[],"jetpack_featured_media_url":"https:\/\/i0.wp.com\/www.tvturk.com\/wp-content\/uploads\/2019\/07\/turk-diplomatinin-katili-yakalandi_82bbac1.jpg?fit=460%2C299","jetpack_sharing_enabled":true,"jetpack_shortlink":"https:\/\/wp.me\/paKIfm-M0p","_links":{"self":[{"href":"http:\/\/www.tvturk.com\/index.php\/wp-json\/wp\/v2\/posts\/184537","targetHints":{"allow":["GET"]}}],"collection":[{"href":"http:\/\/www.tvturk.com\/index.php\/wp-json\/wp\/v2\/posts"}],"about":[{"href":"http:\/\/www.tvturk.com\/index.php\/wp-json\/wp\/v2\/types\/post"}],"author":[{"embeddable":true,"href":"http:\/\/www.tvturk.com\/index.php\/wp-json\/wp\/v2\/users\/1"}],"replies":[{"embeddable":true,"href":"http:\/\/www.tvturk.com\/index.php\/wp-json\/wp\/v2\/comments?post=184537"}],"version-history":[{"count":0,"href":"http:\/\/www.tvturk.com\/index.php\/wp-json\/wp\/v2\/posts\/184537\/revisions"}],"wp:featuredmedia":[{"embeddable":true,"href":"http:\/\/www.tvturk.com\/index.php\/wp-json\/wp\/v2\/media\/184538"}],"wp:attachment":[{"href":"http:\/\/www.tvturk.com\/index.php\/wp-json\/wp\/v2\/media?parent=184537"}],"wp:term":[{"taxonomy":"category","embeddable":true,"href":"http:\/\/www.tvturk.com\/index.php\/wp-json\/wp\/v2\/categories?post=184537"},{"taxonomy":"post_tag","embeddable":true,"href":"http:\/\/www.tvturk.com\/index.php\/wp-json\/wp\/v2\/tags?post=184537"}],"curies":[{"name":"wp","href":"https:\/\/api.w.org\/{rel}","templated":true}]}}