{"id":184543,"date":"2019-07-20T17:16:12","date_gmt":"2019-07-20T14:16:12","guid":{"rendered":"http:\/\/www.tvturk.com\/index.php\/turkiyenin-de-katilimiyla-gurcistanda-cok-uluslu-askeri-tatbikat-duzenlenecek\/"},"modified":"2019-07-20T17:16:12","modified_gmt":"2019-07-20T14:16:12","slug":"turkiyenin-de-katilimiyla-gurcistanda-cok-uluslu-askeri-tatbikat-duzenlenecek","status":"publish","type":"post","link":"http:\/\/www.tvturk.com\/index.php\/turkiyenin-de-katilimiyla-gurcistanda-cok-uluslu-askeri-tatbikat-duzenlenecek\/","title":{"rendered":"T\u00fcrkiye\u2019nin de kat\u0131l\u0131m\u0131yla G\u00fcrcistan\u2019da \u00e7ok uluslu askeri tatbikat d\u00fczenlenecek"},"content":{"rendered":"<p>T\u00fcrkiye\u2019nin de kat\u0131l\u0131m\u0131yla G\u00fcrcistan\u2019da NATO\u2019nun \u00e7ok uluslu askeri tatbikat\u0131 \u201cAgile Spirit 2019\u201d d\u00fczenlenecek.<\/p>\n<p>T\u00fcrkiye\u2019nin de kat\u0131l\u0131mc\u0131 \u00fclke olarak yer alaca\u011f\u0131 \u00e7ok uluslu NATO tatbikat\u0131 \u201cAgile Spirit 2019\u201d, G\u00fcrcistan\u2019\u0131n Orfolo ve Vaziani askeri \u00fcslerinde 27 Temmuz tarihinde ba\u015flayacak. G\u00fcrcistan Savunma Bakanl\u0131\u011f\u0131n\u0131n resmi internet sitesinde yap\u0131lan yaz\u0131l\u0131 a\u00e7\u0131klamada, bu y\u0131l d\u00fczenlenecek olan Agile Spirit 2019 tatbikat\u0131n\u0131n amac\u0131, kat\u0131l\u0131mc\u0131 \u00fclkeler aras\u0131nda askeri i\u015fbirli\u011fini g\u00fc\u00e7lendirmek, \u00e7ok uluslu ko\u015fullar\u0131n planlanmas\u0131 ve uygulanmas\u0131nda operasyonel kapasiteyi artt\u0131rmak, m\u00fcttefik \u00fclkelerle y\u00f6netim ara\u00e7lar\u0131 geli\u015ftirmek ve Karadeniz b\u00f6lgesinin istikrar ve g\u00fcvenli\u011fine katk\u0131da bulunmak oldu\u011fu kaydedildi.<\/p>\n<p>3 bin askeri personel kat\u0131lacak<\/p>\n<p>A\u00e7\u0131klamada, \u201cBu y\u0131lki s\u00f6z konusu olan \u00e7ok uluslu askeri tatbikat, 2\u2019nci Piyade Tugay\u0131, Orfolo ve Vaziani askeri \u00fcsleri dahil olmak \u00fczere \u00fc\u00e7 farkl\u0131 alanda ger\u00e7ekle\u015ftirilecek. Askeri tatbikatlarda NATO \u00fcyesi ve ortak \u00fclkeler; G\u00fcrcistan, T\u00fcrkiye, ABD, \u0130ngiltere, Letonya, Litvanya, Polonya, Norve\u00e7, Bel\u00e7ika, Bulgaristan, Yunanistan, Karada\u011f, Romanya ve Ukrayna\u2019dan 3 bin askeri personel kat\u0131lacak.<\/p>\n<p>G\u00fcrcistan\u2019\u0131n ev sahipli\u011findeki \u00e7ok uluslu tatbikat\u0131n senaryosunun, ekip, e\u011fitim ve saha e\u011fitimi, ortak operasyonlarda m\u00fccadele ve destek unsurlar\u0131 i\u00e7erdi\u011fi belirtildi. Tatbikat 9 A\u011fustos\u2019ta bitecek.<\/p>\n","protected":false},"excerpt":{"rendered":"<p>T\u00dcRK\u0130YE&#8217;N\u0130N DE KATILIMIYLA G\u00dcRC\u0130STAN&#8217;DA NATO&#8217;NUN \u00c7OK ULUSLU ASKER\u0130 TATB\u0130KATI \u201cAG\u0130LE SP\u0130R\u0130T 2019\u201d D\u00dcZENLENECEK.<\/p>\n","protected":false},"author":1,"featured_media":184544,"comment_status":"closed","ping_status":"open","sticky":false,"template":"","format":"standard","meta":{"jetpack_post_was_ever_published":false,"_jetpack_newsletter_access":"","_jetpack_dont_email_post_to_subs":false,"_jetpack_newsletter_tier_id":0,"_jetpack_memberships_contains_paywalled_content":false,"_jetpack_memberships_contains_paid_content":false,"footnotes":"","jetpack_publicize_message":"","jetpack_publicize_feature_enabled":true,"jetpack_social_post_already_shared":true,"jetpack_social_options":{"image_generator_settings":{"template":"highway","default_image_id":0,"font":"","enabled":false},"version":2}},"categories":[10],"tags":[1170,105,4842,955,12932,19116,177,40773],"class_list":["post-184543","post","type-post","status-publish","format-standard","has-post-thumbnail","hentry","category-dunya","tag-askeri","tag-cok","tag-duzenlenecek","tag-gurcistanda","tag-katilimiyla","tag-tatbikat","tag-turkiyenin","tag-uluslu"],"jetpack_publicize_connections":[],"jetpack_featured_media_url":"https:\/\/i0.wp.com\/www.tvturk.com\/wp-content\/uploads\/2019\/07\/turkiyenin-de-katilimiyla-gurcistanda-cok-uluslu-askeri-tatbikat-duzenlenecek_2f81e6a.jpg?fit=750%2C422","jetpack_sharing_enabled":true,"jetpack_shortlink":"https:\/\/wp.me\/paKIfm-M0v","_links":{"self":[{"href":"http:\/\/www.tvturk.com\/index.php\/wp-json\/wp\/v2\/posts\/184543","targetHints":{"allow":["GET"]}}],"collection":[{"href":"http:\/\/www.tvturk.com\/index.php\/wp-json\/wp\/v2\/posts"}],"about":[{"href":"http:\/\/www.tvturk.com\/index.php\/wp-json\/wp\/v2\/types\/post"}],"author":[{"embeddable":true,"href":"http:\/\/www.tvturk.com\/index.php\/wp-json\/wp\/v2\/users\/1"}],"replies":[{"embeddable":true,"href":"http:\/\/www.tvturk.com\/index.php\/wp-json\/wp\/v2\/comments?post=184543"}],"version-history":[{"count":0,"href":"http:\/\/www.tvturk.com\/index.php\/wp-json\/wp\/v2\/posts\/184543\/revisions"}],"wp:featuredmedia":[{"embeddable":true,"href":"http:\/\/www.tvturk.com\/index.php\/wp-json\/wp\/v2\/media\/184544"}],"wp:attachment":[{"href":"http:\/\/www.tvturk.com\/index.php\/wp-json\/wp\/v2\/media?parent=184543"}],"wp:term":[{"taxonomy":"category","embeddable":true,"href":"http:\/\/www.tvturk.com\/index.php\/wp-json\/wp\/v2\/categories?post=184543"},{"taxonomy":"post_tag","embeddable":true,"href":"http:\/\/www.tvturk.com\/index.php\/wp-json\/wp\/v2\/tags?post=184543"}],"curies":[{"name":"wp","href":"https:\/\/api.w.org\/{rel}","templated":true}]}}