{"id":184549,"date":"2019-07-20T17:32:28","date_gmt":"2019-07-20T14:32:28","guid":{"rendered":"http:\/\/www.tvturk.com\/index.php\/trabzonspora-linzde-coskulu-karsilama\/"},"modified":"2019-07-20T17:32:28","modified_gmt":"2019-07-20T14:32:28","slug":"trabzonspora-linzde-coskulu-karsilama","status":"publish","type":"post","link":"http:\/\/www.tvturk.com\/index.php\/trabzonspora-linzde-coskulu-karsilama\/","title":{"rendered":"Trabzonspor\u2019a Linz\u2019de co\u015fkulu kar\u015f\u0131lama"},"content":{"rendered":"<p>Yeni sezon haz\u0131rl\u0131klar\u0131na 3 Temmuz\u2019da Trabzon\u2019da ba\u015flayan ve ilk etap \u00e7al\u0131\u015fmalar\u0131n\u0131 17 Temmuz\u2019da tamamlayan Trabzonspor, 2. etap kamp \u00e7al\u0131\u015fmalar\u0131 i\u00e7in geldi\u011fi Avusturya\u2019n\u0131n Linz \u015fehrinde gurbet\u00e7i taraftarlar taraf\u0131ndan co\u015fkuyla kar\u015f\u0131land\u0131.<\/p>\n<p>Trabzonspor, yeni sezon haz\u0131rl\u0131klar\u0131 kapsam\u0131nda 2. etap kamp \u00e7al\u0131\u015fmalar\u0131n\u0131 ger\u00e7ekle\u015ftirmek \u00fczere Avusturya\u2019n\u0131n Linz \u015fehrine geldi. Linz Blue Danube Havaalan\u0131\u2019na inen bordo-mavili tak\u0131m\u0131, gurbet\u00e7i taraftarlar co\u015fkuyla kar\u015f\u0131lad\u0131. Ba\u015fkan Ahmet A\u011fao\u011flu\u2019na taraftarlar yo\u011fun ilgi g\u00f6sterirken,  Fenerbah\u00e7e ve Be\u015fikta\u015fl\u0131 futbolseverlerin de Trabzonspor kafilesini kar\u015f\u0131lamas\u0131 renkli g\u00f6r\u00fcnt\u00fclerin ya\u015fanmas\u0131na neden oldu.<\/p>\n<p>Yusuf Yaz\u0131c\u0131ya b\u00fcy\u00fck ilgi<\/p>\n<p>Karadeniz ekibinin y\u0131ld\u0131z oyuncusu Yusuf Yaz\u0131c\u0131\u2019ya Linz\u2019de b\u00fcy\u00fck ilgi vard\u0131. Yusuf\u2019un havaalan\u0131ndan \u00e7\u0131k\u0131\u015f\u0131 s\u0131ras\u0131nda taraftarlar, \u2019\u015eampiyon yapmadan gitme, seneye gidersin\u2019, \u2019Sana Fransa yak\u0131\u015fmaz, \u0130spanya ve \u0130ngiltere yak\u0131\u015f\u0131r\u2019 diyerek oyuncunun tak\u0131mda kalmas\u0131 y\u00f6n\u00fcnde tezah\u00fcratlarda bulundu.<\/p>\n<p>Sevgi g\u00f6sterileri aras\u0131nda konaklayaca\u011f\u0131 otele do\u011fru hareket eden Trabzonspor, Avusturya\u2019daki ilk \u00e7al\u0131\u015fmas\u0131n\u0131 ise bu ak\u015fam yapacak.<\/p>\n","protected":false},"excerpt":{"rendered":"<p>SEZONA 3 TEMMUZ&#8217;DA TRABZON&#8217;DAK\u0130 KEND\u0130 TES\u0130SLER\u0130NDE BA\u015eLAYAN VE \u0130LK ETAP \u00c7ALI\u015eMALARINI 17 TEMMUZ&#8217;DA TAMAMLAYAN TRABZONSPOR, 2. ETAP KAMP \u00c7ALI\u015eMALARI \u0130\u00c7\u0130N GELD\u0130\u011e\u0130 AVUSTURYA&#8217;NIN L\u0130NZ \u015eEHR\u0130NDE GURBET\u00c7\u0130 TARAFTARLAR CO\u015eKUYLA KAR\u015eILADI.<\/p>\n","protected":false},"author":1,"featured_media":184550,"comment_status":"closed","ping_status":"open","sticky":false,"template":"","format":"standard","meta":{"jetpack_post_was_ever_published":false,"_jetpack_newsletter_access":"","_jetpack_dont_email_post_to_subs":false,"_jetpack_newsletter_tier_id":0,"_jetpack_memberships_contains_paywalled_content":false,"_jetpack_memberships_contains_paid_content":false,"footnotes":"","jetpack_publicize_message":"","jetpack_publicize_feature_enabled":true,"jetpack_social_post_already_shared":true,"jetpack_social_options":{"image_generator_settings":{"template":"highway","default_image_id":0,"font":"","enabled":false},"version":2}},"categories":[657],"tags":[679,680,45714,14329],"class_list":["post-184549","post","type-post","status-publish","format-standard","has-post-thumbnail","hentry","category-spor","tag-coskulu","tag-karsilama","tag-linzde","tag-trabzonspora"],"jetpack_publicize_connections":[],"jetpack_featured_media_url":"https:\/\/i0.wp.com\/www.tvturk.com\/wp-content\/uploads\/2019\/07\/trabzonspora-linzde-coskulu-karsilama_8c873a3.jpg?fit=1000%2C608","jetpack_sharing_enabled":true,"jetpack_shortlink":"https:\/\/wp.me\/paKIfm-M0B","_links":{"self":[{"href":"http:\/\/www.tvturk.com\/index.php\/wp-json\/wp\/v2\/posts\/184549","targetHints":{"allow":["GET"]}}],"collection":[{"href":"http:\/\/www.tvturk.com\/index.php\/wp-json\/wp\/v2\/posts"}],"about":[{"href":"http:\/\/www.tvturk.com\/index.php\/wp-json\/wp\/v2\/types\/post"}],"author":[{"embeddable":true,"href":"http:\/\/www.tvturk.com\/index.php\/wp-json\/wp\/v2\/users\/1"}],"replies":[{"embeddable":true,"href":"http:\/\/www.tvturk.com\/index.php\/wp-json\/wp\/v2\/comments?post=184549"}],"version-history":[{"count":0,"href":"http:\/\/www.tvturk.com\/index.php\/wp-json\/wp\/v2\/posts\/184549\/revisions"}],"wp:featuredmedia":[{"embeddable":true,"href":"http:\/\/www.tvturk.com\/index.php\/wp-json\/wp\/v2\/media\/184550"}],"wp:attachment":[{"href":"http:\/\/www.tvturk.com\/index.php\/wp-json\/wp\/v2\/media?parent=184549"}],"wp:term":[{"taxonomy":"category","embeddable":true,"href":"http:\/\/www.tvturk.com\/index.php\/wp-json\/wp\/v2\/categories?post=184549"},{"taxonomy":"post_tag","embeddable":true,"href":"http:\/\/www.tvturk.com\/index.php\/wp-json\/wp\/v2\/tags?post=184549"}],"curies":[{"name":"wp","href":"https:\/\/api.w.org\/{rel}","templated":true}]}}