{"id":184551,"date":"2019-07-20T17:46:32","date_gmt":"2019-07-20T14:46:32","guid":{"rendered":"http:\/\/www.tvturk.com\/index.php\/kumluca-sahilinde-yarali-caretta-caretta-bulundu\/"},"modified":"2019-07-20T17:46:32","modified_gmt":"2019-07-20T14:46:32","slug":"kumluca-sahilinde-yarali-caretta-caretta-bulundu","status":"publish","type":"post","link":"http:\/\/www.tvturk.com\/index.php\/kumluca-sahilinde-yarali-caretta-caretta-bulundu\/","title":{"rendered":"Kumluca sahilinde yaral\u0131 caretta caretta bulundu"},"content":{"rendered":"<p>Antalya\u2019n\u0131n Kumluca il\u00e7esinde bal\u0131k avlamak i\u00e7in sahile giden vatanda\u015f taraf\u0131ndan yaral\u0131 caretta caretta bulundu. Yaral\u0131 kaplumba\u011fa, tedaviye g\u00f6t\u00fcr\u00fclmek i\u00e7in araca konulmak \u00fczereyken telef oldu. Ba\u015f\u0131ndan a\u011f\u0131r yaralanan kaplumba\u011faya bir teknenin \u00e7arpm\u0131\u015f olabilece\u011fi ihtimali \u00fczerinde duruluyor.<\/p>\n<p>Edinilen bilgiye g\u00f6re, Kumluca Kum Mahallesi Obalar mevkiine bal\u0131k avlamak i\u00e7in giden Serdar Sar\u0131 adl\u0131 vatanda\u015f yaral\u0131 bir caretta kaplumba\u011fas\u0131 ile kar\u015f\u0131la\u015ft\u0131. Serdar Sar\u0131, Kumluca Belediyesi \u00c7evre Koruma ve Kontrol M\u00fcd\u00fcrl\u00fc\u011f\u00fc Veteriner Hekimi Sinan Ulusoy\u2019u arad\u0131. Ulusoy, yaral\u0131 kaplumba\u011fay\u0131 muayene etti. Ulusoy kaplumba\u011fan\u0131n yaras\u0131n\u0131n b\u00fcy\u00fck oldu\u011funu g\u00f6r\u00fcnce, Do\u011fa Koruma ve Milli Parklar Finike \u015eefli\u011fini arad\u0131. \u015eeflikte bulunan ekipler de Kumluca sahiline gelerek kaplumba\u011fan\u0131n yaras\u0131n\u0131 kontrol etti. Ekipler, yaral\u0131 kaplumba\u011fay\u0131 Mu\u011fla Dat\u00e7a\u2019daki Dalyan Do\u011fa Koruma Merkezi\u2019ne g\u00f6nderme karar\u0131 ald\u0131. Ancak kaplumba\u011fa ekiplerin yola \u00e7\u0131kma haz\u0131rl\u0131\u011f\u0131 s\u0131ras\u0131nda telef oldu. Kumluca \u0130l\u00e7e Emniyet M\u00fcd\u00fcrl\u00fc\u011f\u00fc ekipleri de kaplumba\u011fan\u0131n bulundu\u011fu yere gelerek tutanak tuttu. Ba\u015f\u0131ndan a\u011f\u0131r yaralanan kaplumba\u011faya s\u00fcrat teknesi pervanesinin \u00e7arpm\u0131\u015f olabilece\u011fi ya da ki\u015fi veya ki\u015filerce kesici aletle yaralanm\u0131\u015f olabilece\u011fi bildirildi.<\/p>\n","protected":false},"excerpt":{"rendered":"<p>ANTALYA&#8217;NIN KUMLUCA \u0130L\u00c7ES\u0130NDE BALIK AVLAMAK \u0130\u00c7\u0130N SAH\u0130LE G\u0130DEN VATANDA\u015e TARAFINDAN YARALI CARETTA CARETTA BULUNDU. YARALI KAPLUMBA\u011eA, TEDAV\u0130 \u0130\u00c7\u0130N DALYAN DO\u011eA KORUMA MERKEZ\u0130NE G\u00d6T\u00dcR\u00dcLMEK \u0130\u00c7\u0130N  ARACA KONULMAK \u00dcZEREYKEN TELEF OLDU. BA\u015eINDAN A\u011eIR \u015eEK\u0130LDE YARALANAN CARETTANIN B\u0130R TEKNE TARAFINDAN \u00c7ARPILMI\u015e OLAB\u0130LECE\u011e\u0130 \u0130HT\u0130MAL\u0130 \u00dcZER\u0130NDE DURULUYOR.<\/p>\n","protected":false},"author":1,"featured_media":184552,"comment_status":"closed","ping_status":"open","sticky":false,"template":"","format":"standard","meta":{"jetpack_post_was_ever_published":false,"_jetpack_newsletter_access":"","_jetpack_dont_email_post_to_subs":false,"_jetpack_newsletter_tier_id":0,"_jetpack_memberships_contains_paywalled_content":false,"_jetpack_memberships_contains_paid_content":false,"footnotes":"","jetpack_publicize_message":"","jetpack_publicize_feature_enabled":true,"jetpack_social_post_already_shared":true,"jetpack_social_options":{"image_generator_settings":{"template":"highway","default_image_id":0,"font":"","enabled":false},"version":2}},"categories":[1],"tags":[204,26539,5757,5868,774],"class_list":["post-184551","post","type-post","status-publish","format-standard","has-post-thumbnail","hentry","category-genel","tag-bulundu","tag-caretta","tag-kumluca","tag-sahilinde","tag-yarali"],"jetpack_publicize_connections":[],"jetpack_featured_media_url":"https:\/\/i0.wp.com\/www.tvturk.com\/wp-content\/uploads\/2019\/07\/kumluca-sahilinde-yarali-caretta-caretta-bulundu_20be12a.jpg?fit=1000%2C725","jetpack_sharing_enabled":true,"jetpack_shortlink":"https:\/\/wp.me\/paKIfm-M0D","_links":{"self":[{"href":"http:\/\/www.tvturk.com\/index.php\/wp-json\/wp\/v2\/posts\/184551","targetHints":{"allow":["GET"]}}],"collection":[{"href":"http:\/\/www.tvturk.com\/index.php\/wp-json\/wp\/v2\/posts"}],"about":[{"href":"http:\/\/www.tvturk.com\/index.php\/wp-json\/wp\/v2\/types\/post"}],"author":[{"embeddable":true,"href":"http:\/\/www.tvturk.com\/index.php\/wp-json\/wp\/v2\/users\/1"}],"replies":[{"embeddable":true,"href":"http:\/\/www.tvturk.com\/index.php\/wp-json\/wp\/v2\/comments?post=184551"}],"version-history":[{"count":0,"href":"http:\/\/www.tvturk.com\/index.php\/wp-json\/wp\/v2\/posts\/184551\/revisions"}],"wp:featuredmedia":[{"embeddable":true,"href":"http:\/\/www.tvturk.com\/index.php\/wp-json\/wp\/v2\/media\/184552"}],"wp:attachment":[{"href":"http:\/\/www.tvturk.com\/index.php\/wp-json\/wp\/v2\/media?parent=184551"}],"wp:term":[{"taxonomy":"category","embeddable":true,"href":"http:\/\/www.tvturk.com\/index.php\/wp-json\/wp\/v2\/categories?post=184551"},{"taxonomy":"post_tag","embeddable":true,"href":"http:\/\/www.tvturk.com\/index.php\/wp-json\/wp\/v2\/tags?post=184551"}],"curies":[{"name":"wp","href":"https:\/\/api.w.org\/{rel}","templated":true}]}}